{"id":138212,"date":"2023-07-25T09:05:42","date_gmt":"2023-07-25T12:05:42","guid":{"rendered":"https:\/\/senoticias.com.br\/se\/?p=138212"},"modified":"2023-07-25T09:10:21","modified_gmt":"2023-07-25T12:10:21","slug":"ministerio-publico-de-sergipe-empossa-novos-promotores-de-justica-substitutos-e-reforca-atuacao-no-interior-sergipano","status":"publish","type":"post","link":"https:\/\/senoticias.com.br\/se\/ministerio-publico-de-sergipe-empossa-novos-promotores-de-justica-substitutos-e-reforca-atuacao-no-interior-sergipano\/","title":{"rendered":"Minist\u00e9rio P\u00fablico de Sergipe empossa novos Promotores de Justi\u00e7a Substitutos e refor\u00e7a atua\u00e7\u00e3o no interior sergipano"},"content":{"rendered":"\n<p>Em um ato de fortalecimento institucional e renova\u00e7\u00e3o do compromisso com a sociedade, o Minist\u00e9rio P\u00fablico de Sergipe (MPSE) empossou, nesta segunda-feira, 24, nove novos Promotores de Justi\u00e7a Substitutos, aprovados no XXI Concurso P\u00fablico para o provimento de vagas e forma\u00e7\u00e3o de cadastro de reserva. A solenidade no Audit\u00f3rio Promotor de Justi\u00e7a Valdir de Freitas Dantas, no Edif\u00edcio-Sede do MPSE, reuniu membros e servidores da institui\u00e7\u00e3o, familiares dos empossados e autoridades.<\/p>\n\n\n\n<p>Em uma manh\u00e3 simbolizada pelo esp\u00edrito p\u00fablico coletivo e pelos sentimentos de unidade e compromisso institucional, os novos membros fizeram o juramento e foram empossados pelo Procurador-Geral de Justi\u00e7a, Manoel Cabral Machado Neto. Passam a integrar o quadro do MPSE os Promotores de Justi\u00e7a Substitutos L\u00edvia Barreto Canoves, Rodrigo Curvelo da Silva, Isabel Christina Prazeres Rodrigues, Maur\u00edcio Schibuola de Carvalho, Glademir Gon\u00e7alves de Fran\u00e7a Filho, Lucas Ramos Carvalho, Gabriel Artime Suzart de Freitas, Gabriel Paraizo Dantas Braz e Victor Figueiredo Sotero.<\/p>\n\n\n\n<figure class=\"wp-block-image size-large\"><img loading=\"lazy\" decoding=\"async\" width=\"599\" height=\"399\" src=\"https:\/\/senoticias.com.br\/se\/wp-content\/uploads\/2023\/07\/Novos-promotores-SE-Noticias-2.jpg\" alt=\"\" class=\"wp-image-138213\" srcset=\"https:\/\/senoticias.com.br\/se\/wp-content\/uploads\/2023\/07\/Novos-promotores-SE-Noticias-2.jpg 599w, https:\/\/senoticias.com.br\/se\/wp-content\/uploads\/2023\/07\/Novos-promotores-SE-Noticias-2-300x200.jpg 300w, https:\/\/senoticias.com.br\/se\/wp-content\/uploads\/2023\/07\/Novos-promotores-SE-Noticias-2-90x60.jpg 90w, https:\/\/senoticias.com.br\/se\/wp-content\/uploads\/2023\/07\/Novos-promotores-SE-Noticias-2-180x120.jpg 180w, https:\/\/senoticias.com.br\/se\/wp-content\/uploads\/2023\/07\/Novos-promotores-SE-Noticias-2-95x64.jpg 95w\" sizes=\"(max-width: 599px) 100vw, 599px\" \/><figcaption>MPSE empossa novos Promotores de Justi\u00e7a Substitutos &#8211; Foto: Alisson Mota\/ascom\/MPSE &#8211; Alisson Mota<\/figcaption><\/figure>\n\n\n\n<p>O PGJ deu as boas-vindas aos novos integrantes e enalteceu o refor\u00e7o institucional. \u201cHoje celebramos a coragem daqueles que se comprometem com o dever de tornar nossa sociedade mais justa e \u00edntegra, atrav\u00e9s da atua\u00e7\u00e3o como Promotores de Justi\u00e7a. A responsabilidade desses novos profissionais \u00e9 imensa, mas confio plenamente em suas capacidades e no esp\u00edrito de dedica\u00e7\u00e3o que os trouxe at\u00e9 aqui, em um concurso desafiador e exigente. Essa chegada n\u00e3o apenas fortalece a atua\u00e7\u00e3o do MP em nossa capital, mas tamb\u00e9m representa um marco importante para o interior do estado, pois sabemos que as demandas e desafios em cada regi\u00e3o s\u00e3o \u00fanicos e merecem uma aten\u00e7\u00e3o especializada. Com essa amplia\u00e7\u00e3o de nossas fileiras, estou certo de que poderemos estender nossa miss\u00e3o de justi\u00e7a, garantindo uma atua\u00e7\u00e3o cada vez mais abrangente e eficiente\u201d, avaliou Machado Neto.<\/p>\n\n\n\n<p>Durante a solenidade, os Promotores de Justi\u00e7a receberam do Secret\u00e1rio-Geral do MPSE, Et\u00e9lio de Carvalho Prado Junior, suas carteiras funcionais e os broches da institui\u00e7\u00e3o \u2013 em ato simb\u00f3lico de in\u00edcio da trajet\u00f3ria profissional como Promotor de Justi\u00e7a.<\/p>\n\n\n\n<p>O Presidente da Associa\u00e7\u00e3o Sergipana do Minist\u00e9rio P\u00fablico (ASMP), o Promotor de Justi\u00e7a Luis Fausto Dias de Valois Santos, fez um discurso de recep\u00e7\u00e3o aos novos membros do MPSE. \u201cHoje \u00e9 um dia de celebra\u00e7\u00e3o e de felicidade. \u00c9 preciso enaltecer a abertura de portas do PGJ Manoel Cabral Machado Neto para este concurso, realizado cumprindo todos os crit\u00e9rios necess\u00e1rios e importantes para a diversidade. A ASMP recebe voc\u00eas de bra\u00e7os abertos e ficando \u00e0 disposi\u00e7\u00e3o 24h por dia\u201d, frisou.<\/p>\n\n\n\n<p>Representando os empossados, a Promotora de Justi\u00e7a Substituta L\u00edvia Barreto Canoves destacou o novo desafio com o estandarte do Minist\u00e9rio P\u00fablico. \u201cEsse \u00e9 um momento plural. \u00c9 um ato de posse de mulheres, homens, pessoas negras e pessoas com defici\u00eancia, que passam a ocupar esse espa\u00e7o de poder e de responsabilidade social que \u00e9 fazer parte do Minist\u00e9rio P\u00fablico. Nossa miss\u00e3o \u00e9 servir \u00e0 popula\u00e7\u00e3o e \u00e0 sociedade sergipana, atuando dentro da legalidade e dos limites constitucionais, a fim de promover uma transforma\u00e7\u00e3o social\u201d, afirmou.<\/p>\n\n\n\n<blockquote class=\"wp-block-quote is-layout-flow wp-block-quote-is-layout-flow\"><p><strong>Concurso hist\u00f3rico<\/strong><\/p><\/blockquote>\n\n\n\n<p>Realizado em seis etapas, o XXI Concurso P\u00fablico para o provimento de vagas e forma\u00e7\u00e3o de cadastro de reserva para o cargo de Promotor de Justi\u00e7a Substituto n\u00e3o s\u00f3 se destacou pelo alto n\u00edvel t\u00e9cnico, mas tamb\u00e9m por assegurar a implementa\u00e7\u00e3o da pol\u00edtica de cotas raciais, conforme a orienta\u00e7\u00e3o do Conselho Nacional do Minist\u00e9rio P\u00fablico (CNMP) \u2013 sendo o primeiro concurso p\u00fablico no MPSE com uma comiss\u00e3o de heteroidentifica\u00e7\u00e3o.<\/p>\n\n\n\n<p>\u201cEssa iniciativa representa o comprometimento do Minist\u00e9rio P\u00fablico de Sergipe com a diversidade e a representatividade dentro de nossa institui\u00e7\u00e3o. Essa iniciativa reflete o firme prop\u00f3sito de construir uma sociedade mais inclusiva e justa, garantindo oportunidades iguais a todos os cidad\u00e3os, independentemente de sua origem, ra\u00e7a ou etnia. Temos a convic\u00e7\u00e3o de que a diversidade \u00e9 uma riqueza que fortalece nossa atua\u00e7\u00e3o, permitindo uma compreens\u00e3o mais ampla dos problemas enfrentados pela sociedade e possibilitando solu\u00e7\u00f5es mais efetivas e adequadas\u201d, registrou o PGJ Machado Neto.<\/p>\n\n\n\n<p>O resultado final foi homologado no \u00faltimo dia 14 de julho, com a primeira convoca\u00e7\u00e3o de aprovados no dia 17 de julho.<\/p>\n\n\n\n<p><em><strong>Acompanhe tamb\u00e9m o SE Not\u00edcias no\u00a0<a rel=\"noreferrer noopener\" href=\"https:\/\/twitter.com\/Senoticias\" target=\"_blank\">Twitter<\/a>,\u00a0<a rel=\"noreferrer noopener\" href=\"https:\/\/www.facebook.com\/senoticias1\" target=\"_blank\">Facebook<\/a>\u00a0e no\u00a0<a rel=\"noreferrer noopener\" href=\"https:\/\/www.instagram.com\/senoticias\/\" target=\"_blank\">Instagram<\/a><\/strong><\/em><\/p>\n\n\n\n<p>N\u00facleo de Comunica\u00e7\u00e3o<br>Minist\u00e9rio P\u00fablico de Sergipe<\/p>\n","protected":false},"excerpt":{"rendered":"<p>Em um ato de fortalecimento institucional e renova\u00e7\u00e3o do compromisso com a sociedade, o Minist\u00e9rio P\u00fablico de Sergipe (MPSE) empossou, nesta segunda-feira, 24, nove novos Promotores de Justi\u00e7a Substitutos, aprovados no XXI Concurso P\u00fablico para o provimento de vagas e forma\u00e7\u00e3o de cadastro de reserva. A solenidade no Audit\u00f3rio Promotor de Justi\u00e7a Valdir de Freitas [&hellip;]<\/p>\n","protected":false},"author":6557,"featured_media":0,"comment_status":"closed","ping_status":"closed","sticky":false,"template":"","format":"standard","meta":{"footnotes":""},"categories":[15,6,1],"tags":[2911,39523,11003],"class_list":{"0":"post-138212","1":"post","2":"type-post","3":"status-publish","4":"format-standard","6":"category-destaques","7":"category-politica","8":"category-sem-categoria","9":"tag-ministerio-publico-de-sergipe","10":"tag-novos-promotores-de-justica","11":"tag-promotores-de-justica"},"_links":{"self":[{"href":"https:\/\/senoticias.com.br\/se\/wp-json\/wp\/v2\/posts\/138212"}],"collection":[{"href":"https:\/\/senoticias.com.br\/se\/wp-json\/wp\/v2\/posts"}],"about":[{"href":"https:\/\/senoticias.com.br\/se\/wp-json\/wp\/v2\/types\/post"}],"author":[{"embeddable":true,"href":"https:\/\/senoticias.com.br\/se\/wp-json\/wp\/v2\/users\/6557"}],"replies":[{"embeddable":true,"href":"https:\/\/senoticias.com.br\/se\/wp-json\/wp\/v2\/comments?post=138212"}],"version-history":[{"count":0,"href":"https:\/\/senoticias.com.br\/se\/wp-json\/wp\/v2\/posts\/138212\/revisions"}],"wp:attachment":[{"href":"https:\/\/senoticias.com.br\/se\/wp-json\/wp\/v2\/media?parent=138212"}],"wp:term":[{"taxonomy":"category","embeddable":true,"href":"https:\/\/senoticias.com.br\/se\/wp-json\/wp\/v2\/categories?post=138212"},{"taxonomy":"post_tag","embeddable":true,"href":"https:\/\/senoticias.com.br\/se\/wp-json\/wp\/v2\/tags?post=138212"}],"curies":[{"name":"wp","href":"https:\/\/api.w.org\/{rel}","templated":true}]}}