{"id":138184,"date":"2023-05-31T06:29:43","date_gmt":"2023-05-31T09:29:43","guid":{"rendered":"https:\/\/senoticias.com.br\/se\/?p=138184"},"modified":"2023-07-24T06:35:39","modified_gmt":"2023-07-24T09:35:39","slug":"governo-assina-ordens-de-servicos-atraves-da-deso-para-ampliar-o-abastecimento-de-porto-da-folha-e-regiao","status":"publish","type":"post","link":"https:\/\/senoticias.com.br\/se\/governo-assina-ordens-de-servicos-atraves-da-deso-para-ampliar-o-abastecimento-de-porto-da-folha-e-regiao\/","title":{"rendered":"Governo assina ordens de servi\u00e7os, atrav\u00e9s da Deso, para ampliar o abastecimento de Porto da Folha e regi\u00e3o"},"content":{"rendered":"\n<p><strong><em>Publieditorial<\/em><\/strong><br><br>Falou em a\u00e7\u00e3o promovida pelo Governo de Sergipe, na capital e interior do Estado, a Companhia de Saneamento de Sergipe est\u00e1 presente. Tem sido assim com o projeto \u2018Sergipe \u00e9 Aqui\u2019, que aconteceu na sua 3\u00aa edi\u00e7\u00e3o, nesta sexta-feira, 14, desta vez, no munic\u00edpio de Porto da Folha. O evento \u00e9 itinerante e tem levado \u00e0 popula\u00e7\u00e3o dos munic\u00edpios servi\u00e7os p\u00fablicos ofertados pelas diversas secretarias e \u00f3rg\u00e3os da administra\u00e7\u00e3o.<\/p>\n\n\n\n<figure class=\"wp-block-image size-large\"><img loading=\"lazy\" decoding=\"async\" width=\"596\" height=\"260\" src=\"https:\/\/senoticias.com.br\/se\/wp-content\/uploads\/2023\/07\/Deso-sergipe-e-aqui-SE-Noticias.jpg\" alt=\"\" class=\"wp-image-138185\" srcset=\"https:\/\/senoticias.com.br\/se\/wp-content\/uploads\/2023\/07\/Deso-sergipe-e-aqui-SE-Noticias.jpg 596w, https:\/\/senoticias.com.br\/se\/wp-content\/uploads\/2023\/07\/Deso-sergipe-e-aqui-SE-Noticias-300x131.jpg 300w\" sizes=\"(max-width: 596px) 100vw, 596px\" \/><figcaption>Ato que beneficiar\u00e1 mais de 223 mil habitantes, ocorreu durante o projeto \u201cSergipe \u00e9 Aqui\u201d, no munic\u00edpio &#8211; Foto: ascom\/Deso<\/figcaption><\/figure>\n\n\n\n<p>Durante a solenidade, o&nbsp;Governo do Estado&nbsp;parabenizou&nbsp;toda a equipe da Deso que em pouco tempo de gest\u00e3o est\u00e1 mostrando parceria e ajudando o povo do sert\u00e3o, que tem em sua maior demanda a \u00e1gua.&nbsp;J\u00e1 a presid\u00eancia da Deso, afirmou que o&nbsp;momento \u00e9 de grande import\u00e2ncia e reflete na proposta de gest\u00e3o que j\u00e1 est\u00e1 sendo vivenciada, atrav\u00e9s do Governo. O intuito \u00e9 de modernizar e trazer in\u00fameras melhorias para toda a popula\u00e7\u00e3o.&nbsp;Com a&nbsp;oficializa\u00e7\u00e3o das assinaturas de ordem de servi\u00e7o,&nbsp;o intuito \u00e9&nbsp;a seguran\u00e7a h\u00eddrica n\u00e3o s\u00f3 para Porto da Folha e regi\u00e3o, mas para todo usu\u00e1rio da Deso.<\/p>\n\n\n\n<p><strong>ORDENS DE SERVI\u00c7OS e DOA\u00c7\u00c3O<\/strong><\/p>\n\n\n\n<p>Na ocasi\u00e3o, foram assinadas as ordens de servi\u00e7os para a Amplia\u00e7\u00e3o do Sistema Integrado Alto-Sert\u00e3o, que objetiva concluir as travessias de trechos de Adutoras, montagens el\u00e9tricas e hidromec\u00e2nica dos reservat\u00f3rios, e Esta\u00e7\u00f5es Elevat\u00f3rias,&nbsp;beneficiar\u00e1 mais de 223 mil habitantes.&nbsp;Assim como, uma ordem de servi\u00e7o para a aquisi\u00e7\u00e3o e montagem de uma Esta\u00e7\u00e3o de Tratamento de \u00c1gua, no Sistema Integrado da Adutora do Semi\u00e1rido, em Porto da Folha, que tamb\u00e9m beneficiar\u00e1 Nossa Senhora da Gl\u00f3ria, Nossa Senhora Aparecida, S\u00e3o Miguel do Aleixo, Ribeir\u00f3polis, Moita Bonita, Frei Paulo, Pinh\u00e3o, Pedra Mole, Carira e Sim\u00e3o Dias,&nbsp;beneficiar\u00e1 mais de 196 mil habitantes.<\/p>\n\n\n\n<p>Foi assinado tamb\u00e9m, a doa\u00e7\u00e3o de 10 mil metros de tubula\u00e7\u00e3o, para ampliar o abastecimento de \u00e1gua para aproximadamente 10.000 pessoas, moradoras das localidades: Serra da Cal,&nbsp;Miguelzinho do Alto, Linda Fran\u00e7a, Alto do Vincano e&nbsp;Estado, no munic\u00edpio de Porto da Folha.<\/p>\n\n\n\n<p><strong>\u201cSERGIPE \u00c9 AQUI\u201d<\/strong><br><br>A Deso levou os principais servi\u00e7os da empresa, a exemplo do &#8216;Deso M\u00f3vel&#8217;, onde \u00e9 poss\u00edvel solicitar a segunda via, o parcelamento, a an\u00e1lise de faturas, liga\u00e7\u00e3o ou religa\u00e7\u00e3o, tudo em um mesmo ambiente para maior comodidade do usu\u00e1rio, al\u00e9m do\u00a0programa &#8216;Tarifa Social&#8217;, com a possibilidade de ter at\u00e9 50% de desconto na tarifa de \u00e1gua, caso o usu\u00e1rio se enquadre nos crit\u00e9rios socioecon\u00f4micos. O programa &#8216;Saneamento Expresso&#8217; tamb\u00e9m esteve presente, com a Unidade M\u00f3vel de Educa\u00e7\u00e3o Ambiental, que \u00e9 itinerante, e possibilita levar \u00e0 popula\u00e7\u00e3o informa\u00e7\u00f5es sobre meio ambiente e saneamento, em ve\u00edculo tipo \u00f4nibus, adaptado e equipado com maquetes did\u00e1ticas e funcionais, que retratam todo o Ciclo do Saneamento.<\/p>\n\n\n\n<p>O Governo Itinerante tem como proposta percorrer todos os 75 munic\u00edpios sergipanos, descentralizando e ampliando a oferta dos servi\u00e7os p\u00fablicos \u00e0 popula\u00e7\u00e3o. A a\u00e7\u00e3o \u00e9 organizada pela Secretaria de Estado da Casa Civil (SECC). J\u00e1 foram realizadas edi\u00e7\u00f5es nas cidades de Boquim e Propri\u00e1.\u00a0<\/p>\n\n\n\n<p><em><strong>Acompanhe tamb\u00e9m o SE Not\u00edcias no\u00a0<a rel=\"noreferrer noopener\" href=\"https:\/\/twitter.com\/Senoticias\" target=\"_blank\">Twitter<\/a>,\u00a0<a rel=\"noreferrer noopener\" href=\"https:\/\/www.facebook.com\/senoticias1\" target=\"_blank\">Facebook<\/a>\u00a0e no\u00a0<a rel=\"noreferrer noopener\" href=\"https:\/\/www.instagram.com\/senoticias\/\" target=\"_blank\">Instagram<\/a><\/strong><\/em><\/p>\n\n\n\n<p>Ascom\/Deso<\/p>\n","protected":false},"excerpt":{"rendered":"<p>Publieditorial Falou em a\u00e7\u00e3o promovida pelo Governo de Sergipe, na capital e interior do Estado, a Companhia de Saneamento de Sergipe est\u00e1 presente. Tem sido assim com o projeto \u2018Sergipe \u00e9 Aqui\u2019, que aconteceu na sua 3\u00aa edi\u00e7\u00e3o, nesta sexta-feira, 14, desta vez, no munic\u00edpio de Porto da Folha. O evento \u00e9 itinerante e tem [&hellip;]<\/p>\n","protected":false},"author":6557,"featured_media":0,"comment_status":"closed","ping_status":"closed","sticky":false,"template":"","format":"standard","meta":{"footnotes":""},"categories":[15,6],"tags":[39499,208,39500,39501],"class_list":{"0":"post-138184","1":"post","2":"type-post","3":"status-publish","4":"format-standard","6":"category-destaques","7":"category-politica","8":"tag-abastecimento-de-porto-da-folha","9":"tag-deso","10":"tag-ordens-de-servico","11":"tag-sergipe-e-aqui-2"},"_links":{"self":[{"href":"https:\/\/senoticias.com.br\/se\/wp-json\/wp\/v2\/posts\/138184"}],"collection":[{"href":"https:\/\/senoticias.com.br\/se\/wp-json\/wp\/v2\/posts"}],"about":[{"href":"https:\/\/senoticias.com.br\/se\/wp-json\/wp\/v2\/types\/post"}],"author":[{"embeddable":true,"href":"https:\/\/senoticias.com.br\/se\/wp-json\/wp\/v2\/users\/6557"}],"replies":[{"embeddable":true,"href":"https:\/\/senoticias.com.br\/se\/wp-json\/wp\/v2\/comments?post=138184"}],"version-history":[{"count":0,"href":"https:\/\/senoticias.com.br\/se\/wp-json\/wp\/v2\/posts\/138184\/revisions"}],"wp:attachment":[{"href":"https:\/\/senoticias.com.br\/se\/wp-json\/wp\/v2\/media?parent=138184"}],"wp:term":[{"taxonomy":"category","embeddable":true,"href":"https:\/\/senoticias.com.br\/se\/wp-json\/wp\/v2\/categories?post=138184"},{"taxonomy":"post_tag","embeddable":true,"href":"https:\/\/senoticias.com.br\/se\/wp-json\/wp\/v2\/tags?post=138184"}],"curies":[{"name":"wp","href":"https:\/\/api.w.org\/{rel}","templated":true}]}}