{"id":138162,"date":"2023-07-22T19:34:03","date_gmt":"2023-07-22T22:34:03","guid":{"rendered":"https:\/\/senoticias.com.br\/se\/?p=138162"},"modified":"2023-07-22T20:18:43","modified_gmt":"2023-07-22T23:18:43","slug":"prefeito-edvaldo-participa-de-lancamento-do-programa-opera-sergipe","status":"publish","type":"post","link":"https:\/\/senoticias.com.br\/se\/prefeito-edvaldo-participa-de-lancamento-do-programa-opera-sergipe\/","title":{"rendered":"Prefeito Edvaldo participa de lan\u00e7amento do programa Opera Sergipe"},"content":{"rendered":"\n<p>O prefeito Edvaldo Nogueira participou, na manh\u00e3 deste s\u00e1bado, 22, do lan\u00e7amento do programa Opera Sergipe. Idealizada pelo governo estadual, a iniciativa visa ampliar a oferta de cirurgias para os usu\u00e1rios do sistema de sa\u00fade, reduzindo o tempo de espera para os procedimentos de m\u00e9dia e alta complexidade. Nesta primeira fase do programa, ser\u00e3o realizadas 10 mil cirurgias de diversas especialidades. Ser\u00e3o investidos quase R$ 57 milh\u00f5es na a\u00e7\u00e3o, que contemplar\u00e1 os 75 munic\u00edpios sergipanos.<\/p>\n\n\n\n<figure class=\"wp-block-image size-large\"><img loading=\"lazy\" decoding=\"async\" width=\"599\" height=\"399\" src=\"https:\/\/senoticias.com.br\/se\/wp-content\/uploads\/2023\/07\/000_4444.jpeg\" alt=\"\" class=\"wp-image-138163\" srcset=\"https:\/\/senoticias.com.br\/se\/wp-content\/uploads\/2023\/07\/000_4444.jpeg 599w, https:\/\/senoticias.com.br\/se\/wp-content\/uploads\/2023\/07\/000_4444-300x200.jpeg 300w, https:\/\/senoticias.com.br\/se\/wp-content\/uploads\/2023\/07\/000_4444-90x60.jpeg 90w, https:\/\/senoticias.com.br\/se\/wp-content\/uploads\/2023\/07\/000_4444-180x120.jpeg 180w, https:\/\/senoticias.com.br\/se\/wp-content\/uploads\/2023\/07\/000_4444-95x64.jpeg 95w\" sizes=\"(max-width: 599px) 100vw, 599px\" \/><figcaption>Edvaldo participa de lan\u00e7amento do programa Opera Sergipe &#8211; Foto: Arthur DAvila\/PMA<\/figcaption><\/figure>\n\n\n\n<p>\u201cEste \u00e9 um lan\u00e7amento muito importante e que contribuir\u00e1 para desafogar, significativamente, a sa\u00fade estadual, com a realiza\u00e7\u00e3o de procedimentos que ficaram represados, sobretudo, por causa da pandemia do novo coronav\u00edrus. Com esse mutir\u00e3o, o Governo do Estado dar\u00e1 um grande salto, possibilitando aos cidad\u00e3os que necessitam passar por procedimentos cir\u00fargicos, de m\u00e9dia e alta complexidade, a oferta de servi\u00e7os qualificados, de forma humanizada e mais r\u00e1pida. Ent\u00e3o, \u00e9 motivo de grande felicidade ver um projeto como este ganhando vida. O governador est\u00e1 de parab\u00e9ns\u201d, destacou Edvaldo.<\/p>\n\n\n\n<p>O gestor de Aracaju ressaltou tamb\u00e9m a import\u00e2ncia da iniciativa para a sa\u00fade municipal. \u201c\u00c9 um esfor\u00e7o conjunto e que reflete a parceria entre Prefeitura e Estado para assegurar que a popula\u00e7\u00e3o tenha acesso a servi\u00e7os qualificados. Mais do que oferecer procedimentos cir\u00fargicos, com o Opera Sergipe o governo estadual vai dar condi\u00e7\u00f5es para que os prefeitos possam atuar com mais tranquilidade no \u00e2mbito municipal, pois descentraliza alguns servi\u00e7os. N\u00f3s, prefeitos, que enfrentamos a pandemia, sabemos a luta que foi. Ent\u00e3o, ver o governador F\u00e1bio Mitidieri lan\u00e7ar um programa como este com seis meses de mandato, \u00e9 motivo de grande contentamento\u201d, completou Edvaldo acrescentando que \u201cF\u00e1bio demonstra o seu comprometimento e capacidade ao avan\u00e7ar em um tema como a sa\u00fade\u201d.<\/p>\n\n\n\n<p>Ao lan\u00e7ar o programa, o governador F\u00e1bio Mitidieri disse que o Opera Sergipe foi idealizado com a finalidade de \u201cacabar com o sofrimento de sergipanos que aguardam ansiosamente pelos procedimentos\u201d. \u201cEste programa vem para garantir aos sergipanos mais sa\u00fade, mais qualidade de vida, pois a partir desta semana, muitas pessoas j\u00e1 poder\u00e3o ter esse sonho realizado. Sa\u00fade \u00e9 a prioridade n\u00famero um do Governo de Sergipe que est\u00e1 comprometido em cuidar da nossa popula\u00e7\u00e3o\u201d, afirmou.<\/p>\n\n\n\n<p>De acordo com F\u00e1bio, o programa n\u00e3o ser\u00e1 uma a\u00e7\u00e3o pontual. \u201cO Opera Sergipe chegou para ficar. Ele veio para ser mais um instrumento de transforma\u00e7\u00e3o e a nossa expectativa \u00e9 iniciar a segunda fase j\u00e1 no final deste ano e, a partir da\u00ed, zerando as filas de procedimentos, vamos ampliando para outras especialidades. Vamos levar mais conforto e sa\u00fade para quem precisa e tenho certeza de que ser\u00e1 um projeto de sucesso\u201d, completou.<\/p>\n\n\n\n<p><strong>O programa<\/strong><\/p>\n\n\n\n<p>O mutir\u00e3o teve in\u00edcio j\u00e1 neste s\u00e1bado, no Centro Especializado de Reabilita\u00e7\u00e3o (CER IV) Jos\u00e9 Leonel Ferreira Aquino, onde o programa foi apresentado. Somente no primeiro dia, cerca de 2.500 pessoas foram cadastradas. A partir de segunda-feira, 24, para ter acesso ao programa, o cidad\u00e3o dever\u00e1 se dirigir a uma unidade de sa\u00fade &#8211; pr\u00f3xima a sua resid\u00eancia &#8211; ou a um hospital credenciado, quando passar\u00e1 por uma consulta. Na sequ\u00eancia, ele passar\u00e1 por uma nova consulta, com o cirurgi\u00e3o, que far\u00e1 o cadastramento do usu\u00e1rio no sistema. Com o cadastro realizado, o paciente ir\u00e1 acompanhar o processo pelo site ou aplicativo \u201cOpera Sergipe\u201d, que dever\u00e1 ser liberado em, at\u00e9, 60 dias.<\/p>\n\n\n\n<p>As cirurgias eletivas ser\u00e3o realizadas nos hospitais Senhor dos Passos (em S\u00e3o Crist\u00f3v\u00e3o), Nossa Senhora da Concei\u00e7\u00e3o (em Lagarto), e Amparo de Maria (em Est\u00e2ncia). Na primeira fase, ser\u00e3o realizados os procedimentos de m\u00e9dia complexidade. Entre as especialidades est\u00e3o histerectomia total; colecistectomia; postectomia; histerectomia por via vaginal; corre\u00e7\u00e3o cir\u00fargica de hidrocele; hernioplastia incisional; hernioplastia umbilical; hemorroidectomia; e laqueadura tub\u00e1ria.<\/p>\n\n\n\n<p>\u201cEstamos dando o pontap\u00e9 inicial no programa, ofertando cirurgias para 15 procedimentos que s\u00e3o prevalentes na nossa popula\u00e7\u00e3o como cirurgia de h\u00e9rnia, de ves\u00edcula, cirurgias ginecol\u00f3gicas, ent\u00e3o, \u00e9 uma gama de procedimentos de m\u00e9dia complexidade para este primeiro momento. A ideia \u00e9 que, no desenvolver do programa, conforme formos conduzindo, ajustando o que for preciso ser ajustado, fa\u00e7amos uma amplia\u00e7\u00e3o para atender, tamb\u00e9m, as cirurgias de alta complexidade que demandam bastante. Estamos tendo a oportunidade de, junto com os trabalhadores da sa\u00fade, devolver a qualidade de vida para o usu\u00e1rio do Sistema \u00danico de Sa\u00fade\u201d, detalhou o secret\u00e1rio de Estado da Sa\u00fade, Walter Pinheiro.<\/p>\n\n\n\n<p><em><strong>Acompanhe tamb\u00e9m o SE Not\u00edcias no\u00a0<a rel=\"noreferrer noopener\" href=\"https:\/\/twitter.com\/Senoticias\" target=\"_blank\">Twitter<\/a>,\u00a0<a rel=\"noreferrer noopener\" href=\"https:\/\/www.facebook.com\/senoticias1\" target=\"_blank\">Facebook<\/a>\u00a0e no\u00a0<a rel=\"noreferrer noopener\" href=\"https:\/\/www.instagram.com\/senoticias\/\" target=\"_blank\">Instagram<\/a><\/strong><\/em><\/p>\n\n\n\n<p>Fonte: AAN<\/p>\n","protected":false},"excerpt":{"rendered":"<p>O prefeito Edvaldo Nogueira participou, na manh\u00e3 deste s\u00e1bado, 22, do lan\u00e7amento do programa Opera Sergipe. Idealizada pelo governo estadual, a iniciativa visa ampliar a oferta de cirurgias para os usu\u00e1rios do sistema de sa\u00fade, reduzindo o tempo de espera para os procedimentos de m\u00e9dia e alta complexidade. Nesta primeira fase do programa, ser\u00e3o realizadas [&hellip;]<\/p>\n","protected":false},"author":6557,"featured_media":0,"comment_status":"closed","ping_status":"closed","sticky":false,"template":"","format":"standard","meta":{"footnotes":""},"categories":[15,6,1],"tags":[698,5167,39482],"class_list":{"0":"post-138162","1":"post","2":"type-post","3":"status-publish","4":"format-standard","6":"category-destaques","7":"category-politica","8":"category-sem-categoria","9":"tag-edvaldo-nogueira","10":"tag-prefeito-edvaldo","11":"tag-programa-opera-sergipe"},"_links":{"self":[{"href":"https:\/\/senoticias.com.br\/se\/wp-json\/wp\/v2\/posts\/138162"}],"collection":[{"href":"https:\/\/senoticias.com.br\/se\/wp-json\/wp\/v2\/posts"}],"about":[{"href":"https:\/\/senoticias.com.br\/se\/wp-json\/wp\/v2\/types\/post"}],"author":[{"embeddable":true,"href":"https:\/\/senoticias.com.br\/se\/wp-json\/wp\/v2\/users\/6557"}],"replies":[{"embeddable":true,"href":"https:\/\/senoticias.com.br\/se\/wp-json\/wp\/v2\/comments?post=138162"}],"version-history":[{"count":0,"href":"https:\/\/senoticias.com.br\/se\/wp-json\/wp\/v2\/posts\/138162\/revisions"}],"wp:attachment":[{"href":"https:\/\/senoticias.com.br\/se\/wp-json\/wp\/v2\/media?parent=138162"}],"wp:term":[{"taxonomy":"category","embeddable":true,"href":"https:\/\/senoticias.com.br\/se\/wp-json\/wp\/v2\/categories?post=138162"},{"taxonomy":"post_tag","embeddable":true,"href":"https:\/\/senoticias.com.br\/se\/wp-json\/wp\/v2\/tags?post=138162"}],"curies":[{"name":"wp","href":"https:\/\/api.w.org\/{rel}","templated":true}]}}