{"id":138160,"date":"2023-07-22T17:27:43","date_gmt":"2023-07-22T20:27:43","guid":{"rendered":"https:\/\/senoticias.com.br\/se\/?p=138160"},"modified":"2023-07-22T17:41:23","modified_gmt":"2023-07-22T20:41:23","slug":"crianca-de-nove-anos-morre-apos-colisao-de-motocicleta-em-muro","status":"publish","type":"post","link":"https:\/\/senoticias.com.br\/se\/crianca-de-nove-anos-morre-apos-colisao-de-motocicleta-em-muro\/","title":{"rendered":"Crian\u00e7a de nove anos morre ap\u00f3s colis\u00e3o de motocicleta em muro"},"content":{"rendered":"\n<p>Uma crian\u00e7a de nove anos morreu no final da tarde desta sexta-feira, 21, ap\u00f3s a motocicleta que ele estava colidir contra um muro no munic\u00edpio de Campo do Brito, distante 70 Km de Aracaju.<\/p>\n\n\n\n<p>Segundo as informa\u00e7\u00f5es, confirmadas pela Pol\u00edcia Militar, tr\u00eas pessoas estavam em uma motocicleta quando colidiram em um muro. Eles foram socorridas e encaminhadas ao Hospital Regional de Itabaiana, infelizmente, Pedro Francisco Nonato n\u00e3o resistiu. <strong>Segundo a Pol\u00edcia Militar, a v\u00edtima n\u00e3o usava capacete.<\/strong><\/p>\n\n\n\n<figure class=\"wp-block-image size-large\"><img loading=\"lazy\" decoding=\"async\" width=\"527\" height=\"1000\" src=\"https:\/\/senoticias.com.br\/se\/wp-content\/uploads\/2023\/07\/Crianca-morre-se-noticias.jpg\" alt=\"\" class=\"wp-image-138161\" srcset=\"https:\/\/senoticias.com.br\/se\/wp-content\/uploads\/2023\/07\/Crianca-morre-se-noticias.jpg 527w, https:\/\/senoticias.com.br\/se\/wp-content\/uploads\/2023\/07\/Crianca-morre-se-noticias-158x300.jpg 158w\" sizes=\"(max-width: 527px) 100vw, 527px\" \/><figcaption>Segundo a fam\u00edlia, tr\u00eas menores estavam na motocicleta &#8211; Foto: arquivo\/fam\u00edlia<\/figcaption><\/figure>\n\n\n\n<p>Segundo moradores da regi\u00e3o, \u00e9 comum que motociclistas e garupas transitem na regi\u00e3o sem o uso do capacete. A Pol\u00edcia Civil n\u00e3o sabe quem era o condutor da motocicleta.<\/p>\n\n\n\n<p>As outras duas pessoas, do sexo masculino, tamb\u00e9m s\u00e3o menores, foram internadas, mas n\u00e3o correm risco de morte. <\/p>\n\n\n\n<p><em><strong>Acompanhe tamb\u00e9m o SE Not\u00edcias no\u00a0<a rel=\"noreferrer noopener\" href=\"https:\/\/twitter.com\/Senoticias\" target=\"_blank\">Twitter<\/a>,\u00a0<a rel=\"noreferrer noopener\" href=\"https:\/\/www.facebook.com\/senoticias1\" target=\"_blank\">Facebook<\/a>\u00a0e no\u00a0<a rel=\"noreferrer noopener\" href=\"https:\/\/www.instagram.com\/senoticias\/\" target=\"_blank\">Instagram<\/a><\/strong><\/em><\/p>\n\n\n\n<p>Com informa\u00e7\u00f5es do g1 SE<\/p>\n","protected":false},"excerpt":{"rendered":"<p>Uma crian\u00e7a de nove anos morreu no final da tarde desta sexta-feira, 21, ap\u00f3s a motocicleta que ele estava colidir contra um muro no munic\u00edpio de Campo do Brito, distante 70 Km de Aracaju. Segundo as informa\u00e7\u00f5es, confirmadas pela Pol\u00edcia Militar, tr\u00eas pessoas estavam em uma motocicleta quando colidiram em um muro. Eles foram socorridas [&hellip;]<\/p>\n","protected":false},"author":6557,"featured_media":0,"comment_status":"closed","ping_status":"closed","sticky":false,"template":"","format":"standard","meta":{"footnotes":""},"categories":[15,7],"tags":[4203,6001,10067,39481],"class_list":{"0":"post-138160","1":"post","2":"type-post","3":"status-publish","4":"format-standard","6":"category-destaques","7":"category-policia","8":"tag-acidente-de-transito","9":"tag-campo-do-brito","10":"tag-crianca-morre","11":"tag-sem-capacete"},"_links":{"self":[{"href":"https:\/\/senoticias.com.br\/se\/wp-json\/wp\/v2\/posts\/138160"}],"collection":[{"href":"https:\/\/senoticias.com.br\/se\/wp-json\/wp\/v2\/posts"}],"about":[{"href":"https:\/\/senoticias.com.br\/se\/wp-json\/wp\/v2\/types\/post"}],"author":[{"embeddable":true,"href":"https:\/\/senoticias.com.br\/se\/wp-json\/wp\/v2\/users\/6557"}],"replies":[{"embeddable":true,"href":"https:\/\/senoticias.com.br\/se\/wp-json\/wp\/v2\/comments?post=138160"}],"version-history":[{"count":0,"href":"https:\/\/senoticias.com.br\/se\/wp-json\/wp\/v2\/posts\/138160\/revisions"}],"wp:attachment":[{"href":"https:\/\/senoticias.com.br\/se\/wp-json\/wp\/v2\/media?parent=138160"}],"wp:term":[{"taxonomy":"category","embeddable":true,"href":"https:\/\/senoticias.com.br\/se\/wp-json\/wp\/v2\/categories?post=138160"},{"taxonomy":"post_tag","embeddable":true,"href":"https:\/\/senoticias.com.br\/se\/wp-json\/wp\/v2\/tags?post=138160"}],"curies":[{"name":"wp","href":"https:\/\/api.w.org\/{rel}","templated":true}]}}