{"id":138158,"date":"2023-07-21T19:37:53","date_gmt":"2023-07-21T22:37:53","guid":{"rendered":"https:\/\/senoticias.com.br\/se\/?p=138158"},"modified":"2023-07-22T19:27:40","modified_gmt":"2023-07-22T22:27:40","slug":"policia-apreende-cerca-de-uma-tonelada-de-maconha-apos-motorista-furar-bloqueio-e-se-envolver-em-acidente-em-laranjeiras","status":"publish","type":"post","link":"https:\/\/senoticias.com.br\/se\/policia-apreende-cerca-de-uma-tonelada-de-maconha-apos-motorista-furar-bloqueio-e-se-envolver-em-acidente-em-laranjeiras\/","title":{"rendered":"Pol\u00edcia apreende cerca de uma tonelada de maconha ap\u00f3s motorista furar bloqueio e se envolver em acidente em Laranjeiras"},"content":{"rendered":"\n<p>Uma carreta transportando cerca de uma tonelada de maconha foi apreendida em Sergipe pela Pol\u00edcia Militar e uma equipe da Secretaria Estadual da Fazenda. A apreens\u00e3o ocorreu, nessa sexta-feira (21), no munic\u00edpio de Laranjeiras, a cerca de 15 quil\u00f4metros de Aracaju.<\/p>\n\n\n\n<p>De acordo com a Pol\u00edcia, o motorista da carreta recebeu ordem da equipe da Fazenda para estacionar, por\u00e9m n\u00e3o obedeceu. Perseguido, o caminh\u00e3o derrapou na pista, tendo o condutor saltado e fugido, se embrenhando pelo matagal que margeia a rodovia federal.<\/p>\n\n\n\n<figure class=\"wp-block-image size-large\"><img loading=\"lazy\" decoding=\"async\" width=\"560\" height=\"252\" src=\"https:\/\/senoticias.com.br\/se\/wp-content\/uploads\/2023\/07\/Drogas-uma-tonelada-se-noticias.jpg\" alt=\"\" class=\"wp-image-138159\" srcset=\"https:\/\/senoticias.com.br\/se\/wp-content\/uploads\/2023\/07\/Drogas-uma-tonelada-se-noticias.jpg 560w, https:\/\/senoticias.com.br\/se\/wp-content\/uploads\/2023\/07\/Drogas-uma-tonelada-se-noticias-300x135.jpg 300w\" sizes=\"(max-width: 560px) 100vw, 560px\" \/><figcaption>Segundo as informa\u00e7\u00f5es, foi uma opera\u00e7\u00e3o conjunta entre a Pol\u00edcia Militar e a Secretaria da Fazenda &#8211; Foto: PMSE<\/figcaption><\/figure>\n\n\n\n<p>Ao abrir a carroceria da carreta, os policiais encontraram a grande quantidade de maconha, que foi transportada para a delegacia de Laranjeiras. A Pol\u00edcia est\u00e1 realizando buscas na tentativa de localizar e prender o motorista, para saber a proced\u00eancia da droga e qual seria o seu destino. Quem tiver informa\u00e7\u00f5es que possam ajudar na localiza\u00e7\u00e3o do suspeito, deve ligar para o Disque-Den\u00fancia 181. N\u00e3o \u00e9 preciso se identificar.<\/p>\n\n\n\n<p><em><strong>Acompanhe tamb\u00e9m o SE Not\u00edcias no\u00a0<a rel=\"noreferrer noopener\" href=\"https:\/\/twitter.com\/Senoticias\" target=\"_blank\">Twitter<\/a>,\u00a0<a rel=\"noreferrer noopener\" href=\"https:\/\/www.facebook.com\/senoticias1\" target=\"_blank\">Facebook<\/a>\u00a0e no\u00a0<a rel=\"noreferrer noopener\" href=\"https:\/\/www.instagram.com\/senoticias\/\" target=\"_blank\">Instagram<\/a><\/strong><\/em><br><br>Fonte: <strong>PM\/SE<\/strong><\/p>\n","protected":false},"excerpt":{"rendered":"<p>Uma carreta transportando cerca de uma tonelada de maconha foi apreendida em Sergipe pela Pol\u00edcia Militar e uma equipe da Secretaria Estadual da Fazenda. A apreens\u00e3o ocorreu, nessa sexta-feira (21), no munic\u00edpio de Laranjeiras, a cerca de 15 quil\u00f4metros de Aracaju. De acordo com a Pol\u00edcia, o motorista da carreta recebeu ordem da equipe da [&hellip;]<\/p>\n","protected":false},"author":6557,"featured_media":0,"comment_status":"closed","ping_status":"closed","sticky":false,"template":"","format":"standard","meta":{"footnotes":""},"categories":[15,7],"tags":[39480,138,86,34941],"class_list":{"0":"post-138158","1":"post","2":"type-post","3":"status-publish","4":"format-standard","6":"category-destaques","7":"category-policia","8":"tag-carreta-de-maconha","9":"tag-maconha-apreendida","10":"tag-policia-militar","11":"tag-uma-tonelada-de-maconha"},"_links":{"self":[{"href":"https:\/\/senoticias.com.br\/se\/wp-json\/wp\/v2\/posts\/138158"}],"collection":[{"href":"https:\/\/senoticias.com.br\/se\/wp-json\/wp\/v2\/posts"}],"about":[{"href":"https:\/\/senoticias.com.br\/se\/wp-json\/wp\/v2\/types\/post"}],"author":[{"embeddable":true,"href":"https:\/\/senoticias.com.br\/se\/wp-json\/wp\/v2\/users\/6557"}],"replies":[{"embeddable":true,"href":"https:\/\/senoticias.com.br\/se\/wp-json\/wp\/v2\/comments?post=138158"}],"version-history":[{"count":0,"href":"https:\/\/senoticias.com.br\/se\/wp-json\/wp\/v2\/posts\/138158\/revisions"}],"wp:attachment":[{"href":"https:\/\/senoticias.com.br\/se\/wp-json\/wp\/v2\/media?parent=138158"}],"wp:term":[{"taxonomy":"category","embeddable":true,"href":"https:\/\/senoticias.com.br\/se\/wp-json\/wp\/v2\/categories?post=138158"},{"taxonomy":"post_tag","embeddable":true,"href":"https:\/\/senoticias.com.br\/se\/wp-json\/wp\/v2\/tags?post=138158"}],"curies":[{"name":"wp","href":"https:\/\/api.w.org\/{rel}","templated":true}]}}