{"id":138156,"date":"2023-07-21T18:49:07","date_gmt":"2023-07-21T21:49:07","guid":{"rendered":"https:\/\/senoticias.com.br\/se\/?p=138156"},"modified":"2023-07-21T19:07:11","modified_gmt":"2023-07-21T22:07:11","slug":"empresariado-do-comercio-nao-aceita-alterar-horario-nos-jogos-da-selecao-brasileira-na-copa-do-mundo-feminina-de-futebol","status":"publish","type":"post","link":"https:\/\/senoticias.com.br\/se\/empresariado-do-comercio-nao-aceita-alterar-horario-nos-jogos-da-selecao-brasileira-na-copa-do-mundo-feminina-de-futebol\/","title":{"rendered":"Empresariado do com\u00e9rcio n\u00e3o aceita alterar hor\u00e1rio nos jogos da sele\u00e7\u00e3o brasileira na Copa do Mundo Feminina de Futebol"},"content":{"rendered":"\n<p>\u201cO fato de o setor patronal do com\u00e9rcio de Sergipe n\u00e3o permitir que os trabalhadores e as trabalhadoras possam assistir aos jogos da sele\u00e7\u00e3o brasileira na Copa do Mundo de Futebol Feminino \u00e9 lament\u00e1vel e mostra uma falta de reconhecimento e est\u00edmulo \u00e0s jogadoras da sele\u00e7\u00e3o feminina\u201d, avalia <strong>Luan Almeida, presidente do Sindicato dos Empregados no Com\u00e9rcio de Aracaju e suas Abrang\u00eancias Intermunicipais de Sergipe<\/strong>.<\/p>\n\n\n\n<figure class=\"wp-block-image size-large\"><img loading=\"lazy\" decoding=\"async\" width=\"589\" height=\"602\" src=\"https:\/\/senoticias.com.br\/se\/wp-content\/uploads\/2023\/07\/Luan-Almeida-presidente-do-Sindicato-dos-Comerciarios-SE-noticias.jpg\" alt=\"\" class=\"wp-image-138157\" srcset=\"https:\/\/senoticias.com.br\/se\/wp-content\/uploads\/2023\/07\/Luan-Almeida-presidente-do-Sindicato-dos-Comerciarios-SE-noticias.jpg 589w, https:\/\/senoticias.com.br\/se\/wp-content\/uploads\/2023\/07\/Luan-Almeida-presidente-do-Sindicato-dos-Comerciarios-SE-noticias-294x300.jpg 294w\" sizes=\"(max-width: 589px) 100vw, 589px\" \/><figcaption>Luan Almeida, presidente do Sindicato dos Trabalhadores no Com\u00e9rcio &#8211; Foto: ascom\/divulga\u00e7\u00e3o<\/figcaption><\/figure>\n\n\n\n<p>A pondera\u00e7\u00e3o do dirigente sindical se refere \u00e0 decis\u00e3o do empresariado de n\u00e3o alterar o hor\u00e1rio de funcionamento nos dias de jogos da sele\u00e7\u00e3o brasileira, como definido pelos governos Federal e do Estado de Sergipe &#8211; que decretaram ponto facultativo durante o hor\u00e1rio desses jogos -, defini\u00e7\u00e3o adotada tamb\u00e9m por \u00f3rg\u00e3os do judici\u00e1rio e parte de outras categorias.<\/p>\n\n\n\n<p>Apesar das tentativas de negocia\u00e7\u00e3o do sindicato para altera\u00e7\u00e3o do hor\u00e1rio de funcionamento do com\u00e9rcio nos dias de jogos da sele\u00e7\u00e3o feminina, o patronato se manteve irredut\u00edvel. \u201cEssa postura contrasta fortemente com o tratamento dado aos jogos de futebol masculino na Copa do Mundo, onde todos eram liberados para torcer pela sele\u00e7\u00e3o brasileira, inclusive nas depend\u00eancias do pr\u00f3prio sindicato dos trabalhadores do com\u00e9rcio\u201d, relembra.<\/p>\n\n\n\n<p>Para Luan Almeida, a disparidade de tratamento entre o futebol masculino e feminino reflete a falta de valoriza\u00e7\u00e3o do esporte praticado por mulheres no Brasil e o preconceito de g\u00eanero que persiste na sociedade.<\/p>\n\n\n\n<p>De acordo com o dirigente sindical, ao negar aos trabalhadores e \u00e0s trabalhadoras do com\u00e9rcio a possibilidade de assistir aos jogos da Copa de Futebol Feminino, o setor patronal do com\u00e9rcio de Sergipe envia uma mensagem de desest\u00edmulo ao esporte feminino e, por extens\u00e3o, contribui para a perpetua\u00e7\u00e3o da desigualdade de g\u00eanero no Brasil. \u201cIsso \u00e9 especialmente preocupante em um cen\u00e1rio em que a luta pela igualdade de oportunidades e valoriza\u00e7\u00e3o das mulheres \u00e9 uma pauta importante e urgente\u201d, pondera.<\/p>\n\n\n\n<p>\u201cEsperamos que o setor patronal do com\u00e9rcio de Sergipe reveja sua postura e reconhe\u00e7a a import\u00e2ncia de valorizar e apoiar o futebol feminino, proporcionando aos seus trabalhadores a oportunidade de participar e torcer pelas jogadoras da sele\u00e7\u00e3o brasileira\u201d, argumenta Luan Almeida.<\/p>\n\n\n\n<p><em><strong>Acompanhe tamb\u00e9m o SE Not\u00edcias no\u00a0<a rel=\"noreferrer noopener\" href=\"https:\/\/twitter.com\/Senoticias\" target=\"_blank\">Twitter<\/a>,\u00a0<a rel=\"noreferrer noopener\" href=\"https:\/\/www.facebook.com\/senoticias1\" target=\"_blank\">Facebook<\/a>\u00a0e no\u00a0<a rel=\"noreferrer noopener\" href=\"https:\/\/www.instagram.com\/senoticias\/\" target=\"_blank\">Instagram<\/a><\/strong><\/em><\/p>\n\n\n\n<p>Fonte: ascom\/divulga\u00e7\u00e3o<\/p>\n","protected":false},"excerpt":{"rendered":"<p>\u201cO fato de o setor patronal do com\u00e9rcio de Sergipe n\u00e3o permitir que os trabalhadores e as trabalhadoras possam assistir aos jogos da sele\u00e7\u00e3o brasileira na Copa do Mundo de Futebol Feminino \u00e9 lament\u00e1vel e mostra uma falta de reconhecimento e est\u00edmulo \u00e0s jogadoras da sele\u00e7\u00e3o feminina\u201d, avalia Luan Almeida, presidente do Sindicato dos Empregados [&hellip;]<\/p>\n","protected":false},"author":6557,"featured_media":0,"comment_status":"closed","ping_status":"closed","sticky":false,"template":"","format":"standard","meta":{"footnotes":""},"categories":[15,6],"tags":[39478,39479],"class_list":{"0":"post-138156","1":"post","2":"type-post","3":"status-publish","4":"format-standard","6":"category-destaques","7":"category-politica","8":"tag-luan-almeida","9":"tag-trabalhadores-no-comercio"},"_links":{"self":[{"href":"https:\/\/senoticias.com.br\/se\/wp-json\/wp\/v2\/posts\/138156"}],"collection":[{"href":"https:\/\/senoticias.com.br\/se\/wp-json\/wp\/v2\/posts"}],"about":[{"href":"https:\/\/senoticias.com.br\/se\/wp-json\/wp\/v2\/types\/post"}],"author":[{"embeddable":true,"href":"https:\/\/senoticias.com.br\/se\/wp-json\/wp\/v2\/users\/6557"}],"replies":[{"embeddable":true,"href":"https:\/\/senoticias.com.br\/se\/wp-json\/wp\/v2\/comments?post=138156"}],"version-history":[{"count":0,"href":"https:\/\/senoticias.com.br\/se\/wp-json\/wp\/v2\/posts\/138156\/revisions"}],"wp:attachment":[{"href":"https:\/\/senoticias.com.br\/se\/wp-json\/wp\/v2\/media?parent=138156"}],"wp:term":[{"taxonomy":"category","embeddable":true,"href":"https:\/\/senoticias.com.br\/se\/wp-json\/wp\/v2\/categories?post=138156"},{"taxonomy":"post_tag","embeddable":true,"href":"https:\/\/senoticias.com.br\/se\/wp-json\/wp\/v2\/tags?post=138156"}],"curies":[{"name":"wp","href":"https:\/\/api.w.org\/{rel}","templated":true}]}}