{"id":138154,"date":"2023-07-21T18:05:52","date_gmt":"2023-07-21T21:05:52","guid":{"rendered":"https:\/\/senoticias.com.br\/se\/?p=138154"},"modified":"2023-07-21T18:26:05","modified_gmt":"2023-07-21T21:26:05","slug":"presidente-ivan-sobral-e-homenageado-pela-camara-municipal-de-itabaiana-pela-realizacao-do-sealba-show","status":"publish","type":"post","link":"https:\/\/senoticias.com.br\/se\/presidente-ivan-sobral-e-homenageado-pela-camara-municipal-de-itabaiana-pela-realizacao-do-sealba-show\/","title":{"rendered":"Presidente Ivan Sobral \u00e9 homenageado pela C\u00e2mara Municipal de Itabaiana pela realiza\u00e7\u00e3o do Sealba Show"},"content":{"rendered":"\n<p>O presidente da Federa\u00e7\u00e3o da Agricultura e Pecu\u00e1ria de Sergipe (Faese), Ivan Sobral, recebeu Mo\u00e7\u00e3o de Aplausos aprovada por unanimidade pela C\u00e2mara Municipal de Vereadores de Itabaiana, por conta da realiza\u00e7\u00e3o e organiza\u00e7\u00e3o do Sealba Show no munic\u00edpio. A entrega aconteceu na noite dessa quinta-feira (21), na sede do Parlamento Municipal, durante a cerim\u00f4nia de lan\u00e7amento do programa Agro 360, que re\u00fane um conjunto de a\u00e7\u00f5es voltadas ao produtor rural.<\/p>\n\n\n\n<figure class=\"wp-block-image size-large\"><img loading=\"lazy\" decoding=\"async\" width=\"599\" height=\"406\" src=\"https:\/\/senoticias.com.br\/se\/wp-content\/uploads\/2023\/07\/Ivan-Sobral-recebe-homenagem-na-Camara-de-Itabaian-SE-Noticias.jpeg\" alt=\"\" class=\"wp-image-138155\" srcset=\"https:\/\/senoticias.com.br\/se\/wp-content\/uploads\/2023\/07\/Ivan-Sobral-recebe-homenagem-na-Camara-de-Itabaian-SE-Noticias.jpeg 599w, https:\/\/senoticias.com.br\/se\/wp-content\/uploads\/2023\/07\/Ivan-Sobral-recebe-homenagem-na-Camara-de-Itabaian-SE-Noticias-300x203.jpeg 300w, https:\/\/senoticias.com.br\/se\/wp-content\/uploads\/2023\/07\/Ivan-Sobral-recebe-homenagem-na-Camara-de-Itabaian-SE-Noticias-90x60.jpeg 90w, https:\/\/senoticias.com.br\/se\/wp-content\/uploads\/2023\/07\/Ivan-Sobral-recebe-homenagem-na-Camara-de-Itabaian-SE-Noticias-95x64.jpeg 95w\" sizes=\"(max-width: 599px) 100vw, 599px\" \/><figcaption>Ivan Sobral \u00e9 homenageado pela C\u00e2mara Municipal de Itabaiana pela realiza\u00e7\u00e3o do Sealba Show &#8211; Foto: ascom\/Faese<\/figcaption><\/figure>\n\n\n\n<p>O presidente da C\u00e2mara Municipal, vereador Breno Gois, pontuou que a Mo\u00e7\u00e3o \u00e9 um ato de agradecimento ao desenvolvimento econ\u00f4mico que o Sealba Show traz para o munic\u00edpio de Itabaiana. Ele lembrou que milhares de pessoas s\u00e3o atra\u00eddas para conhecer o que h\u00e1 de melhor no agroneg\u00f3cio e que Itabaiana concentra o p\u00fablico.<\/p>\n\n\n\n<p>Para o prefeito do munic\u00edpio, Adailton Sousa, o Sealba Show j\u00e1 se consolidou no munic\u00edpio de Itabaiana. Ele parabenizou Ivan Sobral e destacou que \u00e9 preciso ser um vision\u00e1rio para realiza\u00e7\u00e3o do evento.<\/p>\n\n\n\n<p>\u201cIvan j\u00e1 mostrou que tem vis\u00e3o e um poder de articula\u00e7\u00e3o muito bom. Fazer o Sealba Show em Itabaiana, que est\u00e1 geograficamente no meio da regi\u00e3o Sealba, facilita o acesso e fomenta a economia local e regional\u201d, disse.<\/p>\n\n\n\n<p>Para Ivan Sobral, o reconhecimento \u00e9 motivador: \u201cO Sealba Show \u00e9 um sucesso. Para sua realiza\u00e7\u00e3o, tem uma equipe de trabalha incansavelmente durante todo o ano. Eu fico muito feliz em ser homenageado dessa maneira e saber que o Sistema Faese\/Senar tem contribu\u00eddo de forma significativa com o desenvolvimento do estado de Sergipe e tamb\u00e9m dos estados vizinhos\u201d, finalizou.<br><br><em><strong>Acompanhe tamb\u00e9m o SE Not\u00edcias no\u00a0<a rel=\"noreferrer noopener\" href=\"https:\/\/twitter.com\/Senoticias\" target=\"_blank\">Twitter<\/a>,\u00a0<a rel=\"noreferrer noopener\" href=\"https:\/\/www.facebook.com\/senoticias1\" target=\"_blank\">Facebook<\/a>\u00a0e no\u00a0<a rel=\"noreferrer noopener\" href=\"https:\/\/www.instagram.com\/senoticias\/\" target=\"_blank\">Instagram<\/a><\/strong><\/em><br><br>Fonte: ascom\/Faese<\/p>\n","protected":false},"excerpt":{"rendered":"<p>O presidente da Federa\u00e7\u00e3o da Agricultura e Pecu\u00e1ria de Sergipe (Faese), Ivan Sobral, recebeu Mo\u00e7\u00e3o de Aplausos aprovada por unanimidade pela C\u00e2mara Municipal de Vereadores de Itabaiana, por conta da realiza\u00e7\u00e3o e organiza\u00e7\u00e3o do Sealba Show no munic\u00edpio. A entrega aconteceu na noite dessa quinta-feira (21), na sede do Parlamento Municipal, durante a cerim\u00f4nia de [&hellip;]<\/p>\n","protected":false},"author":6557,"featured_media":0,"comment_status":"closed","ping_status":"closed","sticky":false,"template":"","format":"standard","meta":{"footnotes":""},"categories":[15,38],"tags":[35490,2304,39477,38086],"class_list":{"0":"post-138154","1":"post","2":"type-post","3":"status-publish","4":"format-standard","6":"category-destaques","7":"category-municipios","8":"tag-camara-municipal-de-itabaiana","9":"tag-ivan-sobral","10":"tag-presidente-ivan-sobral","11":"tag-sealba-show"},"_links":{"self":[{"href":"https:\/\/senoticias.com.br\/se\/wp-json\/wp\/v2\/posts\/138154"}],"collection":[{"href":"https:\/\/senoticias.com.br\/se\/wp-json\/wp\/v2\/posts"}],"about":[{"href":"https:\/\/senoticias.com.br\/se\/wp-json\/wp\/v2\/types\/post"}],"author":[{"embeddable":true,"href":"https:\/\/senoticias.com.br\/se\/wp-json\/wp\/v2\/users\/6557"}],"replies":[{"embeddable":true,"href":"https:\/\/senoticias.com.br\/se\/wp-json\/wp\/v2\/comments?post=138154"}],"version-history":[{"count":0,"href":"https:\/\/senoticias.com.br\/se\/wp-json\/wp\/v2\/posts\/138154\/revisions"}],"wp:attachment":[{"href":"https:\/\/senoticias.com.br\/se\/wp-json\/wp\/v2\/media?parent=138154"}],"wp:term":[{"taxonomy":"category","embeddable":true,"href":"https:\/\/senoticias.com.br\/se\/wp-json\/wp\/v2\/categories?post=138154"},{"taxonomy":"post_tag","embeddable":true,"href":"https:\/\/senoticias.com.br\/se\/wp-json\/wp\/v2\/tags?post=138154"}],"curies":[{"name":"wp","href":"https:\/\/api.w.org\/{rel}","templated":true}]}}