{"id":138101,"date":"2023-07-19T09:52:35","date_gmt":"2023-07-19T12:52:35","guid":{"rendered":"https:\/\/senoticias.com.br\/se\/?p=138101"},"modified":"2023-07-19T11:00:59","modified_gmt":"2023-07-19T14:00:59","slug":"arcebispo-metropolitano-de-aracaju-dom-joao-jose-costa-renuncia-ao-cargo","status":"publish","type":"post","link":"https:\/\/senoticias.com.br\/se\/arcebispo-metropolitano-de-aracaju-dom-joao-jose-costa-renuncia-ao-cargo\/","title":{"rendered":"Arcebispo metropolitano de Aracaju dom Jo\u00e3o Jos\u00e9 Costa renuncia ao cargo"},"content":{"rendered":"\n<p>O arcebispo metropolitano de Aracaju, dom Jo\u00e3o Jos\u00e9 Costa, renunciou ao cargo, que havia assumido em 2017. A informa\u00e7\u00e3o foi confirmada nesta quarta-feira (19) pela Confer\u00eancia Nacional dos Bispos do Brasil (CNBB) e Arquidiocese da capital. O pedido de ren\u00fancia foi acolhido pelo Papa Francisco.<\/p>\n\n\n\n<p>Em carta publicada pela Arquidiocese, dom Jo\u00e3o Jos\u00e9 Costa, que tem 65 anos, falou sobre fadiga e limita\u00e7\u00f5es.<\/p>\n\n\n\n<figure class=\"wp-block-image size-large\"><img loading=\"lazy\" decoding=\"async\" width=\"600\" height=\"373\" src=\"https:\/\/senoticias.com.br\/se\/wp-content\/uploads\/2023\/07\/Dom-Joao-Costa-SE-Noticias.jpg\" alt=\"\" class=\"wp-image-138102\" srcset=\"https:\/\/senoticias.com.br\/se\/wp-content\/uploads\/2023\/07\/Dom-Joao-Costa-SE-Noticias.jpg 600w, https:\/\/senoticias.com.br\/se\/wp-content\/uploads\/2023\/07\/Dom-Joao-Costa-SE-Noticias-300x187.jpg 300w, https:\/\/senoticias.com.br\/se\/wp-content\/uploads\/2023\/07\/Dom-Joao-Costa-SE-Noticias-120x76.jpg 120w, https:\/\/senoticias.com.br\/se\/wp-content\/uploads\/2023\/07\/Dom-Joao-Costa-SE-Noticias-308x192.jpg 308w\" sizes=\"(max-width: 600px) 100vw, 600px\" \/><figcaption>O pedido de ren\u00fancia de Dom Jo\u00e3o Jos\u00e9 Costa foi acolhido pelo Papa Francisco \u2014 Foto: Arquidiocese de Aracaju<\/figcaption><\/figure>\n\n\n\n<p><em><strong>&#8220;Neste momento de minha vida, consciente das minhas limita\u00e7\u00f5es e vulnerabilidades, diante da fadiga que me imp\u00f5e o minist\u00e9rio, sem fugir \u00e0s minhas responsabilidades (\u2026) coloquei nas m\u00e3os do Santo Padre a minha miss\u00e3o como bispo e o caminho pastoral de nossa querida Arquidiocese&#8221;, escreveu.<\/strong><\/em><\/p>\n\n\n\n<p>Ainda de acordo com a Arquidiocese, assume como administrador apost\u00f3lico dom Vitor Agnaldo de Menezes, atual bispo de Propri\u00e1.<\/p>\n\n\n\n<p><strong>Biografia<\/strong><br><br>Dom Jo\u00e3o Jos\u00e9 Costa nasceu em 24 de junho de 1958, no munic\u00edpio de Lagarto. Ingressou na Ordem do Carmo em 1985. Concluiu os estudos filos\u00f3ficos em Bras\u00edlia no Semin\u00e1rio Nossa Senhora de F\u00e1tima e os estudos teol\u00f3gicos no Instituto Franciscano de Olinda (IFTO). Ele tamb\u00e9m \u00e9 licenciado em filosofia pela Universidade Estadual do Cear\u00e1.<\/p>\n\n\n\n<p>A ordena\u00e7\u00e3o presbiteral foi em 12 de dezembro de 1992. Em seu minist\u00e9rio presbiteral, foi administrador de tr\u00eas par\u00f3quias na arquidiocese da Para\u00edba.<\/p>\n\n\n\n<p>Foi formador da congrega\u00e7\u00e3o, atuou na Pastoral Carcer\u00e1ria e na assist\u00eancia espiritual da Fazenda da Esperan\u00e7a em Lagarto. Em Sergipe, tamb\u00e9m atuou em S\u00e3o Crist\u00f3v\u00e3o.<\/p>\n\n\n\n<p>Foi nomeado bispo da diocese de Iguatu (CE) em janeiro de 2009, pelo Papa Bento XVI. A ordena\u00e7\u00e3o episcopal foi em mar\u00e7o daquele ano, em sua cidade natal, pelas m\u00e3os do ent\u00e3o arcebispo metropolitano de Aracaju, dom Jos\u00e9 Palmeira Lessa.<\/p>\n\n\n\n<p>Em novembro de 2014, foi nomeado pelo Papa Francisco como arcebispo coadjutor da arquidiocese de Aracaju, sendo apresentado \u00e0 comunidade arquidiocesana em janeiro de 2015. Com a ren\u00fancia de dom Jos\u00e9 Palmeira Lessa, assumiu a titularidade da arquidiocese de Aracaju, em janeiro de 2017.<\/p>\n\n\n\n<p>Dom Jo\u00e3o Jos\u00e9 da Costa tamb\u00e9m foi vice-presidente do Regional Nordeste 1 da CNBB, entre 2011 e 2014, e vice-presidente do Regional Nordeste 3 da CNBB, entre 2015 e 2019. Em 2015, tamb\u00e9m foi eleito presidente da C\u00e1ritas Brasileira, fun\u00e7\u00e3o que desempenhou de 2016 at\u00e9 2019.<\/p>\n\n\n\n<p><em><strong>Acompanhe tamb\u00e9m o SE Not\u00edcias no&nbsp;<a rel=\"noreferrer noopener\" href=\"https:\/\/twitter.com\/Senoticias\" target=\"_blank\">Twitter<\/a>,&nbsp;<a rel=\"noreferrer noopener\" href=\"https:\/\/www.facebook.com\/senoticias1\" target=\"_blank\">Facebook<\/a>&nbsp;e no&nbsp;<a rel=\"noreferrer noopener\" href=\"https:\/\/www.instagram.com\/senoticias\/\" target=\"_blank\">Instagram<\/a><\/strong><\/em><\/p>\n\n\n\n<p>Fonte: <strong><em>G1SE<\/em><\/strong><\/p>\n","protected":false},"excerpt":{"rendered":"<p>O arcebispo metropolitano de Aracaju, dom Jo\u00e3o Jos\u00e9 Costa, renunciou ao cargo, que havia assumido em 2017. A informa\u00e7\u00e3o foi confirmada nesta quarta-feira (19) pela Confer\u00eancia Nacional dos Bispos do Brasil (CNBB) e Arquidiocese da capital. O pedido de ren\u00fancia foi acolhido pelo Papa Francisco. Em carta publicada pela Arquidiocese, dom Jo\u00e3o Jos\u00e9 Costa, que [&hellip;]<\/p>\n","protected":false},"author":6557,"featured_media":0,"comment_status":"closed","ping_status":"closed","sticky":false,"template":"","format":"standard","meta":{"footnotes":""},"categories":[15,46,1],"tags":[39443,34422,16515],"class_list":{"0":"post-138101","1":"post","2":"type-post","3":"status-publish","4":"format-standard","6":"category-destaques","7":"category-religiao","8":"category-sem-categoria","9":"tag-arcebispo-metropolitano-de-aracaju","10":"tag-arquidiocese-de-aracaju","11":"tag-dom-joao-jose-costa"},"_links":{"self":[{"href":"https:\/\/senoticias.com.br\/se\/wp-json\/wp\/v2\/posts\/138101"}],"collection":[{"href":"https:\/\/senoticias.com.br\/se\/wp-json\/wp\/v2\/posts"}],"about":[{"href":"https:\/\/senoticias.com.br\/se\/wp-json\/wp\/v2\/types\/post"}],"author":[{"embeddable":true,"href":"https:\/\/senoticias.com.br\/se\/wp-json\/wp\/v2\/users\/6557"}],"replies":[{"embeddable":true,"href":"https:\/\/senoticias.com.br\/se\/wp-json\/wp\/v2\/comments?post=138101"}],"version-history":[{"count":0,"href":"https:\/\/senoticias.com.br\/se\/wp-json\/wp\/v2\/posts\/138101\/revisions"}],"wp:attachment":[{"href":"https:\/\/senoticias.com.br\/se\/wp-json\/wp\/v2\/media?parent=138101"}],"wp:term":[{"taxonomy":"category","embeddable":true,"href":"https:\/\/senoticias.com.br\/se\/wp-json\/wp\/v2\/categories?post=138101"},{"taxonomy":"post_tag","embeddable":true,"href":"https:\/\/senoticias.com.br\/se\/wp-json\/wp\/v2\/tags?post=138101"}],"curies":[{"name":"wp","href":"https:\/\/api.w.org\/{rel}","templated":true}]}}