{"id":138080,"date":"2023-07-18T13:29:14","date_gmt":"2023-07-18T16:29:14","guid":{"rendered":"https:\/\/senoticias.com.br\/se\/?p=138080"},"modified":"2023-07-18T19:29:44","modified_gmt":"2023-07-18T22:29:44","slug":"linda-brasil-pede-que-tjse-reveja-falta-de-vagas-para-algumas-especialidades-em-concurso-do-tjse","status":"publish","type":"post","link":"https:\/\/senoticias.com.br\/se\/linda-brasil-pede-que-tjse-reveja-falta-de-vagas-para-algumas-especialidades-em-concurso-do-tjse\/","title":{"rendered":"Linda Brasil pede que TJSE reveja falta de vagas para algumas especialidades em concurso do TJSE"},"content":{"rendered":"\n<p>A deputada estadual de Sergipe, Linda Brasil (Psol), participou na manh\u00e3 da \u00faltima segunda-feira, 17, do ato em defesa do concurso p\u00fablico para analistas no Tribunal de Justi\u00e7a de Sergipe (TJSE).&nbsp;<\/p>\n\n\n\n<p>No edital n\u00ba 1\/2023, lan\u00e7ado no m\u00eas passado, destinado a abertura de concurso p\u00fablico para provimento de cargos de servidores efetivos do quadro de pessoal do Judici\u00e1rio sergipano, cinco \u00e1reas ficaram fora do cargo de analistas judici\u00e1rios: arquitetura, economia, direito, servi\u00e7o social e psicologia&nbsp;<\/p>\n\n\n\n<figure class=\"wp-block-image size-large\"><img loading=\"lazy\" decoding=\"async\" width=\"580\" height=\"380\" src=\"https:\/\/senoticias.com.br\/se\/wp-content\/uploads\/2023\/07\/Evento-Sindijus-SE-noticias.jpg\" alt=\"\" class=\"wp-image-138085\" srcset=\"https:\/\/senoticias.com.br\/se\/wp-content\/uploads\/2023\/07\/Evento-Sindijus-SE-noticias.jpg 580w, https:\/\/senoticias.com.br\/se\/wp-content\/uploads\/2023\/07\/Evento-Sindijus-SE-noticias-300x197.jpg 300w, https:\/\/senoticias.com.br\/se\/wp-content\/uploads\/2023\/07\/Evento-Sindijus-SE-noticias-90x60.jpg 90w\" sizes=\"(max-width: 580px) 100vw, 580px\" \/><figcaption>Deputada Linda Brasil pede que TJSE reveja falta de vagas &#8211; Foto: ascom Sindijus<\/figcaption><\/figure>\n\n\n\n<p>Preocupada com a possibilidade de extin\u00e7\u00e3o dessas cinco profiss\u00f5es do quadro de servidores efetivos do TJ, a deputada Linda Brasil refor\u00e7ou o seu compromisso em defesa do direito da classe trabalhadora e cobrou a inclus\u00e3o dos analistas no processo.<\/p>\n\n\n\n<p>\u201cMuito triste saber que um concurso para o Tribunal de Justi\u00e7a n\u00e3o incorpore essas cinco categorias t\u00e3o importantes. Essas profiss\u00f5es correm um s\u00e9rio risco de serem extintas do quadro de servidores efetivos do TJ. Se isso acontecer ser\u00e1 um retrocesso. Espero que o Tribunal de Justi\u00e7a reveja e possa incluir essas cinco especialidades no concurso. A nossa mandata est\u00e1 \u00e0 disposi\u00e7\u00e3o, n\u00e3o s\u00f3 neste momento, mas em todas as lutas em favor do direito da classe trabalhadora\u201d, defendeu Linda Brasil.<\/p>\n\n\n\n<p><em><strong>Acompanhe tamb\u00e9m o SE Not\u00edcias no&nbsp;<a rel=\"noreferrer noopener\" href=\"https:\/\/twitter.com\/Senoticias\" target=\"_blank\">Twitter<\/a>,&nbsp;<a rel=\"noreferrer noopener\" href=\"https:\/\/www.facebook.com\/senoticias1\" target=\"_blank\">Facebook<\/a>&nbsp;e no&nbsp;<a rel=\"noreferrer noopener\" href=\"https:\/\/www.instagram.com\/senoticias\/\" target=\"_blank\">Instagram<\/a><\/strong><\/em><\/p>\n\n\n\n<p>Fonte: assessoria de imprensa<\/p>\n","protected":false},"excerpt":{"rendered":"<p>A deputada estadual de Sergipe, Linda Brasil (Psol), participou na manh\u00e3 da \u00faltima segunda-feira, 17, do ato em defesa do concurso p\u00fablico para analistas no Tribunal de Justi\u00e7a de Sergipe (TJSE).&nbsp; No edital n\u00ba 1\/2023, lan\u00e7ado no m\u00eas passado, destinado a abertura de concurso p\u00fablico para provimento de cargos de servidores efetivos do quadro de [&hellip;]<\/p>\n","protected":false},"author":6557,"featured_media":0,"comment_status":"closed","ping_status":"closed","sticky":false,"template":"","format":"standard","meta":{"footnotes":""},"categories":[15,6,1],"tags":[37367,37366,36745,678],"class_list":{"0":"post-138080","1":"post","2":"type-post","3":"status-publish","4":"format-standard","6":"category-destaques","7":"category-politica","8":"category-sem-categoria","9":"tag-deputada-linda-brasil","10":"tag-linda-brasil","11":"tag-sindijus","12":"tag-tribunal-de-justica-de-sergipe"},"_links":{"self":[{"href":"https:\/\/senoticias.com.br\/se\/wp-json\/wp\/v2\/posts\/138080"}],"collection":[{"href":"https:\/\/senoticias.com.br\/se\/wp-json\/wp\/v2\/posts"}],"about":[{"href":"https:\/\/senoticias.com.br\/se\/wp-json\/wp\/v2\/types\/post"}],"author":[{"embeddable":true,"href":"https:\/\/senoticias.com.br\/se\/wp-json\/wp\/v2\/users\/6557"}],"replies":[{"embeddable":true,"href":"https:\/\/senoticias.com.br\/se\/wp-json\/wp\/v2\/comments?post=138080"}],"version-history":[{"count":0,"href":"https:\/\/senoticias.com.br\/se\/wp-json\/wp\/v2\/posts\/138080\/revisions"}],"wp:attachment":[{"href":"https:\/\/senoticias.com.br\/se\/wp-json\/wp\/v2\/media?parent=138080"}],"wp:term":[{"taxonomy":"category","embeddable":true,"href":"https:\/\/senoticias.com.br\/se\/wp-json\/wp\/v2\/categories?post=138080"},{"taxonomy":"post_tag","embeddable":true,"href":"https:\/\/senoticias.com.br\/se\/wp-json\/wp\/v2\/tags?post=138080"}],"curies":[{"name":"wp","href":"https:\/\/api.w.org\/{rel}","templated":true}]}}