{"id":138062,"date":"2023-07-17T13:49:04","date_gmt":"2023-07-17T16:49:04","guid":{"rendered":"https:\/\/senoticias.com.br\/se\/?p=138062"},"modified":"2023-07-17T13:49:52","modified_gmt":"2023-07-17T16:49:52","slug":"sem-saber-nadar-homem-cai-de-cachoeira-e-morre-afogado-em-itabaiana","status":"publish","type":"post","link":"https:\/\/senoticias.com.br\/se\/sem-saber-nadar-homem-cai-de-cachoeira-e-morre-afogado-em-itabaiana\/","title":{"rendered":"Sem saber nadar, homem cai de cachoeira e morre afogado em Itabaiana"},"content":{"rendered":"\n<p>O Grupamento T\u00e1tico A\u00e9reo (GTA) e o Corpo de Bombeiros atuaram no resgate do corpo de um homem que morreu afogado ap\u00f3s cair em um riacho localizado no povoado Ribeira, no munic\u00edpio de Itabaiana. O resgate ocorreu nesse domingo (16).<\/p>\n\n\n\n<figure class=\"wp-block-image size-large\"><img loading=\"lazy\" decoding=\"async\" width=\"600\" height=\"456\" src=\"https:\/\/senoticias.com.br\/se\/wp-content\/uploads\/2023\/07\/GTA-Serra-de-Itabaiana-SE-Noticias.jpeg\" alt=\"\" class=\"wp-image-138063\" srcset=\"https:\/\/senoticias.com.br\/se\/wp-content\/uploads\/2023\/07\/GTA-Serra-de-Itabaiana-SE-Noticias.jpeg 600w, https:\/\/senoticias.com.br\/se\/wp-content\/uploads\/2023\/07\/GTA-Serra-de-Itabaiana-SE-Noticias-300x228.jpeg 300w, https:\/\/senoticias.com.br\/se\/wp-content\/uploads\/2023\/07\/GTA-Serra-de-Itabaiana-SE-Noticias-45x35.jpeg 45w\" sizes=\"(max-width: 600px) 100vw, 600px\" \/><figcaption>GTA e Corpo de Bombeiros atuam em resgate a\u00e9reo de v\u00edtima que morreu por afogamento em Itabaiana &#8211; Foto: ascom\/SSP\/SE<\/figcaption><\/figure>\n\n\n\n<p>Conforme as informa\u00e7\u00f5es do Corpo de Bombeiros, a v\u00edtima escorregou nas pedras, caiu e se afogou. Devido ao local de dif\u00edcil acesso, foi necess\u00e1rio o acionamento do GTA.<\/p>\n\n\n\n<p>Segundo a esposa da v\u00edtima, ele foi levado por uma forte correnteza sem saber nadar e caiu das pedras da cachoeira. Equipes do Corpo de Bombeiros fizeram recolhimento do corpo com ajuda do Grupamento T\u00e1tico A\u00e9reo (GTA) devido ao local de dif\u00edcil acesso.<\/p>\n\n\n\n<p><em><strong>Acompanhe tamb\u00e9m o SE Not\u00edcias no\u00a0<a rel=\"noreferrer noopener\" href=\"https:\/\/twitter.com\/Senoticias\" target=\"_blank\">Twitter<\/a>,\u00a0<a rel=\"noreferrer noopener\" href=\"https:\/\/www.facebook.com\/senoticias1\" target=\"_blank\">Facebook<\/a>\u00a0e no\u00a0<a rel=\"noreferrer noopener\" href=\"https:\/\/www.instagram.com\/senoticias\/\" target=\"_blank\">Instagram<\/a><\/strong><\/em><\/p>\n\n\n\n<p>Fonte: SSP\/SE<\/p>\n","protected":false},"excerpt":{"rendered":"<p>O Grupamento T\u00e1tico A\u00e9reo (GTA) e o Corpo de Bombeiros atuaram no resgate do corpo de um homem que morreu afogado ap\u00f3s cair em um riacho localizado no povoado Ribeira, no munic\u00edpio de Itabaiana. O resgate ocorreu nesse domingo (16). Conforme as informa\u00e7\u00f5es do Corpo de Bombeiros, a v\u00edtima escorregou nas pedras, caiu e se [&hellip;]<\/p>\n","protected":false},"author":6557,"featured_media":0,"comment_status":"closed","ping_status":"closed","sticky":false,"template":"","format":"standard","meta":{"footnotes":""},"categories":[15,7],"tags":[539,10351,39417,39418],"class_list":{"0":"post-138062","1":"post","2":"type-post","3":"status-publish","4":"format-standard","6":"category-destaques","7":"category-policia","8":"tag-corpo-de-bombeiros","9":"tag-grupamento-tatico-aereo","10":"tag-morre-afogado","11":"tag-serra-de-itabaiana"},"_links":{"self":[{"href":"https:\/\/senoticias.com.br\/se\/wp-json\/wp\/v2\/posts\/138062"}],"collection":[{"href":"https:\/\/senoticias.com.br\/se\/wp-json\/wp\/v2\/posts"}],"about":[{"href":"https:\/\/senoticias.com.br\/se\/wp-json\/wp\/v2\/types\/post"}],"author":[{"embeddable":true,"href":"https:\/\/senoticias.com.br\/se\/wp-json\/wp\/v2\/users\/6557"}],"replies":[{"embeddable":true,"href":"https:\/\/senoticias.com.br\/se\/wp-json\/wp\/v2\/comments?post=138062"}],"version-history":[{"count":0,"href":"https:\/\/senoticias.com.br\/se\/wp-json\/wp\/v2\/posts\/138062\/revisions"}],"wp:attachment":[{"href":"https:\/\/senoticias.com.br\/se\/wp-json\/wp\/v2\/media?parent=138062"}],"wp:term":[{"taxonomy":"category","embeddable":true,"href":"https:\/\/senoticias.com.br\/se\/wp-json\/wp\/v2\/categories?post=138062"},{"taxonomy":"post_tag","embeddable":true,"href":"https:\/\/senoticias.com.br\/se\/wp-json\/wp\/v2\/tags?post=138062"}],"curies":[{"name":"wp","href":"https:\/\/api.w.org\/{rel}","templated":true}]}}