{"id":138057,"date":"2023-07-17T08:46:19","date_gmt":"2023-07-17T11:46:19","guid":{"rendered":"https:\/\/senoticias.com.br\/se\/?p=138057"},"modified":"2023-07-17T10:26:44","modified_gmt":"2023-07-17T13:26:44","slug":"casal-pede-desculpas-a-alexandre-de-moraes-e-fala-em-mal-entendido","status":"publish","type":"post","link":"https:\/\/senoticias.com.br\/se\/casal-pede-desculpas-a-alexandre-de-moraes-e-fala-em-mal-entendido\/","title":{"rendered":"Casal pede desculpas a Alexandre de Moraes e fala em \u201cmal-entendido\u201d."},"content":{"rendered":"\n<p>\u201cRoberto Mantovani Filho e sua esposa lamentam, sinceramente, todo o acontecido, estando convictos da exist\u00eancia de equ\u00edvoco interpretativo em torno dos fatos. Esclarecem que as ofensas atribu\u00eddas como se fossem de Andr\u00e9a ao ministro Alexandre de Moraes foram, provavelmente, proferidas por outra pessoa, n\u00e3o por ela. Que dessa confus\u00e3o interpretativa nasceu desentendimento verbal entre ela e duas pessoas que acompanhavam o Ministro\u201d, diz a nota.<\/p>\n\n\n\n<figure class=\"wp-block-image size-large\"><img loading=\"lazy\" decoding=\"async\" width=\"574\" height=\"344\" src=\"https:\/\/senoticias.com.br\/se\/wp-content\/uploads\/2023\/07\/Agressao-contra-Alexandre-de-Moraes-SE-Noticias.jpg\" alt=\"\" class=\"wp-image-138059\" srcset=\"https:\/\/senoticias.com.br\/se\/wp-content\/uploads\/2023\/07\/Agressao-contra-Alexandre-de-Moraes-SE-Noticias.jpg 574w, https:\/\/senoticias.com.br\/se\/wp-content\/uploads\/2023\/07\/Agressao-contra-Alexandre-de-Moraes-SE-Noticias-300x180.jpg 300w\" sizes=\"(max-width: 574px) 100vw, 574px\" \/><figcaption>Da esquerda para a direita, os brasileiros Andr\u00e9ia, Alex Zanatta e Roberto Mantovani Filho &#8211; Foto: reprodu\u00e7\u00e3o TV Globo<\/figcaption><\/figure>\n\n\n\n<p>Roberto Mantovani Filho e sua mulher, Andr\u00e9a Mantovani, suspeitos de hostilizar o ministro do STF (Supremo Tribunal Federal) Alexandre de Moraes, no Aeroporto Internacional de Roma, divulgaram nota neste domingo (15.jul.2023) pedindo desculpas ao magistrado pelo que chamam de \u201cmal-entendido\u201d entre a fam\u00edlia e o ministro. Afirmam que n\u00e3o houve ofensas ou amea\u00e7as e que tudo n\u00e3o passou de uma \u201cconfus\u00e3o interpretativa\u201d.<\/p>\n\n\n\n<p>Fonte: Poder 360<\/p>\n\n\n\n<p><em><strong>Acompanhe tamb\u00e9m o SE Not\u00edcias no\u00a0<a rel=\"noreferrer noopener\" href=\"https:\/\/twitter.com\/Senoticias\" target=\"_blank\">Twitter<\/a>,\u00a0<a rel=\"noreferrer noopener\" href=\"https:\/\/www.facebook.com\/senoticias1\" target=\"_blank\">Facebook<\/a>\u00a0e no\u00a0<a rel=\"noreferrer noopener\" href=\"https:\/\/www.instagram.com\/senoticias\/\" target=\"_blank\">Instagram<\/a><\/strong><\/em><\/p>\n","protected":false},"excerpt":{"rendered":"<p>\u201cRoberto Mantovani Filho e sua esposa lamentam, sinceramente, todo o acontecido, estando convictos da exist\u00eancia de equ\u00edvoco interpretativo em torno dos fatos. Esclarecem que as ofensas atribu\u00eddas como se fossem de Andr\u00e9a ao ministro Alexandre de Moraes foram, provavelmente, proferidas por outra pessoa, n\u00e3o por ela. Que dessa confus\u00e3o interpretativa nasceu desentendimento verbal entre ela [&hellip;]<\/p>\n","protected":false},"author":6557,"featured_media":0,"comment_status":"closed","ping_status":"closed","sticky":false,"template":"","format":"standard","meta":{"footnotes":""},"categories":[15,2961,1],"tags":[8005,6258,11863],"class_list":{"0":"post-138057","1":"post","2":"type-post","3":"status-publish","4":"format-standard","6":"category-destaques","7":"category-nacional","8":"category-sem-categoria","9":"tag-agressao","10":"tag-alexandre-de-moraes","11":"tag-ministro-alexandre-de-moraes"},"_links":{"self":[{"href":"https:\/\/senoticias.com.br\/se\/wp-json\/wp\/v2\/posts\/138057"}],"collection":[{"href":"https:\/\/senoticias.com.br\/se\/wp-json\/wp\/v2\/posts"}],"about":[{"href":"https:\/\/senoticias.com.br\/se\/wp-json\/wp\/v2\/types\/post"}],"author":[{"embeddable":true,"href":"https:\/\/senoticias.com.br\/se\/wp-json\/wp\/v2\/users\/6557"}],"replies":[{"embeddable":true,"href":"https:\/\/senoticias.com.br\/se\/wp-json\/wp\/v2\/comments?post=138057"}],"version-history":[{"count":0,"href":"https:\/\/senoticias.com.br\/se\/wp-json\/wp\/v2\/posts\/138057\/revisions"}],"wp:attachment":[{"href":"https:\/\/senoticias.com.br\/se\/wp-json\/wp\/v2\/media?parent=138057"}],"wp:term":[{"taxonomy":"category","embeddable":true,"href":"https:\/\/senoticias.com.br\/se\/wp-json\/wp\/v2\/categories?post=138057"},{"taxonomy":"post_tag","embeddable":true,"href":"https:\/\/senoticias.com.br\/se\/wp-json\/wp\/v2\/tags?post=138057"}],"curies":[{"name":"wp","href":"https:\/\/api.w.org\/{rel}","templated":true}]}}