{"id":138055,"date":"2023-07-16T17:31:32","date_gmt":"2023-07-16T20:31:32","guid":{"rendered":"https:\/\/senoticias.com.br\/se\/?p=138055"},"modified":"2023-07-16T17:31:38","modified_gmt":"2023-07-16T20:31:38","slug":"motociclista-morre-apos-colisao-entre-carro-e-moto-na-avenida-coelho-e-campos-em-aracaju","status":"publish","type":"post","link":"https:\/\/senoticias.com.br\/se\/motociclista-morre-apos-colisao-entre-carro-e-moto-na-avenida-coelho-e-campos-em-aracaju\/","title":{"rendered":"Motociclista morre ap\u00f3s colis\u00e3o entre carro e moto na Avenida Coelho e Campos em Aracaju"},"content":{"rendered":"\n<p><\/p>\n\n\n\n<p>Um motociclista, de 31 anos, morreu na noite desse s\u00e1bado (15), ap\u00f3s se chocar com um carro, no cruzamento das Avenidas Coelho e Campos e Gentil Tavares, em Aracaju.<\/p>\n\n\n\n<figure class=\"wp-block-image size-large\"><img loading=\"lazy\" decoding=\"async\" width=\"592\" height=\"300\" src=\"https:\/\/senoticias.com.br\/se\/wp-content\/uploads\/2023\/07\/Acidente-com-moto-se-noticias.jpg\" alt=\"\" class=\"wp-image-138056\" srcset=\"https:\/\/senoticias.com.br\/se\/wp-content\/uploads\/2023\/07\/Acidente-com-moto-se-noticias.jpg 592w, https:\/\/senoticias.com.br\/se\/wp-content\/uploads\/2023\/07\/Acidente-com-moto-se-noticias-300x152.jpg 300w\" sizes=\"(max-width: 592px) 100vw, 592px\" \/><figcaption>Motocicleta ap\u00f3s colis\u00e3o em Aracaju &#8211; Foto: CPTran<\/figcaption><\/figure>\n\n\n\n<p>O Servi\u00e7o de Atendimento M\u00f3vel de Urg\u00eancia (Samu) chegou a ser acionado e constatou o \u00f3bito no local.<\/p>\n\n\n\n<p>A companhia de Policiamento de Tr\u00e2nsito (Cptran) tamb\u00e9m foi acionada e conduziu o motorista \u00e0 Central de Flagrantes.<\/p>\n\n\n\n<p>O corpo do motociclista foi recolhido pelo Instituto M\u00e9dico Legal (IML).<\/p>\n\n\n\n<p><em><strong>Acompanhe tamb\u00e9m o SE Not\u00edcias no\u00a0<a rel=\"noreferrer noopener\" href=\"https:\/\/twitter.com\/Senoticias\" target=\"_blank\">Twitter<\/a>,\u00a0<a rel=\"noreferrer noopener\" href=\"https:\/\/www.facebook.com\/senoticias1\" target=\"_blank\">Facebook<\/a>\u00a0e no\u00a0<a rel=\"noreferrer noopener\" href=\"https:\/\/www.instagram.com\/senoticias\/\" target=\"_blank\">Instagram<\/a><\/strong><\/em><\/p>\n\n\n\n<p><em>Fonte:<strong><a href=\"https:\/\/g1.globo.com\/se\/sergipe\/noticia\/2023\/07\/16\/homem-morre-apos-colisao-entre-carro-e-moto-na-avenida-coelho-e-campos-em-aracaju.ghtml\"> G1<\/a><\/strong>SE<\/em><\/p>\n","protected":false},"excerpt":{"rendered":"<p>Um motociclista, de 31 anos, morreu na noite desse s\u00e1bado (15), ap\u00f3s se chocar com um carro, no cruzamento das Avenidas Coelho e Campos e Gentil Tavares, em Aracaju. O Servi\u00e7o de Atendimento M\u00f3vel de Urg\u00eancia (Samu) chegou a ser acionado e constatou o \u00f3bito no local. A companhia de Policiamento de Tr\u00e2nsito (Cptran) tamb\u00e9m [&hellip;]<\/p>\n","protected":false},"author":6557,"featured_media":0,"comment_status":"closed","ping_status":"closed","sticky":false,"template":"","format":"standard","meta":{"footnotes":""},"categories":[15,7],"tags":[39415,12626,39416],"class_list":{"0":"post-138055","1":"post","2":"type-post","3":"status-publish","4":"format-standard","6":"category-destaques","7":"category-policia","8":"tag-avenida-coelho-e-campos","9":"tag-motociclista-morre","10":"tag-violencia-no-transito-2"},"_links":{"self":[{"href":"https:\/\/senoticias.com.br\/se\/wp-json\/wp\/v2\/posts\/138055"}],"collection":[{"href":"https:\/\/senoticias.com.br\/se\/wp-json\/wp\/v2\/posts"}],"about":[{"href":"https:\/\/senoticias.com.br\/se\/wp-json\/wp\/v2\/types\/post"}],"author":[{"embeddable":true,"href":"https:\/\/senoticias.com.br\/se\/wp-json\/wp\/v2\/users\/6557"}],"replies":[{"embeddable":true,"href":"https:\/\/senoticias.com.br\/se\/wp-json\/wp\/v2\/comments?post=138055"}],"version-history":[{"count":0,"href":"https:\/\/senoticias.com.br\/se\/wp-json\/wp\/v2\/posts\/138055\/revisions"}],"wp:attachment":[{"href":"https:\/\/senoticias.com.br\/se\/wp-json\/wp\/v2\/media?parent=138055"}],"wp:term":[{"taxonomy":"category","embeddable":true,"href":"https:\/\/senoticias.com.br\/se\/wp-json\/wp\/v2\/categories?post=138055"},{"taxonomy":"post_tag","embeddable":true,"href":"https:\/\/senoticias.com.br\/se\/wp-json\/wp\/v2\/tags?post=138055"}],"curies":[{"name":"wp","href":"https:\/\/api.w.org\/{rel}","templated":true}]}}