{"id":137998,"date":"2023-07-11T11:21:13","date_gmt":"2023-07-11T14:21:13","guid":{"rendered":"https:\/\/senoticias.com.br\/se\/?p=137998"},"modified":"2023-07-11T11:58:49","modified_gmt":"2023-07-11T14:58:49","slug":"suspeito-de-estuprar-vizinha-de-oito-anos-e-trocar-fotos-intimas-e-preso","status":"publish","type":"post","link":"https:\/\/senoticias.com.br\/se\/suspeito-de-estuprar-vizinha-de-oito-anos-e-trocar-fotos-intimas-e-preso\/","title":{"rendered":"Suspeito de estuprar vizinha de oito anos e trocar fotos \u00edntimas \u00e9 preso"},"content":{"rendered":"\n<p><\/p>\n\n\n\n<p>Policiais civis da Delegacia de Atendimentos aos Grupos Vulner\u00e1veis de Lagarto (DAGV), com apoio da Delegacia Regional, cumpriu o mandado de pris\u00e3o preventiva de um homem investigado por estupro de vulner\u00e1vel contra uma crian\u00e7a de oito anos de idade. A a\u00e7\u00e3o policial ocorreu nesta segunda-feira (10).<\/p>\n\n\n\n<p>De acordo com as informa\u00e7\u00f5es policiais, a v\u00edtima relatou que o investigado &#8211; que era vizinho &#8211; por diversas vezes, a levava para locais afastados da presen\u00e7a de familiares e abusava sexualmente dela. Al\u00e9m disso, o investigado enviava fotos de seu \u00f3rg\u00e3o genital para a crian\u00e7a e a obrigava a se fotografar sem roupa.<\/p>\n\n\n\n<figure class=\"wp-block-image size-large\"><img loading=\"lazy\" decoding=\"async\" width=\"599\" height=\"211\" src=\"https:\/\/senoticias.com.br\/se\/wp-content\/uploads\/2023\/07\/Estupro-de-Vulneravel-SE-Noticias.jpg\" alt=\"\" class=\"wp-image-138000\" srcset=\"https:\/\/senoticias.com.br\/se\/wp-content\/uploads\/2023\/07\/Estupro-de-Vulneravel-SE-Noticias.jpg 599w, https:\/\/senoticias.com.br\/se\/wp-content\/uploads\/2023\/07\/Estupro-de-Vulneravel-SE-Noticias-300x106.jpg 300w\" sizes=\"(max-width: 599px) 100vw, 599px\" \/><figcaption>Pol\u00edcia Civil prende investigado por estupro de vulner\u00e1vel em Lagarto &#8211; Foto: ascom\/SSP\/SE<\/figcaption><\/figure>\n\n\n\n<p>Ap\u00f3s alguns meses abusando sexualmente da v\u00edtima, o homem passou a enviar mensagens e \u00e1udios amea\u00e7ando a v\u00edtima dizendo que divulgaria suas fotos \u00edntimas caso ela contasse para seus familiares.<\/p>\n\n\n\n<p>Durante as investiga\u00e7\u00f5es, foi apurado que o investigado abusava sexualmente de, pelo menos, mais duas crian\u00e7as tamb\u00e9m residentes em um povoado de Lagarto. Al\u00e9m da pris\u00e3o, foi cumprido um mandado de busca e apreens\u00e3o na casa do suspeito, onde foram apreendidos aparelhos de telefone celular que ser\u00e3o enviados para a per\u00edcia t\u00e9cnica.<\/p>\n\n\n\n<p><em><strong>Acompanhe tamb\u00e9m o SE Not\u00edcias no\u00a0<a rel=\"noreferrer noopener\" href=\"https:\/\/twitter.com\/Senoticias\" target=\"_blank\">Twitter<\/a>,\u00a0<a rel=\"noreferrer noopener\" href=\"https:\/\/www.facebook.com\/senoticias1\" target=\"_blank\">Facebook<\/a>\u00a0e no\u00a0<a rel=\"noreferrer noopener\" href=\"https:\/\/www.instagram.com\/senoticias\/\" target=\"_blank\">Instagram<\/a><\/strong><\/em><\/p>\n\n\n\n<p>Fonte: ascom\/SSP\/SE<\/p>\n","protected":false},"excerpt":{"rendered":"<p>Policiais civis da Delegacia de Atendimentos aos Grupos Vulner\u00e1veis de Lagarto (DAGV), com apoio da Delegacia Regional, cumpriu o mandado de pris\u00e3o preventiva de um homem investigado por estupro de vulner\u00e1vel contra uma crian\u00e7a de oito anos de idade. A a\u00e7\u00e3o policial ocorreu nesta segunda-feira (10). De acordo com as informa\u00e7\u00f5es policiais, a v\u00edtima relatou [&hellip;]<\/p>\n","protected":false},"author":6557,"featured_media":0,"comment_status":"closed","ping_status":"closed","sticky":false,"template":"","format":"standard","meta":{"footnotes":""},"categories":[15,7],"tags":[7484,78,6988],"class_list":{"0":"post-137998","1":"post","2":"type-post","3":"status-publish","4":"format-standard","6":"category-destaques","7":"category-policia","8":"tag-estupro-de-vulneravel","9":"tag-policia-civil","10":"tag-suspeito-de-estupro"},"_links":{"self":[{"href":"https:\/\/senoticias.com.br\/se\/wp-json\/wp\/v2\/posts\/137998"}],"collection":[{"href":"https:\/\/senoticias.com.br\/se\/wp-json\/wp\/v2\/posts"}],"about":[{"href":"https:\/\/senoticias.com.br\/se\/wp-json\/wp\/v2\/types\/post"}],"author":[{"embeddable":true,"href":"https:\/\/senoticias.com.br\/se\/wp-json\/wp\/v2\/users\/6557"}],"replies":[{"embeddable":true,"href":"https:\/\/senoticias.com.br\/se\/wp-json\/wp\/v2\/comments?post=137998"}],"version-history":[{"count":0,"href":"https:\/\/senoticias.com.br\/se\/wp-json\/wp\/v2\/posts\/137998\/revisions"}],"wp:attachment":[{"href":"https:\/\/senoticias.com.br\/se\/wp-json\/wp\/v2\/media?parent=137998"}],"wp:term":[{"taxonomy":"category","embeddable":true,"href":"https:\/\/senoticias.com.br\/se\/wp-json\/wp\/v2\/categories?post=137998"},{"taxonomy":"post_tag","embeddable":true,"href":"https:\/\/senoticias.com.br\/se\/wp-json\/wp\/v2\/tags?post=137998"}],"curies":[{"name":"wp","href":"https:\/\/api.w.org\/{rel}","templated":true}]}}