{"id":137952,"date":"2023-07-07T06:15:50","date_gmt":"2023-07-07T09:15:50","guid":{"rendered":"https:\/\/senoticias.com.br\/se\/?p=137952"},"modified":"2023-07-07T06:25:16","modified_gmt":"2023-07-07T09:25:16","slug":"com-375-votos-a-favor-camara-aprova-pec-da-reforma-tributaria","status":"publish","type":"post","link":"https:\/\/senoticias.com.br\/se\/com-375-votos-a-favor-camara-aprova-pec-da-reforma-tributaria\/","title":{"rendered":"Com 375 votos a favor, C\u00e2mara aprova PEC da reforma tribut\u00e1ria"},"content":{"rendered":"\n<p><\/p>\n\n\n\n<p>O plen\u00e1rio da C\u00e2mara dos Deputados aprovou, na madrugada desta sexta-feira, 7, a t\u00e3o esperada reforma tribut\u00e1ria. A proposta simplifica &#8211; ou deveria simplificar &#8211; o sistema de impostos com a cria\u00e7\u00e3o do Imposto sobre Valor Agregado (IVA) dual, com uma parcela gerida pela Uni\u00e3o e outra parte por Estados e Munic\u00edpios do Pa\u00eds.<\/p>\n\n\n\n<p>No segundo turno da vota\u00e7\u00e3o, a proposta recebeu <strong>375 votos a favor, 113 contra e teve tr\u00eas absten\u00e7\u00f5es. Em primeiro turno, foram 382 votos a favor, 118 contra e tr\u00eas absten\u00e7\u00f5es.<\/strong><\/p>\n\n\n\n<p>Agora, a PEC da reforma tribut\u00e1ria ir\u00e1 tramitar no Senado. Ainda n\u00e3o h\u00e1 previs\u00e3o de quando os senadores ir\u00e3o votar a proposta.<\/p>\n\n\n\n<figure class=\"wp-block-image size-large\"><img loading=\"lazy\" decoding=\"async\" width=\"579\" height=\"357\" src=\"https:\/\/senoticias.com.br\/se\/wp-content\/uploads\/2023\/07\/reforma-tributaria-se-noticias.jpg\" alt=\"\" class=\"wp-image-137954\" srcset=\"https:\/\/senoticias.com.br\/se\/wp-content\/uploads\/2023\/07\/reforma-tributaria-se-noticias.jpg 579w, https:\/\/senoticias.com.br\/se\/wp-content\/uploads\/2023\/07\/reforma-tributaria-se-noticias-300x185.jpg 300w\" sizes=\"(max-width: 579px) 100vw, 579px\" \/><figcaption>C\u00e2mara vai concluir vota\u00e7\u00e3o da reforma tribut\u00e1ria nesta sexta-feira &#8211; Foto: Zeca Ribeiro\/C\u00e2mara dos Deputados<\/figcaption><\/figure>\n\n\n\n<p>Antes de iniciar a vota\u00e7\u00e3o, o presidente da C\u00e2mara, Arthur Lira (PP), fez um discurso aos deputados pedindo pela aprova\u00e7\u00e3o do texto. &#8220;O momento \u00e9 hist\u00f3rico. N\u00e3o nos deixemos levar por cr\u00edticas infundadas, por an\u00e1lises apressadas, de quem nunca quis uma reforma tribut\u00e1ria que mude a face do pa\u00eds&#8221;, afirmou.<\/p>\n\n\n\n<p>O relator da proposta, o deputado Aguinaldo Ribeiro (PP), elogiou a participa\u00e7\u00e3o de Lira no processo de vota\u00e7\u00e3o na reforma, e disse que n\u00e3o haveria jeito melhor desse processo ser conduzido.<\/p>\n\n\n\n<p>Ribeiro tamb\u00e9m mencionou o governador de S\u00e3o Paulo, Tarc\u00edsio de Freitas (Republicanos). O deputado considerou que Tarc\u00edsio teve uma \u201cposi\u00e7\u00e3o serena\u201d e teve uma \u201cpostura democr\u00e1tica\u201d ao apoiar a reforma.<\/p>\n\n\n\n<p>O \u00fanico partido que, na orienta\u00e7\u00e3o de bancada, foi contr\u00e1rio ao texto foi o PL. Em sua orienta\u00e7\u00e3o, a deputada J\u00falia Zanatta (PL) fez uma provoca\u00e7\u00e3o ao PT, afirmando que o partido teria virado &#8220;tchutchuca de banqueiro&#8221;. J\u00e1 o Novo foi o \u00fanico a liberar seus deputados para votarem, sem orienta\u00e7\u00e3o.<\/p>\n\n\n\n<p>Apesar disso, 20 deputados do PL n\u00e3o seguiram a recomenda\u00e7\u00e3o e votaram favor\u00e1veis ao texto. J\u00e1 no outro espectro pol\u00edtico, o PSOL foi o partido respons\u00e1vel pelas tr\u00eas absten\u00e7\u00f5es, dadas pelos deputados Glauber Braga, Fernanda Melchionna e S\u00e2mia Bonfim. Clique aqui e veja como cada deputado votou.<\/p>\n\n\n\n<p>Em resumo, a PEC (Proposta de Emenda Constitucional) prop\u00f5e a cria\u00e7\u00e3o de um novo tributo para substituir o PIS\/Pasep, Cofins, IPI, ICMS e ISS, dividido em duas partes: a Contribui\u00e7\u00e3o sobre Bens e Servi\u00e7os (CBS), administrado pelo governo federal, e o Imposto sobre Bens e Servi\u00e7os (IBS), administrado por Estados e Munic\u00edpios.<\/p>\n\n\n\n<p><strong>Resumo da proposta (PEC 45\/2019)<\/strong><br><br><strong>Extin\u00e7\u00e3o de cinco tributos<\/strong><\/p>\n\n\n\n<p><strong>Imposto sobre Produtos Industrializados (IPI);<\/strong><br><br><strong>Imposto sobre Circula\u00e7\u00e3o de Mercadorias e Servi\u00e7os (ICMS);<\/strong><br><strong><br>Imposto sobre Servi\u00e7os de Qualquer Natureza (ISS);<\/strong><br><strong><br>Contribui\u00e7\u00e3o para o Financiamento da Seguridade Social (Cofins);<\/strong><br><strong><br>Contribui\u00e7\u00e3o para o Programa de Integra\u00e7\u00e3o Social (PIS).<\/strong><br><br><strong>Cria\u00e7\u00e3o do IBS<\/strong><br><br>No lugar desses cinco tributos que seriam extintos, surgiria um imposto unificado: o Imposto sobre Opera\u00e7\u00f5es com Bens e Servi\u00e7os (IBS) nos moldes de um Imposto sobre Valor Agregado.<\/p>\n\n\n\n<p><strong>Cria\u00e7\u00e3o de Imposto Seletivo<\/strong><br><br>Tamb\u00e9m seria criado o Imposto Seletivo.<\/p>\n\n\n\n<p><strong>Reparti\u00e7\u00e3o da Receita<\/strong><br><br>O IBS criado visa facilitar a vida do contribuinte, que pagaria o imposto com apenas uma al\u00edquota. Entretanto, internamente, o valor arrecadado seria dividido entre o poder federal, estadual e municipal.<\/p>\n\n\n\n<p><strong>Gest\u00e3o Unificada<\/strong><br><br>A arrecada\u00e7\u00e3o do IBS e a distribui\u00e7\u00e3o da receita seriam geridas por um comit\u00ea gestor nacional, com representantes de cada ente.<\/p>\n\n\n\n<p><strong>Devolu\u00e7\u00e3o tribut\u00e1ria para os mais pobres<\/strong><br><br>Devolver parte da arrecada\u00e7\u00e3o tribut\u00e1ria \u00e0s fam\u00edlias mais pobres, em que o imposto pago seria devolvido atrav\u00e9s de um mecanismo de transfer\u00eancia de renda.<\/p>\n\n\n\n<p><strong>Transi\u00e7\u00e3o entre modelos<\/strong><br><br>Como a reforma afeta a capacidade tribut\u00e1ria da Uni\u00e3o, Estados e Munic\u00edpios, a transi\u00e7\u00e3o proposta para o fim dos cinco tributos ser\u00e1 de oito anos, de 2026 a 2033. J\u00e1 a transi\u00e7\u00e3o da distribui\u00e7\u00e3o da arrecada\u00e7\u00e3o, para evitar perdas para alguns Estados, seria de 50 anos, de 2029 a 2078.<\/p>\n\n\n\n<p><em><strong>Acompanhe tamb\u00e9m o SE Not\u00edcias no\u00a0<a rel=\"noreferrer noopener\" href=\"https:\/\/twitter.com\/Senoticias\" target=\"_blank\">Twitter<\/a>,\u00a0<a rel=\"noreferrer noopener\" href=\"https:\/\/www.facebook.com\/senoticias1\" target=\"_blank\">Facebook<\/a>\u00a0e no\u00a0<a rel=\"noreferrer noopener\" href=\"https:\/\/www.instagram.com\/senoticias\/\" target=\"_blank\">Instagram<\/a><\/strong><\/em><\/p>\n\n\n\n<p><a href=\"Fonte: Ag\u00eancia C\u00e2mara de Not\u00edcias\">Fonte: Ag\u00eancia Camara de Not\u00edcias<\/a><\/p>\n","protected":false},"excerpt":{"rendered":"<p>O plen\u00e1rio da C\u00e2mara dos Deputados aprovou, na madrugada desta sexta-feira, 7, a t\u00e3o esperada reforma tribut\u00e1ria. A proposta simplifica &#8211; ou deveria simplificar &#8211; o sistema de impostos com a cria\u00e7\u00e3o do Imposto sobre Valor Agregado (IVA) dual, com uma parcela gerida pela Uni\u00e3o e outra parte por Estados e Munic\u00edpios do Pa\u00eds. No [&hellip;]<\/p>\n","protected":false},"author":6557,"featured_media":0,"comment_status":"closed","ping_status":"closed","sticky":false,"template":"","format":"standard","meta":{"footnotes":""},"categories":[15,6,1],"tags":[39349,899,39350,39351,39348],"class_list":{"0":"post-137952","1":"post","2":"type-post","3":"status-publish","4":"format-standard","6":"category-destaques","7":"category-politica","8":"category-sem-categoria","9":"tag-375-votos","10":"tag-camara-dos-deputados","11":"tag-imposto-sobre-valor-agregado","12":"tag-iva","13":"tag-pec-da-reforma-tributaria"},"_links":{"self":[{"href":"https:\/\/senoticias.com.br\/se\/wp-json\/wp\/v2\/posts\/137952"}],"collection":[{"href":"https:\/\/senoticias.com.br\/se\/wp-json\/wp\/v2\/posts"}],"about":[{"href":"https:\/\/senoticias.com.br\/se\/wp-json\/wp\/v2\/types\/post"}],"author":[{"embeddable":true,"href":"https:\/\/senoticias.com.br\/se\/wp-json\/wp\/v2\/users\/6557"}],"replies":[{"embeddable":true,"href":"https:\/\/senoticias.com.br\/se\/wp-json\/wp\/v2\/comments?post=137952"}],"version-history":[{"count":0,"href":"https:\/\/senoticias.com.br\/se\/wp-json\/wp\/v2\/posts\/137952\/revisions"}],"wp:attachment":[{"href":"https:\/\/senoticias.com.br\/se\/wp-json\/wp\/v2\/media?parent=137952"}],"wp:term":[{"taxonomy":"category","embeddable":true,"href":"https:\/\/senoticias.com.br\/se\/wp-json\/wp\/v2\/categories?post=137952"},{"taxonomy":"post_tag","embeddable":true,"href":"https:\/\/senoticias.com.br\/se\/wp-json\/wp\/v2\/tags?post=137952"}],"curies":[{"name":"wp","href":"https:\/\/api.w.org\/{rel}","templated":true}]}}