{"id":137946,"date":"2023-07-06T17:45:10","date_gmt":"2023-07-06T20:45:10","guid":{"rendered":"https:\/\/senoticias.com.br\/se\/?p=137946"},"modified":"2023-07-06T17:45:15","modified_gmt":"2023-07-06T20:45:15","slug":"policia-civil-prende-integrantes-de-grupo-criminoso-envolvido-com-homicidios-e-trafico-de-drogas-e-armas-em-aracaju","status":"publish","type":"post","link":"https:\/\/senoticias.com.br\/se\/policia-civil-prende-integrantes-de-grupo-criminoso-envolvido-com-homicidios-e-trafico-de-drogas-e-armas-em-aracaju\/","title":{"rendered":"Pol\u00edcia Civil prende integrantes de grupo criminoso envolvido com homic\u00eddios e tr\u00e1fico de drogas e armas em Aracaju"},"content":{"rendered":"\n<p>O Departamento de Homic\u00eddios e Prote\u00e7\u00e3o \u00e0 Pessoa (DHPP) divulgou, nesta quinta-feira (6), o resultado de uma opera\u00e7\u00e3o que resultou na pris\u00e3o de dois investigados de integrar associa\u00e7\u00e3o criminosa envolvida em v\u00e1rios homic\u00eddios e&nbsp;tr\u00e1fico de drogas e armas em Aracaju. As investiga\u00e7\u00f5es tiveram in\u00edcio com a apura\u00e7\u00e3o de um homic\u00eddio ocorrido na Zona Sul de Aracaju. As investiga\u00e7\u00f5es contaram com o apoio da Divis\u00e3o de Intelig\u00eancia (Dipol) e do Departamento de Administra\u00e7\u00e3o Penitenci\u00e1ria (Desipe).<\/p>\n\n\n\n<figure class=\"wp-block-image size-large\"><img loading=\"lazy\" decoding=\"async\" width=\"599\" height=\"400\" src=\"https:\/\/senoticias.com.br\/se\/wp-content\/uploads\/2023\/02\/policia-civil-sergipe-1024x683-1-e1675874867762.jpg\" alt=\"\" class=\"wp-image-135863\"\/><figcaption> Crimes ocorreram tanto na Zona Sul, quanto na Zona Norte de Aracaju &#8211; Foto: SSP\/SE<\/figcaption><\/figure>\n\n\n\n<p>De acordo com o delegado Tarc\u00edsio Ten\u00f3rio, as investiga\u00e7\u00f5es foram iniciadas em agosto de 2022, quando foi registrado um homic\u00eddio no bairro Coroa do Meio. \u201cUm homem foi morto a tiros, na manh\u00e3 de 19 de agosto, em frente \u00e0&nbsp;Associa\u00e7\u00e3o de Pescadores, quando dois homens desembarcaram de um ve\u00edculo e abriram fogo contra a v\u00edtima\u201d, detalhou.<\/p>\n\n\n\n<p>Ainda conforme Tarc\u00edsio Ten\u00f3rio, levantamentos preliminares apontam que a v\u00edtima teria envolvimento com o tr\u00e1fico de drogas. \u201cE sua morte ocorreu a mando de l\u00edderes do tr\u00e1fico. As ordens teriam partido de dentro do sistema prisional\u201d, esclareceu o delegado respons\u00e1vel pelas investiga\u00e7\u00f5es.<\/p>\n\n\n\n<p>Na investiga\u00e7\u00e3o, foram analisadas imagens de c\u00e2meras de seguran\u00e7a que registraram a movimenta\u00e7\u00e3o do ve\u00edculo suspeito, um Renault Oroch, com placa clonada. \u201cEsse mesmo carro foi possivelmente utilizado na pr\u00e1tica de v\u00e1rios outros homic\u00eddios entre agosto e dezembro do ano passado\u201d, acrescentou o delegado.<\/p>\n\n\n\n<p>Tarc\u00edsio Ten\u00f3rio esclareceu tamb\u00e9m que as investiga\u00e7\u00f5es identificaram um grupo criminoso envolvido na pr\u00e1tica de crimes de homic\u00eddio, tr\u00e1fico de drogas il\u00edcitas e de armas. \u201cObtivemos provas robustas da atividade criminosa do grupo, cujos integrantes costumavam ostentar a farta quantidade de drogas comercializada, armamentos, muni\u00e7\u00f5es, dinheiro e se vangloriar dos homic\u00eddios\u201d, revelou.<\/p>\n\n\n\n<p>As pris\u00f5es foram determinadas pela 8\u00aa Vara Criminal de Aracaju, atendendo a representa\u00e7\u00e3o do DHPP.<\/p>\n\n\n\n<p><strong>Outros crimes<\/strong><\/p>\n\n\n\n<p>Conforme o delegado, as investiga\u00e7\u00f5es indicam tamb\u00e9m que o grupo criminoso estaria envolvido em, pelo menos, outros tr\u00eas homic\u00eddios em Aracaju. \u201cEm novembro do ano passado, um outro homem foi morto a tiros na Coroa do Meio. No dia seguinte, no mesmo bairro, ocorreu tentativa de homic\u00eddio contra um empres\u00e1rio do ramo de eventos\u201d, explicou.<\/p>\n\n\n\n<p>Ainda segundo Tarc\u00edsio Ten\u00f3rio, no in\u00edcio de dezembro de 2022, um duplo homic\u00eddio vitimou outros dois homens. \u201cEm crimes ocorridos no bairro Jardim Centen\u00e1rio, tamb\u00e9m atribu\u00eddos ao grupo criminoso\u201d, citou o delegado.<\/p>\n\n\n\n<p>As investiga\u00e7\u00f5es seguem em andamento. A Pol\u00edcia Civil solicita ainda que informa\u00e7\u00f5es e den\u00fancias que possam contribuir com as investiga\u00e7\u00f5es, bem como ajudar na localiza\u00e7\u00e3o de outros envolvidos com o grupo criminoso, podem ser repassadas \u00e0 pol\u00edcia por meio do Disque-Den\u00fancia, no telefone 181. O sigilo do denunciante \u00e9 garantido.<\/p>\n\n\n\n<p><em><strong>Acompanhe tamb\u00e9m o SE Not\u00edcias no\u00a0<a rel=\"noreferrer noopener\" href=\"https:\/\/twitter.com\/Senoticias\" target=\"_blank\">Twitter<\/a>,\u00a0<a rel=\"noreferrer noopener\" href=\"https:\/\/www.facebook.com\/senoticias1\" target=\"_blank\">Facebook<\/a>\u00a0e no\u00a0<a rel=\"noreferrer noopener\" href=\"https:\/\/www.instagram.com\/senoticias\/\" target=\"_blank\">Instagram<\/a><\/strong><\/em><\/p>\n\n\n\n<p>Fonte: SSP\/SE<\/p>\n","protected":false},"excerpt":{"rendered":"<p>O Departamento de Homic\u00eddios e Prote\u00e7\u00e3o \u00e0 Pessoa (DHPP) divulgou, nesta quinta-feira (6), o resultado de uma opera\u00e7\u00e3o que resultou na pris\u00e3o de dois investigados de integrar associa\u00e7\u00e3o criminosa envolvida em v\u00e1rios homic\u00eddios e&nbsp;tr\u00e1fico de drogas e armas em Aracaju. As investiga\u00e7\u00f5es tiveram in\u00edcio com a apura\u00e7\u00e3o de um homic\u00eddio ocorrido na Zona Sul de [&hellip;]<\/p>\n","protected":false},"author":6557,"featured_media":0,"comment_status":"closed","ping_status":"closed","sticky":false,"template":"","format":"standard","meta":{"footnotes":""},"categories":[15,7],"tags":[2621,3167,78,3175],"class_list":{"0":"post-137946","1":"post","2":"type-post","3":"status-publish","4":"format-standard","6":"category-destaques","7":"category-policia","8":"tag-dhpp","9":"tag-homicidios","10":"tag-policia-civil","11":"tag-trafico-de-drogas"},"_links":{"self":[{"href":"https:\/\/senoticias.com.br\/se\/wp-json\/wp\/v2\/posts\/137946"}],"collection":[{"href":"https:\/\/senoticias.com.br\/se\/wp-json\/wp\/v2\/posts"}],"about":[{"href":"https:\/\/senoticias.com.br\/se\/wp-json\/wp\/v2\/types\/post"}],"author":[{"embeddable":true,"href":"https:\/\/senoticias.com.br\/se\/wp-json\/wp\/v2\/users\/6557"}],"replies":[{"embeddable":true,"href":"https:\/\/senoticias.com.br\/se\/wp-json\/wp\/v2\/comments?post=137946"}],"version-history":[{"count":0,"href":"https:\/\/senoticias.com.br\/se\/wp-json\/wp\/v2\/posts\/137946\/revisions"}],"wp:attachment":[{"href":"https:\/\/senoticias.com.br\/se\/wp-json\/wp\/v2\/media?parent=137946"}],"wp:term":[{"taxonomy":"category","embeddable":true,"href":"https:\/\/senoticias.com.br\/se\/wp-json\/wp\/v2\/categories?post=137946"},{"taxonomy":"post_tag","embeddable":true,"href":"https:\/\/senoticias.com.br\/se\/wp-json\/wp\/v2\/tags?post=137946"}],"curies":[{"name":"wp","href":"https:\/\/api.w.org\/{rel}","templated":true}]}}