{"id":137923,"date":"2023-07-04T20:55:42","date_gmt":"2023-07-04T23:55:42","guid":{"rendered":"https:\/\/senoticias.com.br\/se\/?p=137923"},"modified":"2023-07-04T20:55:50","modified_gmt":"2023-07-04T23:55:50","slug":"defesa-civil-emite-alerta-de-ventos-fortes-em-sergipe-para-as-proximas-24h","status":"publish","type":"post","link":"https:\/\/senoticias.com.br\/se\/defesa-civil-emite-alerta-de-ventos-fortes-em-sergipe-para-as-proximas-24h\/","title":{"rendered":"Defesa Civil emite alerta de ventos fortes em Sergipe para as pr\u00f3ximas 24h"},"content":{"rendered":"\n<p>Na manh\u00e3 desta ter\u00e7a-feira (04), a Defesa Civil junto a Secretaria de Estado do Desenvolvimento Urbano e Infraestrutura (Sedurbi), emitiu um alerta de ventos fortes para o estado de Sergipe v\u00e1lido para as pr\u00f3ximas 24h.<\/p>\n\n\n\n<figure class=\"wp-block-image size-large\"><img loading=\"lazy\" decoding=\"async\" width=\"1024\" height=\"680\" src=\"https:\/\/senoticias.com.br\/se\/wp-content\/uploads\/2014\/09\/1_news_66_8281e21c5f9a29e18493f48f9148f8d1-1024x680.jpg\" alt=\"\" class=\"wp-image-69707\"\/><figcaption>Defesa Civil alerta para a incid\u00eancia de ventos fortes nas pr\u00f3ximas 24h &#8211; Foto: arquivo\/Andr\u00e9 Moreira<\/figcaption><\/figure>\n\n\n\n<p>De acordo com a Sedurbi, o alerta \u00e9 uma forma de garantir a seguran\u00e7a e a preven\u00e7\u00e3o de poss\u00edveis danos que possam trazer riscos \u00e0 popula\u00e7\u00e3o.<\/p>\n\n\n\n<p>Em caso de emerg\u00eancia, \u00e9 poss\u00edvel entrar em contato com o n\u00famero de atendimento da Defesa Civil de cada munic\u00edpio ou solicitar ajuda atrav\u00e9s do 193.<\/p>\n\n\n\n<p><em><strong>Acompanhe tamb\u00e9m o SE Not\u00edcias no\u00a0<a rel=\"noreferrer noopener\" href=\"https:\/\/twitter.com\/Senoticias\" target=\"_blank\">Twitter<\/a>,\u00a0<a rel=\"noreferrer noopener\" href=\"https:\/\/www.facebook.com\/senoticias1\" target=\"_blank\">Facebook<\/a>\u00a0e no\u00a0<a rel=\"noreferrer noopener\" href=\"https:\/\/www.instagram.com\/senoticias\/\" target=\"_blank\">Instagram<\/a><\/strong><\/em><\/p>\n\n\n\n<p>Fonte: ascom\/Semac<\/p>\n","protected":false},"excerpt":{"rendered":"<p>Na manh\u00e3 desta ter\u00e7a-feira (04), a Defesa Civil junto a Secretaria de Estado do Desenvolvimento Urbano e Infraestrutura (Sedurbi), emitiu um alerta de ventos fortes para o estado de Sergipe v\u00e1lido para as pr\u00f3ximas 24h. De acordo com a Sedurbi, o alerta \u00e9 uma forma de garantir a seguran\u00e7a e a preven\u00e7\u00e3o de poss\u00edveis danos [&hellip;]<\/p>\n","protected":false},"author":6557,"featured_media":0,"comment_status":"closed","ping_status":"closed","sticky":false,"template":"","format":"standard","meta":{"footnotes":""},"categories":[15,6],"tags":[6314,12625,39336],"class_list":{"0":"post-137923","1":"post","2":"type-post","3":"status-publish","4":"format-standard","6":"category-destaques","7":"category-politica","8":"tag-defesa-civil","9":"tag-ventos-fortes","10":"tag-ventos-fortes-em-sergipe"},"_links":{"self":[{"href":"https:\/\/senoticias.com.br\/se\/wp-json\/wp\/v2\/posts\/137923"}],"collection":[{"href":"https:\/\/senoticias.com.br\/se\/wp-json\/wp\/v2\/posts"}],"about":[{"href":"https:\/\/senoticias.com.br\/se\/wp-json\/wp\/v2\/types\/post"}],"author":[{"embeddable":true,"href":"https:\/\/senoticias.com.br\/se\/wp-json\/wp\/v2\/users\/6557"}],"replies":[{"embeddable":true,"href":"https:\/\/senoticias.com.br\/se\/wp-json\/wp\/v2\/comments?post=137923"}],"version-history":[{"count":0,"href":"https:\/\/senoticias.com.br\/se\/wp-json\/wp\/v2\/posts\/137923\/revisions"}],"wp:attachment":[{"href":"https:\/\/senoticias.com.br\/se\/wp-json\/wp\/v2\/media?parent=137923"}],"wp:term":[{"taxonomy":"category","embeddable":true,"href":"https:\/\/senoticias.com.br\/se\/wp-json\/wp\/v2\/categories?post=137923"},{"taxonomy":"post_tag","embeddable":true,"href":"https:\/\/senoticias.com.br\/se\/wp-json\/wp\/v2\/tags?post=137923"}],"curies":[{"name":"wp","href":"https:\/\/api.w.org\/{rel}","templated":true}]}}