{"id":137922,"date":"2023-07-04T20:48:00","date_gmt":"2023-07-04T23:48:00","guid":{"rendered":"https:\/\/senoticias.com.br\/se\/?p=137922"},"modified":"2023-07-04T20:49:40","modified_gmt":"2023-07-04T23:49:40","slug":"chuvas-devem-ficar-mais-intensas-em-sergipe-a-partir-desta-quinta-feira-6","status":"publish","type":"post","link":"https:\/\/senoticias.com.br\/se\/chuvas-devem-ficar-mais-intensas-em-sergipe-a-partir-desta-quinta-feira-6\/","title":{"rendered":"Chuvas devem ficar mais intensas em Sergipe a partir desta quinta-feira, 6."},"content":{"rendered":"\n<p>O acumulado de chuvas em Sergipe tende a se intensificar a partir desta quinta-feira, 6, segundo previs\u00e3o divulgada pela Ger\u00eancia de Meteorologia e Mudan\u00e7as Clim\u00e1ticas da Secretaria de Estado do Meio Ambiente (Semac). A condi\u00e7\u00e3o \u00e9 ocasionada pelo escoamento de uma frente fria, que deve se aproximar do Leste da regi\u00e3o Nordeste. O transporte de umidade tamb\u00e9m pode influenciar na incid\u00eancia de precipita\u00e7\u00f5es.<\/p>\n\n\n\n<figure class=\"wp-block-image size-large\"><img loading=\"lazy\" decoding=\"async\" width=\"581\" height=\"388\" src=\"https:\/\/senoticias.com.br\/se\/wp-content\/uploads\/2021\/05\/Chuvas-em-Sergipe-SE-Noticias.jpg\" alt=\"\" class=\"wp-image-128062\" srcset=\"https:\/\/senoticias.com.br\/se\/wp-content\/uploads\/2021\/05\/Chuvas-em-Sergipe-SE-Noticias.jpg 581w, https:\/\/senoticias.com.br\/se\/wp-content\/uploads\/2021\/05\/Chuvas-em-Sergipe-SE-Noticias-300x200.jpg 300w, https:\/\/senoticias.com.br\/se\/wp-content\/uploads\/2021\/05\/Chuvas-em-Sergipe-SE-Noticias-90x60.jpg 90w, https:\/\/senoticias.com.br\/se\/wp-content\/uploads\/2021\/05\/Chuvas-em-Sergipe-SE-Noticias-180x120.jpg 180w, https:\/\/senoticias.com.br\/se\/wp-content\/uploads\/2021\/05\/Chuvas-em-Sergipe-SE-Noticias-95x64.jpg 95w\" sizes=\"(max-width: 581px) 100vw, 581px\" \/><figcaption> Previs\u00e3o da Meteorologia indica intensifica\u00e7\u00e3o das chuvas a partir desta quinta-feira &#8211; Foto: ascom\/Semac<\/figcaption><\/figure>\n\n\n\n<p>De acordo com a an\u00e1lise, o acumulado de chuva que come\u00e7ou no dia 2 de julho pode ultrapassar os 50 mm at\u00e9 9 de julho, beneficiando principalmente o Litoral e o Agreste sergipano. A meteorologista da Semac, Wanda Tathyana, chama aten\u00e7\u00e3o para os riscos associados \u00e0s chuvas volumosas. \u201cEssas condi\u00e7\u00f5es trazem consigo alto risco em rodovias, de alagamentos, deslizamentos de encostas, transbordamento de pequenos c\u00f3rregos, riachos e principais rios e lagoas do estado\u201d, alertou.<\/p>\n\n\n\n<p>Al\u00e9m das chuvas fracas e leves, o Boletim da Semac indica, para esta quarta-feira, 5, tempo nublado na maior parte das regi\u00f5es do estado. No Litoral, as temperaturas m\u00ednimas ficar\u00e3o em torno de 22.8\u00b0C e m\u00e1ximas de 27.5 \u00b0C. No Agreste, as m\u00ednimas podem chegar a 17.1\u00b0C e m\u00e1ximas de 26.2 \u00b0C. No Sert\u00e3o, as baixas temperaturas tamb\u00e9m s\u00e3o destaque, com m\u00ednima em torno 18.2\u00b0C e m\u00e1xima de 28.2 \u00b0C.<\/p>\n\n\n\n<p>Na quinta e sexta-feira, 6 e 7, v\u00e9spera de feriado em Sergipe, a previs\u00e3o do tempo indica possibilidade de c\u00e9u encoberto nas tr\u00eas regi\u00f5es, durante a maior parte do dia. As temperaturas m\u00ednimas e m\u00e1ximas desta quinta ficam em torno 22.4\u00b0C e 27.9 \u00b0C no Litoral. No Agreste, 17.0\u00b0C e 27.6 \u00b0C. E no Sert\u00e3o, 18.2\u00b0C e 28.8 \u00b0C. J\u00e1 as temperaturas m\u00ednimas e m\u00e1ximas para a pr\u00f3xima sexta, no Litoral, tendem a ser de 23.2\u00b0C e 28.0 \u00b0C; 20.4\u00b0C e 28.1 \u00b0C no Agreste; e 22.0\u00b0C e 28.4 \u00b0C no Sert\u00e3o.<\/p>\n\n\n\n<p>Para o feriado de 8 de Julho, quando se comemora a Emancipa\u00e7\u00e3o Pol\u00edtica de Sergipe, a popula\u00e7\u00e3o pode esperar a possibilidade de chuvas fracas e moderadas no Litoral e Agreste, e chuvas fracas e leves no Sert\u00e3o. No Litoral, as temperaturas m\u00ednimas e m\u00e1ximas ficam em torno de 24.0\u00b0C e 27.8 \u00b0C. No Agreste, espera-se 20.6\u00b0C e 28.2 \u00b0C. E, no Sert\u00e3o, as temperaturas podem ficar entre 20.8\u00b0C e 29.3 \u00b0C.<\/p>\n\n\n\n<p><em><strong>Acompanhe tamb\u00e9m o SE Not\u00edcias no\u00a0<a rel=\"noreferrer noopener\" href=\"https:\/\/twitter.com\/Senoticias\" target=\"_blank\">Twitter<\/a>,\u00a0<a rel=\"noreferrer noopener\" href=\"https:\/\/www.facebook.com\/senoticias1\" target=\"_blank\">Facebook<\/a>\u00a0e no\u00a0<a rel=\"noreferrer noopener\" href=\"https:\/\/www.instagram.com\/senoticias\/\" target=\"_blank\">Instagram<\/a><\/strong><\/em><\/p>\n\n\n\n<p>Fonte: ascom\/Semac<\/p>\n","protected":false},"excerpt":{"rendered":"<p>O acumulado de chuvas em Sergipe tende a se intensificar a partir desta quinta-feira, 6, segundo previs\u00e3o divulgada pela Ger\u00eancia de Meteorologia e Mudan\u00e7as Clim\u00e1ticas da Secretaria de Estado do Meio Ambiente (Semac). A condi\u00e7\u00e3o \u00e9 ocasionada pelo escoamento de uma frente fria, que deve se aproximar do Leste da regi\u00e3o Nordeste. O transporte de [&hellip;]<\/p>\n","protected":false},"author":6557,"featured_media":0,"comment_status":"closed","ping_status":"closed","sticky":false,"template":"","format":"standard","meta":{"footnotes":""},"categories":[15,38,1],"tags":[119,14317,11416,11172],"class_list":{"0":"post-137922","1":"post","2":"type-post","3":"status-publish","4":"format-standard","6":"category-destaques","7":"category-municipios","8":"category-sem-categoria","9":"tag-chuvas","10":"tag-meteorologia","11":"tag-mudancas-climaticas","12":"tag-previsao-de-chuvas"},"_links":{"self":[{"href":"https:\/\/senoticias.com.br\/se\/wp-json\/wp\/v2\/posts\/137922"}],"collection":[{"href":"https:\/\/senoticias.com.br\/se\/wp-json\/wp\/v2\/posts"}],"about":[{"href":"https:\/\/senoticias.com.br\/se\/wp-json\/wp\/v2\/types\/post"}],"author":[{"embeddable":true,"href":"https:\/\/senoticias.com.br\/se\/wp-json\/wp\/v2\/users\/6557"}],"replies":[{"embeddable":true,"href":"https:\/\/senoticias.com.br\/se\/wp-json\/wp\/v2\/comments?post=137922"}],"version-history":[{"count":0,"href":"https:\/\/senoticias.com.br\/se\/wp-json\/wp\/v2\/posts\/137922\/revisions"}],"wp:attachment":[{"href":"https:\/\/senoticias.com.br\/se\/wp-json\/wp\/v2\/media?parent=137922"}],"wp:term":[{"taxonomy":"category","embeddable":true,"href":"https:\/\/senoticias.com.br\/se\/wp-json\/wp\/v2\/categories?post=137922"},{"taxonomy":"post_tag","embeddable":true,"href":"https:\/\/senoticias.com.br\/se\/wp-json\/wp\/v2\/tags?post=137922"}],"curies":[{"name":"wp","href":"https:\/\/api.w.org\/{rel}","templated":true}]}}