{"id":137900,"date":"2023-07-03T16:46:58","date_gmt":"2023-07-03T19:46:58","guid":{"rendered":"https:\/\/senoticias.com.br\/se\/?p=137900"},"modified":"2023-07-03T16:55:44","modified_gmt":"2023-07-03T19:55:44","slug":"guarda-municipal-divulga-lista-de-documentos-extraviados-no-forro-caju-2023","status":"publish","type":"post","link":"https:\/\/senoticias.com.br\/se\/guarda-municipal-divulga-lista-de-documentos-extraviados-no-forro-caju-2023\/","title":{"rendered":"Guarda Municipal divulga lista de documentos extraviados no Forr\u00f3 Caju 2023"},"content":{"rendered":"\n<p>A Guarda Municipal de Aracaju (GMA), \u00f3rg\u00e3o vinculado \u00e0 Secretaria da Defesa Social e da Cidadania (Semdec), informa que documentos extraviados encontrados pela corpora\u00e7\u00e3o durante as sete noites do Forr\u00f3 Caju 2023 estar\u00e3o dispon\u00edveis para resgate a partir desta ter\u00e7a-feira, dia 4, no Comando Geral da GMA, localizado no Parque Governador Augusto Franco (Sementeira), em hor\u00e1rio comercial.<\/p>\n\n\n\n<figure class=\"wp-block-image size-large\"><img loading=\"lazy\" decoding=\"async\" width=\"591\" height=\"394\" src=\"https:\/\/senoticias.com.br\/se\/wp-content\/uploads\/2023\/07\/Guarda-Municipal-SE-Noticias.jpg\" alt=\"\" class=\"wp-image-137901\" srcset=\"https:\/\/senoticias.com.br\/se\/wp-content\/uploads\/2023\/07\/Guarda-Municipal-SE-Noticias.jpg 591w, https:\/\/senoticias.com.br\/se\/wp-content\/uploads\/2023\/07\/Guarda-Municipal-SE-Noticias-300x200.jpg 300w, https:\/\/senoticias.com.br\/se\/wp-content\/uploads\/2023\/07\/Guarda-Municipal-SE-Noticias-90x60.jpg 90w, https:\/\/senoticias.com.br\/se\/wp-content\/uploads\/2023\/07\/Guarda-Municipal-SE-Noticias-180x120.jpg 180w, https:\/\/senoticias.com.br\/se\/wp-content\/uploads\/2023\/07\/Guarda-Municipal-SE-Noticias-95x64.jpg 95w\" sizes=\"(max-width: 591px) 100vw, 591px\" \/><figcaption>Guarda Municipal divulga lista de documentos extraviados &#8211; Foto: Michel Oliveira\/AAN<\/figcaption><\/figure>\n\n\n\n<p>Os documentos ficar\u00e3o dispon\u00edveis at\u00e9 a pr\u00f3xima sexta-feira, dia 7. Ap\u00f3s essa data, ser\u00e3o encaminhados para a unidade central dos Correios em Aracaju.<\/p>\n\n\n\n<p><strong>Confira abaixo a lista de documentos recuperados:<\/strong><\/p>\n\n\n\n<figure class=\"wp-block-table\"><table><tbody><tr><td>Nome<\/td><td>Documentos<\/td><\/tr><tr><td>AILZA J. MENEZES<\/td><td>CART\u00c3O CENCOSUD<\/td><\/tr><tr><td>ANT\u00d4NIO CARLOS B. DOS SANTOS (DEVOLVIDO)<\/td><td>IDENTIFICA\u00c7\u00c3O DE JORNALISTA<\/td><\/tr><tr><td>BRUNA BATISTA LEAL<\/td><td>CART\u00c3O VISA ITI<\/td><\/tr><tr><td>CAROL KELLY SANTOS DA SILVA<\/td><td>RG<\/td><\/tr><tr><td>CLEIDINALDO RIBEIRO DOS SANTOS ANDRADE<\/td><td>RG; CART\u00c3O VACINA; CART\u00c3O INTER; CART\u00c3O TICKET; CART\u00c3O BRADESCO; CART\u00c3O NUBANK<\/td><\/tr><tr><td>DANIELLE DE JESUS SANTOS<\/td><td>RG<\/td><\/tr><tr><td>DAVID D. DE BARROS<\/td><td>CART\u00c3O SX<\/td><\/tr><tr><td>DAVID MENESES BARBSOSA<\/td><td>RG (C\u00d3PIA), CRLV EM NOME DE SAMUEL DE OLIVEIRA SANTOS<\/td><\/tr><tr><td>DENNY PEREIRA BARROS<\/td><td>CART\u00c3O ITI; CART\u00c3O VISA; CART\u00c3O SWILE<\/td><\/tr><tr><td>DHONES RAFAEL DE FARIAS<\/td><td>CART\u00c3O BANESE<\/td><\/tr><tr><td>EDIVANIA DOS S. MONTEIRO<\/td><td>CARTAO UNIMED<\/td><\/tr><tr><td>ELISSON A ANJOS<\/td><td>CART\u00c3O OURO CARD<\/td><\/tr><tr><td>ELIZANA ANDRADE C ANJOS<\/td><td>CART\u00c3O BANESE<\/td><\/tr><tr><td>ERICK SILVA MELO<\/td><td>RG<\/td><\/tr><tr><td>F\u00c1BIO FERNANDO DOS SANTOS<\/td><td>CPF; RG<\/td><\/tr><tr><td>F\u00c1BIO FERREIRA FARIAS (DEVOLVIDO)<\/td><td>CARTEIRA FUNCIONAL<\/td><\/tr><tr><td>FELIPE EDSON SILVA TAVARES<\/td><td>RG<\/td><\/tr><tr><td>FELIPE SABINO ALVES DOS SANTOS<\/td><td>RG E CART\u00c3O CAIXA EM NOME DE &#8220;&#8212;&#8212;DO DA SILVA ROCHA&#8221;<\/td><\/tr><tr><td>HENRIQUE SOUZA VITOR<\/td><td>CART\u00c3O PICPAY<\/td><\/tr><tr><td>JOACIR RODRIGUES MARANH\u00c3O DE OLIVEIRA<\/td><td>RG<\/td><\/tr><tr><td>JO\u00c3O M. OLIVEIRA<\/td><td>CART\u00c3O NUBANK<\/td><\/tr><tr><td>JOAO SANTOS<\/td><td>CART\u00c3O INTER<\/td><\/tr><tr><td>JULIA CRISTINE ANDRADE SANTOS<\/td><td>RG<\/td><\/tr><tr><td>JULLIANA M. FRANCA S<\/td><td>CART\u00c3O PICPAY<\/td><\/tr><tr><td>LEONARDO TELES<\/td><td>CART\u00c3O DE CR\u00c9DITO NU<\/td><\/tr><tr><td>LUAN DE SOUZA SILVA<\/td><td>CNH; CART\u00c3O NUBANK<\/td><\/tr><tr><td>LUCAS MATEUS JESUS SILVA<\/td><td>CART\u00c3O CAIXA; CART\u00c3O UNIMED; T\u00cdTULO DE ELEITOR; RG<\/td><\/tr><tr><td>LUCIANA BOMFIM MENEZES DIAS<\/td><td>RG<\/td><\/tr><tr><td>LUIZ FERNANDO FARIAS<\/td><td>CNH; CART\u00c3O C6 BANK<\/td><\/tr><tr><td>MARCOS ANTONIO BATISTA DOS SANTOS (DEVOLVIDO)<\/td><td>CARTEIRA OAB\/SE; CART\u00c3O CAIXA ASSIST\u00caNCIA OAB\/SE; CART\u00c3O WILL BANK; CART\u00c3O NUBANK<\/td><\/tr><tr><td>PAULO H. S. CARMO<\/td><td>CART\u00c3O NUBANK<\/td><\/tr><tr><td>RANIELLE V MARTINS<\/td><td>CART\u00c3O DE CR\u00c9DITO NU<\/td><\/tr><tr><td>RAQUEL SILVA<\/td><td>CART\u00c3O DE CR\u00c9DITO SAMS CLUB GOLD<\/td><\/tr><tr><td>RICHELLE BARBOSA DA SILVA<\/td><td>RG<\/td><\/tr><tr><td>RODRIGO FRANCISCO ARAG\u00c3O SANTOS<\/td><td>RG<\/td><\/tr><tr><td>RONALD ANDRETTI SILVA VIEIRA<\/td><td>CNH<\/td><\/tr><tr><td>TED DOMINGUES BORBOREMA<\/td><td>CART\u00c3O ELO<\/td><\/tr><tr><td>VENICIO BATISTA DOS SANTOS<\/td><td>CARTEIRA COM: RG, XEROX CART\u00c3O SUS; CART\u00c3O VACINA; XEROX CRLV; CPF<\/td><\/tr><\/tbody><\/table><\/figure>\n\n\n\n<p><\/p>\n\n\n\n<p><em><strong>Acompanhe tamb\u00e9m o SE Not\u00edcias no\u00a0<a rel=\"noreferrer noopener\" href=\"https:\/\/twitter.com\/Senoticias\" target=\"_blank\">Twitter<\/a>,\u00a0<a rel=\"noreferrer noopener\" href=\"https:\/\/www.facebook.com\/senoticias1\" target=\"_blank\">Facebook<\/a>\u00a0e no\u00a0<a rel=\"noreferrer noopener\" href=\"https:\/\/www.instagram.com\/senoticias\/\" target=\"_blank\">Instagram<\/a><\/strong><\/em><br><br>Fonte: <em>Ag\u00eancia Aracaju de Not\u00edcias<\/em><\/p>\n","protected":false},"excerpt":{"rendered":"<p>A Guarda Municipal de Aracaju (GMA), \u00f3rg\u00e3o vinculado \u00e0 Secretaria da Defesa Social e da Cidadania (Semdec), informa que documentos extraviados encontrados pela corpora\u00e7\u00e3o durante as sete noites do Forr\u00f3 Caju 2023 estar\u00e3o dispon\u00edveis para resgate a partir desta ter\u00e7a-feira, dia 4, no Comando Geral da GMA, localizado no Parque Governador Augusto Franco (Sementeira), em [&hellip;]<\/p>\n","protected":false},"author":6557,"featured_media":0,"comment_status":"closed","ping_status":"closed","sticky":false,"template":"","format":"standard","meta":{"footnotes":""},"categories":[15,38],"tags":[39322,14126,38956,8401],"class_list":{"0":"post-137900","1":"post","2":"type-post","3":"status-publish","4":"format-standard","6":"category-destaques","7":"category-municipios","8":"tag-documentos-extraviados","9":"tag-documentos-perdidos","10":"tag-forro-caju-2023","11":"tag-guarda-municipal"},"_links":{"self":[{"href":"https:\/\/senoticias.com.br\/se\/wp-json\/wp\/v2\/posts\/137900"}],"collection":[{"href":"https:\/\/senoticias.com.br\/se\/wp-json\/wp\/v2\/posts"}],"about":[{"href":"https:\/\/senoticias.com.br\/se\/wp-json\/wp\/v2\/types\/post"}],"author":[{"embeddable":true,"href":"https:\/\/senoticias.com.br\/se\/wp-json\/wp\/v2\/users\/6557"}],"replies":[{"embeddable":true,"href":"https:\/\/senoticias.com.br\/se\/wp-json\/wp\/v2\/comments?post=137900"}],"version-history":[{"count":0,"href":"https:\/\/senoticias.com.br\/se\/wp-json\/wp\/v2\/posts\/137900\/revisions"}],"wp:attachment":[{"href":"https:\/\/senoticias.com.br\/se\/wp-json\/wp\/v2\/media?parent=137900"}],"wp:term":[{"taxonomy":"category","embeddable":true,"href":"https:\/\/senoticias.com.br\/se\/wp-json\/wp\/v2\/categories?post=137900"},{"taxonomy":"post_tag","embeddable":true,"href":"https:\/\/senoticias.com.br\/se\/wp-json\/wp\/v2\/tags?post=137900"}],"curies":[{"name":"wp","href":"https:\/\/api.w.org\/{rel}","templated":true}]}}