{"id":137870,"date":"2023-06-30T14:26:30","date_gmt":"2023-06-30T17:26:30","guid":{"rendered":"https:\/\/senoticias.com.br\/se\/?p=137870"},"modified":"2023-06-30T14:26:43","modified_gmt":"2023-06-30T17:26:43","slug":"confira-a-programacao-completa-no-arraia-do-povo-para-esta-sexta-feira-30","status":"publish","type":"post","link":"https:\/\/senoticias.com.br\/se\/confira-a-programacao-completa-no-arraia-do-povo-para-esta-sexta-feira-30\/","title":{"rendered":"Confira a programa\u00e7\u00e3o completa no Arrai\u00e1 do Povo para esta sexta-feira, 30"},"content":{"rendered":"\n<p>O dia 30 de junho chegou e a programa\u00e7\u00e3o no Arrai\u00e1 do Povo, na Orla da Atalaia, segue com muito forr\u00f3. A pen\u00faltima noite da festa realizada pelo Governo de Sergipe, por meio da Funda\u00e7\u00e3o de Cultura e Arte Aperip\u00ea de Sergipe (Funcap) e Secretaria de Estado do Turismo (Setur), tem, entre as atra\u00e7\u00f5es, no Palco Rog\u00e9rio, a partir das 19 horas, Balan\u00e7a Eu, Elba Ramalho, Geraldo Azevedo e Mestrinho.<\/p>\n\n\n\n<p>A programa\u00e7\u00e3o da noite tem in\u00edcio no Coreto da Marluce, \u00e0s 18 horas, com Trio Cultural Som do Sert\u00e3o. \u00c0s 17h, a Orquestra Filarm\u00f4nica Pe. Manoel Ara\u00fajo participa do&nbsp;Arrai\u00e1 Mirim.<\/p>\n\n\n\n<figure class=\"wp-block-image size-large\"><img loading=\"lazy\" decoding=\"async\" width=\"594\" height=\"330\" src=\"https:\/\/senoticias.com.br\/se\/wp-content\/uploads\/2023\/06\/Arraia-do-Povo-SE-Noticias-3.jpg\" alt=\"\" class=\"wp-image-137871\" srcset=\"https:\/\/senoticias.com.br\/se\/wp-content\/uploads\/2023\/06\/Arraia-do-Povo-SE-Noticias-3.jpg 594w, https:\/\/senoticias.com.br\/se\/wp-content\/uploads\/2023\/06\/Arraia-do-Povo-SE-Noticias-3-300x167.jpg 300w\" sizes=\"(max-width: 594px) 100vw, 594px\" \/><figcaption>Pen\u00faltima noite do Arrai\u00e1 do Povo traz grandes nomes da m\u00fasica nordestina &#8211; Foto: Arthuro Paganini<\/figcaption><\/figure>\n\n\n\n<p>As atra\u00e7\u00f5es no Barrac\u00e3o da Sergipe come\u00e7am a se apresentar \u00e0s 19 horas, com Mimi do Acordeon, Quadrilha S\u00e3o Bento, de Nossa Senhora do Socorro, e Rebecca Melo, que fecha a noite no espa\u00e7o onde o p\u00fablico tem escolhido para dan\u00e7ar forr\u00f3 bem coladinho.<\/p>\n\n\n\n<p>No Complexo Cultural Gonzag\u00e3o, a programa\u00e7\u00e3o da Gonzagada ser\u00e1 encerrada com Ivanildo do Acordeon, Parceiro do Forr\u00f3, Gabriel Lacerda e Roj\u00e3o Diferente, com in\u00edcio \u00e0s 19 horas.<\/p>\n\n\n\n<p><strong>Pa\u00eds do forr\u00f3<\/strong><\/p>\n\n\n\n<p>Este ano, o Governo de Sergipe preparou para os festejos juninos no estado uma programa\u00e7\u00e3o com mais de 30 dias de festa. Na capital, a festa acontecer\u00e1 em cinco pontos: Arrai\u00e1 do Povo, na Orla da Atalaia, Rua S\u00e3o Jo\u00e3o, Gonzag\u00e3o, Centro de Criatividade e 18 do Forte. No total, ser\u00e3o mais de 250 atra\u00e7\u00f5es, sendo 140 sergipanas, 40 nacionais, 60 apresenta\u00e7\u00f5es de quadrilhas juninas e 40 trios p\u00e9s de serra.<\/p>\n\n\n\n<p>A programa\u00e7\u00e3o dos festejos juninos realizada pelo Governo de Sergipe tem o patroc\u00ednio do Banese, Deso, Marat\u00e1, PagBet e Eneva, e apoio da Energisa e MOB.<\/p>\n\n\n\n<p><strong>Confira a programa\u00e7\u00e3o:<\/strong><\/p>\n\n\n\n<p><strong>Coreto da Marluce<\/strong><\/p>\n\n\n\n<p>18h &#8211; Trio Cultural Som do Sert\u00e3o<\/p>\n\n\n\n<p><strong>Arrai\u00e1 Mirim<\/strong><\/p>\n\n\n\n<p>17h &#8211; Orquestra Filarm\u00f4nica Pe. Manoel Ara\u00fajo<\/p>\n\n\n\n<p><strong>Palco Rog\u00e9rio<\/strong><\/p>\n\n\n\n<p>19h &#8211; Balan\u00e7a Eu<br>21h &#8211; Elba Ramalho<br>23h &#8211; Geraldo Azevedo<br>1h &#8211; Mestrinho<\/p>\n\n\n\n<p><strong>Barrac\u00e3o da Sergipe<\/strong><\/p>\n\n\n\n<p>19h &#8211; Mimi do Acordeon<br>20h30 &#8211; Quadrilha Junina S\u00e3o Bento (Socorro)<br>21h &#8211; Rebecca Melo<\/p>\n\n\n\n<p><strong>Gonzagada<\/strong><\/p>\n\n\n\n<p>Ivanildo do Acordeon<br>Parceiro do Forr\u00f3<br>Gabriel Lacerda<br>Roj\u00e3o Diferente<\/p>\n\n\n\n<p><em><strong>Acompanhe tamb\u00e9m o SE Not\u00edcias no\u00a0<a rel=\"noreferrer noopener\" href=\"https:\/\/twitter.com\/Senoticias\" target=\"_blank\">Twitter<\/a>,\u00a0<a rel=\"noreferrer noopener\" href=\"https:\/\/www.facebook.com\/senoticias1\" target=\"_blank\">Facebook<\/a>\u00a0e no\u00a0<a rel=\"noreferrer noopener\" href=\"https:\/\/www.instagram.com\/senoticias\/\" target=\"_blank\">Instagram<\/a><\/strong><\/em><\/p>\n\n\n\n<p>Fonte: Ag\u00eancia Sergipe de Not\u00edcias<\/p>\n","protected":false},"excerpt":{"rendered":"<p>O dia 30 de junho chegou e a programa\u00e7\u00e3o no Arrai\u00e1 do Povo, na Orla da Atalaia, segue com muito forr\u00f3. A pen\u00faltima noite da festa realizada pelo Governo de Sergipe, por meio da Funda\u00e7\u00e3o de Cultura e Arte Aperip\u00ea de Sergipe (Funcap) e Secretaria de Estado do Turismo (Setur), tem, entre as atra\u00e7\u00f5es, no [&hellip;]<\/p>\n","protected":false},"author":6557,"featured_media":0,"comment_status":"closed","ping_status":"closed","sticky":false,"template":"","format":"standard","meta":{"footnotes":""},"categories":[15,21],"tags":[616,38908,39263,39301],"class_list":{"0":"post-137870","1":"post","2":"type-post","3":"status-publish","4":"format-standard","6":"category-destaques","7":"category-entretenimento","8":"tag-arraia-do-povo","9":"tag-elba-ramalho","10":"tag-mestrinho","11":"tag-programacao-arraia-do-povod"},"_links":{"self":[{"href":"https:\/\/senoticias.com.br\/se\/wp-json\/wp\/v2\/posts\/137870"}],"collection":[{"href":"https:\/\/senoticias.com.br\/se\/wp-json\/wp\/v2\/posts"}],"about":[{"href":"https:\/\/senoticias.com.br\/se\/wp-json\/wp\/v2\/types\/post"}],"author":[{"embeddable":true,"href":"https:\/\/senoticias.com.br\/se\/wp-json\/wp\/v2\/users\/6557"}],"replies":[{"embeddable":true,"href":"https:\/\/senoticias.com.br\/se\/wp-json\/wp\/v2\/comments?post=137870"}],"version-history":[{"count":0,"href":"https:\/\/senoticias.com.br\/se\/wp-json\/wp\/v2\/posts\/137870\/revisions"}],"wp:attachment":[{"href":"https:\/\/senoticias.com.br\/se\/wp-json\/wp\/v2\/media?parent=137870"}],"wp:term":[{"taxonomy":"category","embeddable":true,"href":"https:\/\/senoticias.com.br\/se\/wp-json\/wp\/v2\/categories?post=137870"},{"taxonomy":"post_tag","embeddable":true,"href":"https:\/\/senoticias.com.br\/se\/wp-json\/wp\/v2\/tags?post=137870"}],"curies":[{"name":"wp","href":"https:\/\/api.w.org\/{rel}","templated":true}]}}