{"id":137864,"date":"2023-06-30T11:41:55","date_gmt":"2023-06-30T14:41:55","guid":{"rendered":"https:\/\/senoticias.com.br\/se\/?p=137864"},"modified":"2023-06-30T12:16:07","modified_gmt":"2023-06-30T15:16:07","slug":"em-sergipe-deputada-estadual-denuncia-ameacas-de-morte-e-para-renunciar-ao-cargo","status":"publish","type":"post","link":"https:\/\/senoticias.com.br\/se\/em-sergipe-deputada-estadual-denuncia-ameacas-de-morte-e-para-renunciar-ao-cargo\/","title":{"rendered":"Em Sergipe, deputada estadual denuncia amea\u00e7as de morte e para renunciar ao cargo"},"content":{"rendered":"\n<p>A deputada estadual Linda Brasil (Psol) foi \u00e0 Pol\u00edcia Civil pedir provid\u00eancias contra a amea\u00e7a de morte que recebeu, atrav\u00e9s de um e-mail enviado para a Escola do Legislativo da Assembleia. A pessoa que fez a amea\u00e7a exige a ren\u00fancia da parlamentar e faz ataques transf\u00f3bicos e discurso de \u00f3dio. Ap\u00f3s ser informada da amea\u00e7a pela presid\u00eancia do Parlamento sergipano, Linda prestou boletim de ocorr\u00eancia no Centro de Opera\u00e7\u00f5es Pol\u00edcias Especiais (Cope) e comunicou o fato \u00e0 Pol\u00edcia Federal.<\/p>\n\n\n\n<figure class=\"wp-block-image size-large\"><img loading=\"lazy\" decoding=\"async\" width=\"589\" height=\"963\" src=\"https:\/\/senoticias.com.br\/se\/wp-content\/uploads\/2023\/06\/Deputada-Linda-Brasil-Se-Noticias.jpg\" alt=\"\" class=\"wp-image-137865\" srcset=\"https:\/\/senoticias.com.br\/se\/wp-content\/uploads\/2023\/06\/Deputada-Linda-Brasil-Se-Noticias.jpg 589w, https:\/\/senoticias.com.br\/se\/wp-content\/uploads\/2023\/06\/Deputada-Linda-Brasil-Se-Noticias-183x300.jpg 183w\" sizes=\"(max-width: 589px) 100vw, 589px\" \/><figcaption>Deputada Linda Brasil informou que tamb\u00e9m comunicou o caso \u00e0 Pol\u00edcia Federal &#8211; Foto: arquivo\/SE Not\u00edcias<\/figcaption><\/figure>\n\n\n\n<p>A deputada Linda Brasil disse que a instaura\u00e7\u00e3o do inqu\u00e9rito foi realizada com implementa\u00e7\u00e3o de diversas dilig\u00eancias. \u201cEssa amea\u00e7a \u00e9 inaceit\u00e1vel, covarde, pretende mim coagir e calar, al\u00e9m de ferir os princ\u00edpios democr\u00e1ticos e de respeito aos direitos humanos. Trata-se de uma clara amea\u00e7a pol\u00edtica de g\u00eanero e contra as pautas em defesa dos direitos humanos. Apesar da amea\u00e7a, n\u00e3o serei intimidada\u201d, afirmou<\/p>\n\n\n\n<p>A deputada disse, ainda, j\u00e1 ter solicitado \u201c\u00e0s autoridades policiais uma investiga\u00e7\u00e3o rigorosa para identificar os respons\u00e1veis. com objetivo de garantir n\u00e3o s\u00f3 a minha seguran\u00e7a e integridade f\u00edsica, mas tamb\u00e9m a da minha equipe\u201d.<\/p>\n\n\n\n<p>Segundo Linda, primeira mulher trans a ser eleita para a Assembleia Legislativa de Sergipe, a Pol\u00edcia est\u00e1 investigando de onde partiu a amea\u00e7a. Ela revelou que o nome que aparece como remetente do e-mail \u00e9 usado por uma quadrilha de \u00f3dio da internet no Brasil, cujo modus operandi \u00e9 o ataque contra mulheres parlamentares e defensoras de Direitos Humanos em todo o pa\u00eds.<br><br>\u2013 Infelizmente, esse \u00e9 mais um exemplo de viol\u00eancia de g\u00eanero, carater\u00edstica desses grupos que buscam silenciar vozes como a minha. N\u00e3o vou me calar! Continuarei sendo resist\u00eancia, disse Linda Brasil.<\/p>\n\n\n\n<p><em><strong>Acompanhe tamb\u00e9m o SE Not\u00edcias no&nbsp;<a rel=\"noreferrer noopener\" href=\"https:\/\/twitter.com\/Senoticias\" target=\"_blank\">Twitter<\/a>,&nbsp;<a rel=\"noreferrer noopener\" href=\"https:\/\/www.facebook.com\/senoticias1\" target=\"_blank\">Facebook<\/a>&nbsp;e no&nbsp;<a rel=\"noreferrer noopener\" href=\"https:\/\/www.instagram.com\/senoticias\/\" target=\"_blank\">Instagram<\/a><\/strong><\/em><\/p>\n\n\n\n<p><em>Fonte: Adiberto de Souza<\/em><\/p>\n","protected":false},"excerpt":{"rendered":"<p>A deputada estadual Linda Brasil (Psol) foi \u00e0 Pol\u00edcia Civil pedir provid\u00eancias contra a amea\u00e7a de morte que recebeu, atrav\u00e9s de um e-mail enviado para a Escola do Legislativo da Assembleia. A pessoa que fez a amea\u00e7a exige a ren\u00fancia da parlamentar e faz ataques transf\u00f3bicos e discurso de \u00f3dio. Ap\u00f3s ser informada da amea\u00e7a [&hellip;]<\/p>\n","protected":false},"author":6557,"featured_media":0,"comment_status":"closed","ping_status":"closed","sticky":false,"template":"","format":"standard","meta":{"footnotes":""},"categories":[15,6,1],"tags":[39294,39293,37367],"class_list":{"0":"post-137864","1":"post","2":"type-post","3":"status-publish","4":"format-standard","6":"category-destaques","7":"category-politica","8":"category-sem-categoria","9":"tag-deputada-ameacada-de-morte","10":"tag-deputada-linda","11":"tag-deputada-linda-brasil"},"_links":{"self":[{"href":"https:\/\/senoticias.com.br\/se\/wp-json\/wp\/v2\/posts\/137864"}],"collection":[{"href":"https:\/\/senoticias.com.br\/se\/wp-json\/wp\/v2\/posts"}],"about":[{"href":"https:\/\/senoticias.com.br\/se\/wp-json\/wp\/v2\/types\/post"}],"author":[{"embeddable":true,"href":"https:\/\/senoticias.com.br\/se\/wp-json\/wp\/v2\/users\/6557"}],"replies":[{"embeddable":true,"href":"https:\/\/senoticias.com.br\/se\/wp-json\/wp\/v2\/comments?post=137864"}],"version-history":[{"count":0,"href":"https:\/\/senoticias.com.br\/se\/wp-json\/wp\/v2\/posts\/137864\/revisions"}],"wp:attachment":[{"href":"https:\/\/senoticias.com.br\/se\/wp-json\/wp\/v2\/media?parent=137864"}],"wp:term":[{"taxonomy":"category","embeddable":true,"href":"https:\/\/senoticias.com.br\/se\/wp-json\/wp\/v2\/categories?post=137864"},{"taxonomy":"post_tag","embeddable":true,"href":"https:\/\/senoticias.com.br\/se\/wp-json\/wp\/v2\/tags?post=137864"}],"curies":[{"name":"wp","href":"https:\/\/api.w.org\/{rel}","templated":true}]}}