{"id":137859,"date":"2023-06-29T16:58:41","date_gmt":"2023-06-29T19:58:41","guid":{"rendered":"https:\/\/senoticias.com.br\/se\/?p=137859"},"modified":"2023-06-29T16:58:48","modified_gmt":"2023-06-29T19:58:48","slug":"apos-placar-de-3x1-a-favor-da-inelegibilidade-de-bolsonaro-o-tse-suspende-sessao-julgamento-continua-amanha","status":"publish","type":"post","link":"https:\/\/senoticias.com.br\/se\/apos-placar-de-3x1-a-favor-da-inelegibilidade-de-bolsonaro-o-tse-suspende-sessao-julgamento-continua-amanha\/","title":{"rendered":"Ap\u00f3s placar de 3&#215;1 a favor da inelegibilidade de Bolsonaro, o TSE suspende sess\u00e3o; julgamento continua amanh\u00e3"},"content":{"rendered":"\n<p><\/p>\n\n\n\n<p>O Tribunal Superior Eleitoral (TSE) prosseguiu nesta quinta-feira, 29, com o julgamento do ex-presidente Jair Bolsonaro (PL). Com a vota\u00e7\u00e3o de 3 a 1 a favor da inelegibilidade do ex-chefe do Executivo por 8 anos, a sess\u00e3o foi interrompida e ser\u00e1 retomada amanh\u00e3, sexta-feira, 30, \u00e0s 12h.<\/p>\n\n\n\n<p>Essa foi a terceira sess\u00e3o destinada \u00e0 an\u00e1lise do caso, e teve in\u00edcio com o voto divergente do ministro Raul Ara\u00fajo. O magistrado apresentou sua posi\u00e7\u00e3o contr\u00e1ria \u00e0s acusa\u00e7\u00f5es feitas a Bolsonaro, defendendo a rejei\u00e7\u00e3o das mesmas.<\/p>\n\n\n\n<figure class=\"wp-block-image size-large\"><img loading=\"lazy\" decoding=\"async\" width=\"428\" height=\"285\" src=\"https:\/\/senoticias.com.br\/se\/wp-content\/uploads\/2019\/09\/bolsonaro-coletiva-0108.png\" alt=\"\" class=\"wp-image-119886\" srcset=\"https:\/\/senoticias.com.br\/se\/wp-content\/uploads\/2019\/09\/bolsonaro-coletiva-0108.png 428w, https:\/\/senoticias.com.br\/se\/wp-content\/uploads\/2019\/09\/bolsonaro-coletiva-0108-300x200.png 300w, https:\/\/senoticias.com.br\/se\/wp-content\/uploads\/2019\/09\/bolsonaro-coletiva-0108-90x60.png 90w, https:\/\/senoticias.com.br\/se\/wp-content\/uploads\/2019\/09\/bolsonaro-coletiva-0108-180x120.png 180w, https:\/\/senoticias.com.br\/se\/wp-content\/uploads\/2019\/09\/bolsonaro-coletiva-0108-95x64.png 95w\" sizes=\"(max-width: 428px) 100vw, 428px\" \/><figcaption>Bolsonaro pode ficar ineleg\u00edvel por oito anos &#8211; Foto: Fabio Rodrigues Pozzebom\/Ag\u00eancia Brasil<\/figcaption><\/figure>\n\n\n\n<p>Posteriormente, os ministros Floriano de Azevedo Marques e Andr\u00e9 Ramos Tavares tamb\u00e9m proferiram seus votos, desta vez em favor da condena\u00e7\u00e3o do ex-presidente.<\/p>\n\n\n\n<p>Ainda est\u00e3o pendentes os votos da ministra C\u00e1rmen L\u00facia, al\u00e9m dos ministros Nunes Marques e Alexandre de Moraes, que tamb\u00e9m \u00e9 o presidente do tribunal.<\/p>\n\n\n\n<p>Na \u00faltima ter\u00e7a, 27, o relator e ministro Benedito Gon\u00e7alves votou pela inelegibilidade de Bolsonaro por ter cometido abuso de poder pol\u00edtico e uso indevido dos meios de comunica\u00e7\u00e3o.<\/p>\n\n\n\n<p>O ex-presidente e o seu candidato a vice-presidente, Walter Braga Netto, enfrentam acusa\u00e7\u00f5es de abuso de poder pol\u00edtico e uso indevido dos meios de comunica\u00e7\u00e3o. Braga Netto foi absolvido da acusa\u00e7\u00e3o no voto de Benedito Gon\u00e7alves, em raz\u00e3o de n\u00e3o ter sido demonstrada sua responsabilidade nas pr\u00e1ticas il\u00edcitas apontadas nos autos.<\/p>\n\n\n\n<p><strong>Veja os detalhes do julgamento de hoje<\/strong><\/p>\n\n\n\n<p><strong>Placar<\/strong><br><br>Ap\u00f3s Andr\u00e9 Ramos Tavares acompanhar o parecer do relator e votou pela condena\u00e7\u00e3o de Bolsonaro. Agora, o placar ficou 3 x 1 contra o ex-presidente antes da sess\u00e3o ser suspensa. Restam os votos de mais 3 ministros para definir o resultado do julgamento. Ministra Carmen L\u00facia vota agora.<\/p>\n\n\n\n<p><strong>Andr\u00e9 Ramos Tavares tamb\u00e9m conclui que ocorreu abuso de poder<\/strong><br><br>O ministro Andr\u00e9 Ramos Tavares tamb\u00e9m concluiu que ocorreu desvio de finalidade e abuso de poder, al\u00e9m de destacar a gravidade da conduta.<\/p>\n\n\n\n<p>Tavares ressaltou que o discurso apresentado est\u00e1 repleto de informa\u00e7\u00f5es falsas e ataques diretos a partidos pol\u00edticos, candidatos, ministros do STF e do TSE.<\/p>\n\n\n\n<p><strong>Floriano de Azevedo Marques conclui que houve abuso de poder<\/strong><br><br>Marques, terceiro ministro a votar, destacou que a reuni\u00e3o com embaixadores ocorreu de forma improvisada, na resid\u00eancia oficial do presidente, o que indica que n\u00e3o se tratou de um evento regular da agenda presidencial.<\/p>\n\n\n\n<p>Quanto ao discurso de Bolsonaro, o ministro ressaltou que havia um claro objetivo eleitoral, comparando-o a um discurso de campanha realizado em uma pra\u00e7a de uma cidade do interior.<\/p>\n\n\n\n<p>&#8220;Se aproximou muito de um discurso de com\u00edcio em pra\u00e7a do interior&#8221;, disse.<\/p>\n\n\n\n<p>Magistrado concluiu que a conduta de Bolsonaro na reuni\u00e3o com embaixadores caracterizou abuso de poder e desvio de finalidade.<\/p>\n\n\n\n<p><strong>Raul Ara\u00fajo muda de posi\u00e7\u00e3o sobre minuta golpista<\/strong><br><br>O ministro Raul Ara\u00fajo, o segundo a votar no julgamento, alterou sua posi\u00e7\u00e3o anterior e decidiu n\u00e3o incluir a minuta golpista encontrada na casa do ex-ministro Anderson Torres no processo em an\u00e1lise nesta manh\u00e3.<\/p>\n\n\n\n<p>O magistrado adotou a tese de que o documento n\u00e3o deve ser considerado no processo que trata dos ataques de Bolsonaro ao sistema eleitoral durante a reuni\u00e3o com embaixadores em julho de 2022.<\/p>\n\n\n\n<p>No seu voto, o ministro Ara\u00fajo sustentou que a minuta golpista n\u00e3o est\u00e1 diretamente relacionada aos eventos que motivaram a a\u00e7\u00e3o movida pelo PDT contra o ex-presidente. Ele tamb\u00e9m ressaltou a falta de informa\u00e7\u00e3o sobre a autoria do documento.<\/p>\n\n\n\n<p>\u201cIndependentemente do referendo da decis\u00e3o do relator, o tema daquela quest\u00e3o processual persiste aberto \u00e0 discuss\u00e3o\u201d, justificou-se Raul Ara\u00fajo.<\/p>\n\n\n\n<p>O ministro argumentou ainda que a an\u00e1lise sobre a pertin\u00eancia da inclus\u00e3o do documento deve ser abordada no julgamento final da a\u00e7\u00e3o.<\/p>\n\n\n\n<p>A inclus\u00e3o da minuta golpista na a\u00e7\u00e3o do PDT foi aprovada por unanimidade no plen\u00e1rio do TSE em fevereiro deste ano, contando com o voto favor\u00e1vel de todos os ministros, inclusive o do ministro Raul Ara\u00fajo.<\/p>\n\n\n\n<p>Anteriormente, o advogado do ex-presidente j\u00e1 tinha argumentado no mesmo sentido.<\/p>\n\n\n\n<p><strong>Como votou Ara\u00fajo<\/strong><br><br>Na sua manifesta\u00e7\u00e3o, o ministro Raul Ara\u00fajo destacou que durante a reuni\u00e3o com embaixadores, foram apresentados fatos que s\u00e3o conhecidos por serem inver\u00eddicos e que j\u00e1 foram desmentidos.<\/p>\n\n\n\n<p>Ara\u00fajo reconheceu que o evento teve uma conota\u00e7\u00e3o eleitoral, por\u00e9m ressaltou que Bolsonaro abordou assuntos, como o voto impresso, que s\u00e3o pass\u00edveis de discuss\u00e3o.<\/p>\n\n\n\n<p>&#8220;Numa democracia n\u00e3o h\u00e1 de ter limites ao direito fundamental \u00e0 d\u00favida. Cada cidad\u00e3o \u00e9 livre para duvidar&#8221;, disse.<\/p>\n\n\n\n<p>O magistrado tamb\u00e9m argumentou que o relator utilizou elementos que extrapolaram o tema da a\u00e7\u00e3o em quest\u00e3o.<\/p>\n\n\n\n<p>Por fim, ele defendeu que a an\u00e1lise de poss\u00edveis abusos deve se basear nos pr\u00f3prios contornos do fato em quest\u00e3o, sem levar em considera\u00e7\u00e3o impactos e eventos futuros.<\/p>\n\n\n\n<p><strong>Estrat\u00e9gia da defesa<\/strong><br><br>O advogado de Jair Bolsonaro, Tarc\u00edsio Vieira de Carvalho Neto, afirmou que ir\u00e1 recorrer ao Supremo Tribunal Federal (STF) caso o TSE decida pela inelegibilidade do ex-presidente.<\/p>\n\n\n\n<p>No entanto, essa possibilidade s\u00f3 poder\u00e1 ser concretizada ap\u00f3s esgotados todos os recursos na Corte Eleitoral. Nesse caso, a defesa dever\u00e1 apresentar os &#8220;embargos de declara\u00e7\u00e3o&#8221;, que permitem ao r\u00e9u questionar eventuais contradi\u00e7\u00f5es ou omiss\u00f5es no julgamento.<\/p>\n\n\n\n<p>\u00c9 importante ressaltar que esse recurso n\u00e3o tem o poder de alterar a decis\u00e3o e n\u00e3o suspende uma poss\u00edvel inelegibilidade.<\/p>\n\n\n\n<p><strong>Entenda o caso<\/strong><\/p>\n\n\n\n<p>Em julho de 2022, ocorreu uma reuni\u00e3o no Pal\u00e1cio da Alvorada entre o ex-presidente Jair Bolsonaro e embaixadores.<\/p>\n\n\n\n<p>Durante o encontro, Bolsonaro fez questionamentos em rela\u00e7\u00e3o ao resultado do sistema eleitoral de 2018, levantou d\u00favidas sobre a seguran\u00e7a das urnas eletr\u00f4nicas e fez cr\u00edticas a ministros de tribunais superiores. O evento foi transmitido pela TV Brasil.<\/p>\n\n\n\n<p>O PDT requereu a inelegibilidade do ex-presidente e a cassa\u00e7\u00e3o da chapa de Bolsonaro junto ao general Braga Netto.<\/p>\n\n\n\n<p>Al\u00e9m disso, o partido tamb\u00e9m solicitou a exclus\u00e3o de v\u00eddeos do conte\u00fado publicado pela Ag\u00eancia Brasil, o que j\u00e1 foi realizado.<\/p>\n\n\n\n<p><strong>O julgamento at\u00e9 aqui<\/strong><\/p>\n\n\n\n<p>Na sess\u00e3o ocorrida na \u00faltima quinta-feira, 22, o relator do caso apresentou o relat\u00f3rio completo da a\u00e7\u00e3o, que consiste em um documento de 43 p\u00e1ginas.<\/p>\n\n\n\n<p>Posteriormente, os representantes do PDT, do ex-presidente e do general Braga Netto fizeram suas sustenta\u00e7\u00f5es orais perante o tribunal.<\/p>\n\n\n\n<p>O vice-procurador-geral da Rep\u00fablica, Paulo Gustavo Gonet Branco, alegou que Bolsonaro cometeu abuso de poder pol\u00edtico ao convocar uma reuni\u00e3o com embaixadores e questionar o processo eleitoral, levantando d\u00favidas sobre sua integridade.<\/p>\n\n\n\n<p>Ap\u00f3s a exposi\u00e7\u00e3o do parecer do Minist\u00e9rio P\u00fablico Eleitoral (MPE), no qual foi defendida a inelegibilidade de Bolsonaro, o julgamento foi interrompido.<\/p>\n\n\n\n<p>A sess\u00e3o de ter\u00e7a come\u00e7ou com o parecer do relator do processo, ministro Benedito Gon\u00e7alves, que informou que o texto de seu voto possui 382 p\u00e1ginas, respaldadas em transcri\u00e7\u00f5es e \u201crigorosa an\u00e1lise de todas as provas\u201d. &#8220;N\u00e3o \u00e9 poss\u00edvel fechar os olhos para os efeitos dos discursos antidemocr\u00e1ticos e de mentiras&#8221;, ressaltou, durante sua fala.<\/p>\n\n\n\n<p>Uma das primeiras quest\u00f5es levantadas pelo relator foi relacionada \u00e0 inclus\u00e3o da chamada &#8220;minuta do golpe&#8221; no processo. Esse documento foi apreendido durante as investiga\u00e7\u00f5es relacionadas aos atos ocorridos em 8 de janeiro, na resid\u00eancia do ex-ministro Anderson Torres.<\/p>\n\n\n\n<p>Gon\u00e7alves disse ser favor\u00e1vel \u00e0 inclus\u00e3o da minuta no processo, assim como de elementos sobre os ataques do dia 8 de janeiro por serem \u201cfatos relacionados ao pedido\u201d da a\u00e7\u00e3o. A inclus\u00e3o da minuta j\u00e1 havia tido o aval do TSE em fevereiro, relembra.<\/p>\n\n\n\n<p>Em suas considera\u00e7\u00f5es finais, Benedito Gon\u00e7alves afirmou que Bolsonaro criou uma &#8220;inexistente conspira\u00e7\u00e3o&#8221; ao desacreditar nas urnas eletr\u00f4nicas e no TSE. O ministro considerou ainda que houve abuso de poder pol\u00edtico por parte do ex-presidente enquanto ocupava o cargo.<\/p>\n\n\n\n<p><em><strong>Acompanhe tamb\u00e9m o SE Not\u00edcias no\u00a0<a rel=\"noreferrer noopener\" href=\"https:\/\/twitter.com\/Senoticias\" target=\"_blank\">Twitter<\/a>,\u00a0<a rel=\"noreferrer noopener\" href=\"https:\/\/www.facebook.com\/senoticias1\" target=\"_blank\">Facebook<\/a>\u00a0e no\u00a0<a rel=\"noreferrer noopener\" href=\"https:\/\/www.instagram.com\/senoticias\/\" target=\"_blank\">Instagram<\/a><\/strong><\/em><\/p>\n\n\n\n<p>Fonte: Portal Terra<\/p>\n\n\n\n<p><\/p>\n\n\n\n<p><\/p>\n\n\n\n<p><\/p>\n\n\n\n<p><br><br><\/p>\n\n\n\n<p><\/p>\n\n\n\n<p><\/p>\n\n\n\n<p><\/p>\n\n\n\n<p><\/p>\n\n\n\n<p>.<\/p>\n\n\n\n<p><\/p>\n","protected":false},"excerpt":{"rendered":"<p>O Tribunal Superior Eleitoral (TSE) prosseguiu nesta quinta-feira, 29, com o julgamento do ex-presidente Jair Bolsonaro (PL). Com a vota\u00e7\u00e3o de 3 a 1 a favor da inelegibilidade do ex-chefe do Executivo por 8 anos, a sess\u00e3o foi interrompida e ser\u00e1 retomada amanh\u00e3, sexta-feira, 30, \u00e0s 12h. Essa foi a terceira sess\u00e3o destinada \u00e0 an\u00e1lise [&hellip;]<\/p>\n","protected":false},"author":6557,"featured_media":0,"comment_status":"closed","ping_status":"closed","sticky":false,"template":"","format":"standard","meta":{"footnotes":""},"categories":[15,2961],"tags":[3272,37055,549,550],"class_list":{"0":"post-137859","1":"post","2":"type-post","3":"status-publish","4":"format-standard","6":"category-destaques","7":"category-nacional","8":"tag-bolsonaro","9":"tag-inelegibilidade","10":"tag-tribunal-superior-eleitoral","11":"tag-tse"},"_links":{"self":[{"href":"https:\/\/senoticias.com.br\/se\/wp-json\/wp\/v2\/posts\/137859"}],"collection":[{"href":"https:\/\/senoticias.com.br\/se\/wp-json\/wp\/v2\/posts"}],"about":[{"href":"https:\/\/senoticias.com.br\/se\/wp-json\/wp\/v2\/types\/post"}],"author":[{"embeddable":true,"href":"https:\/\/senoticias.com.br\/se\/wp-json\/wp\/v2\/users\/6557"}],"replies":[{"embeddable":true,"href":"https:\/\/senoticias.com.br\/se\/wp-json\/wp\/v2\/comments?post=137859"}],"version-history":[{"count":0,"href":"https:\/\/senoticias.com.br\/se\/wp-json\/wp\/v2\/posts\/137859\/revisions"}],"wp:attachment":[{"href":"https:\/\/senoticias.com.br\/se\/wp-json\/wp\/v2\/media?parent=137859"}],"wp:term":[{"taxonomy":"category","embeddable":true,"href":"https:\/\/senoticias.com.br\/se\/wp-json\/wp\/v2\/categories?post=137859"},{"taxonomy":"post_tag","embeddable":true,"href":"https:\/\/senoticias.com.br\/se\/wp-json\/wp\/v2\/tags?post=137859"}],"curies":[{"name":"wp","href":"https:\/\/api.w.org\/{rel}","templated":true}]}}