{"id":137836,"date":"2023-06-28T10:11:22","date_gmt":"2023-06-28T13:11:22","guid":{"rendered":"https:\/\/senoticias.com.br\/se\/?p=137836"},"modified":"2023-06-28T10:13:46","modified_gmt":"2023-06-28T13:13:46","slug":"vespera-de-sao-pedro-tera-pedro-luan-flavio-jose-e-vitor-fernandes-no-arraia-do-povo","status":"publish","type":"post","link":"https:\/\/senoticias.com.br\/se\/vespera-de-sao-pedro-tera-pedro-luan-flavio-jose-e-vitor-fernandes-no-arraia-do-povo\/","title":{"rendered":"V\u00e9spera de S\u00e3o Pedro ter\u00e1 Pedro Luan, Fl\u00e1vio Jos\u00e9 e Vitor Fernandes no Arrai\u00e1 do Povo"},"content":{"rendered":"\n<p>Nesta quarta-feira, 28, na v\u00e9spera do Dia de S\u00e3o Pedro, o palco Rog\u00e9rio, no Arrai\u00e1 do Povo, recebe os cantores Pedro Luan, Fl\u00e1vio Jos\u00e9 e Vitor Fernandes, na Orla da Atalaia. As atra\u00e7\u00f5es prometem reunir um grande p\u00fablico para celebrar a data e dan\u00e7ar muito ao som do forr\u00f3 tradicional do serpiano Pedro Luan e do renomado forrozeiro Fl\u00e1vio Jos\u00e9, assim como com o piseiro de Vitor Fernandes.<\/p>\n\n\n\n<figure class=\"wp-block-image size-large\"><img loading=\"lazy\" decoding=\"async\" width=\"1024\" height=\"568\" src=\"https:\/\/senoticias.com.br\/se\/wp-content\/uploads\/2023\/06\/arraia-do-povo-senoticias-2-1024x568.jpg\" alt=\"\" class=\"wp-image-137837\"\/><figcaption>Shows seguem, tamb\u00e9m, no Complexo Cultural Gonzag\u00e3o, no Augusto Franco. &#8211; Foto: Arthuro Paganini<\/figcaption><\/figure>\n\n\n\n<p>Na Vila do Forr\u00f3, Cassiano Costa, o Samba de Coco da Mussuca e o Grupo Repente garantem a anima\u00e7\u00e3o no Barrac\u00e3o da Sergipe.<\/p>\n\n\n\n<p>J\u00e1 no Coreto da Marluce, o forrozinho fica por conta de Xigueu do Forr\u00f3 e Trio Luar da Ilha.<\/p>\n\n\n\n<p><strong>Gonzagada<\/strong><\/p>\n\n\n\n<p>Os shows seguem, tamb\u00e9m, no Complexo Cultural Gonzag\u00e3o, no Augusto Franco, onde as m\u00fasicas de Adalvenon, Forroz\u00e3o Argol\u00e3o de Ouro e Forr\u00f3 dos Bal\u00f5es d\u00e3o o tom ao espa\u00e7o.<\/p>\n\n\n\n<p><strong>Pa\u00eds do forr\u00f3<\/strong><\/p>\n\n\n\n<p>Este ano, o Governo de Sergipe preparou para os festejos juninos no estado uma programa\u00e7\u00e3o com mais de 30 dias de festa. Na capital, a festa acontecer\u00e1 em cinco pontos: Arrai\u00e1 do Povo, na Orla da Atalaia, Rua S\u00e3o Jo\u00e3o, Gonzag\u00e3o, Centro de Criatividade e 18 do Forte. No total, ser\u00e3o mais de 250 atra\u00e7\u00f5es, sendo 140 sergipanas, 40 nacionais, 60 apresenta\u00e7\u00f5es de quadrilhas juninas e 40 trios p\u00e9s de serra.<\/p>\n\n\n\n<p>A programa\u00e7\u00e3o dos festejos juninos realizada pelo Governo de Sergipe tem o patroc\u00ednio do Banese, Deso, Marat\u00e1, PagBet e Eneva, e apoio da Energisa e MOB.<\/p>\n\n\n\n<p><strong>Confira a programa\u00e7\u00e3o:<\/strong><\/p>\n\n\n\n<p><strong>Palco Rog\u00e9rio (Orla da Atalaia)<\/strong><\/p>\n\n\n\n<ul class=\"wp-block-list\"><li>19h- Pedro Luan<\/li><li>21h- Fl\u00e1vio Jos\u00e9<\/li><li>23h- Vitor Fernandes<\/li><\/ul>\n\n\n\n<p><strong>Barrac\u00e3o da Sergipe (Orla da Atalaia)<\/strong><\/p>\n\n\n\n<ul class=\"wp-block-list\"><li>19h- Cassiano Costa<\/li><li>20h30- Samba de Coco da Mussuca<\/li><li>21h- Grupo Repente<\/li><\/ul>\n\n\n\n<p><strong>Coreto da Marluce (Orla da Atalaia)<\/strong><\/p>\n\n\n\n<ul class=\"wp-block-list\"><li>18h30- Xigueu do Forr\u00f3 e Trio Luar da Ilha<\/li><\/ul>\n\n\n\n<p><strong>Gonzagada (Complexo Cultural Gonzag\u00e3o)<\/strong><\/p>\n\n\n\n<ul class=\"wp-block-list\"><li>19h &#8211; Adalvenon<\/li><li>20h30- Forroz\u00e3o Argol\u00e3o de Ouro<\/li><li>22h- Forr\u00f3 dos Bal\u00f5es<\/li><\/ul>\n\n\n\n<p><em><strong>Acompanhe tamb\u00e9m o SE Not\u00edcias no&nbsp;<a rel=\"noreferrer noopener\" href=\"https:\/\/twitter.com\/Senoticias\" target=\"_blank\">Twitter<\/a>,&nbsp;<a rel=\"noreferrer noopener\" href=\"https:\/\/www.facebook.com\/senoticias1\" target=\"_blank\">Facebook<\/a>&nbsp;e no&nbsp;<a rel=\"noreferrer noopener\" href=\"https:\/\/www.instagram.com\/senoticias\/\" target=\"_blank\">Instagram<\/a><\/strong><\/em><\/p>\n\n\n\n<p>Fonte: Governo De Sergipe<\/p>\n","protected":false},"excerpt":{"rendered":"<p>Nesta quarta-feira, 28, na v\u00e9spera do Dia de S\u00e3o Pedro, o palco Rog\u00e9rio, no Arrai\u00e1 do Povo, recebe os cantores Pedro Luan, Fl\u00e1vio Jos\u00e9 e Vitor Fernandes, na Orla da Atalaia. As atra\u00e7\u00f5es prometem reunir um grande p\u00fablico para celebrar a data e dan\u00e7ar muito ao som do forr\u00f3 tradicional do serpiano Pedro Luan e [&hellip;]<\/p>\n","protected":false},"author":6557,"featured_media":0,"comment_status":"closed","ping_status":"closed","sticky":false,"template":"","format":"standard","meta":{"footnotes":""},"categories":[15,21],"tags":[616,2853,1005],"class_list":{"0":"post-137836","1":"post","2":"type-post","3":"status-publish","4":"format-standard","6":"category-destaques","7":"category-entretenimento","8":"tag-arraia-do-povo","9":"tag-forro","10":"tag-sao-pedro"},"_links":{"self":[{"href":"https:\/\/senoticias.com.br\/se\/wp-json\/wp\/v2\/posts\/137836"}],"collection":[{"href":"https:\/\/senoticias.com.br\/se\/wp-json\/wp\/v2\/posts"}],"about":[{"href":"https:\/\/senoticias.com.br\/se\/wp-json\/wp\/v2\/types\/post"}],"author":[{"embeddable":true,"href":"https:\/\/senoticias.com.br\/se\/wp-json\/wp\/v2\/users\/6557"}],"replies":[{"embeddable":true,"href":"https:\/\/senoticias.com.br\/se\/wp-json\/wp\/v2\/comments?post=137836"}],"version-history":[{"count":0,"href":"https:\/\/senoticias.com.br\/se\/wp-json\/wp\/v2\/posts\/137836\/revisions"}],"wp:attachment":[{"href":"https:\/\/senoticias.com.br\/se\/wp-json\/wp\/v2\/media?parent=137836"}],"wp:term":[{"taxonomy":"category","embeddable":true,"href":"https:\/\/senoticias.com.br\/se\/wp-json\/wp\/v2\/categories?post=137836"},{"taxonomy":"post_tag","embeddable":true,"href":"https:\/\/senoticias.com.br\/se\/wp-json\/wp\/v2\/tags?post=137836"}],"curies":[{"name":"wp","href":"https:\/\/api.w.org\/{rel}","templated":true}]}}