{"id":137825,"date":"2023-06-27T17:23:54","date_gmt":"2023-06-27T20:23:54","guid":{"rendered":"https:\/\/senoticias.com.br\/se\/?p=137825"},"modified":"2023-06-27T17:24:06","modified_gmt":"2023-06-27T20:24:06","slug":"policia-civil-apreende-maquinas-agricolas-avaliadas-em-r-25-milhoes-em-maceio-al","status":"publish","type":"post","link":"https:\/\/senoticias.com.br\/se\/policia-civil-apreende-maquinas-agricolas-avaliadas-em-r-25-milhoes-em-maceio-al\/","title":{"rendered":"Pol\u00edcia Civil apreende m\u00e1quinas agr\u00edcolas avaliadas em R$ 2,5 milh\u00f5es em Macei\u00f3 (AL)"},"content":{"rendered":"\n<p>Policiais civis da Delegacia Regional de Nossa Senhora das Dores, com apoio da Coordenadoria de Pol\u00edcia Civil do Interior (Copci) e das Delegacias de Ribeir\u00f3polis e Ros\u00e1rio do Catete, cumpriram mandado de busca e apreenderam m\u00e1quinas agr\u00edcolas avaliadas em cerca de R$ 2,5 milh\u00f5es. Ao todo, foram recuperados seis equipamentos. Os equipamentos foram localizados em Macei\u00f3 (AL). A a\u00e7\u00e3o contou com o apoio da Pol\u00edcia Civil de Alagoas, por meio do Grupo de Opera\u00e7\u00f5es Litor\u00e2neas Integradas (OPLIT\/AL).<\/p>\n\n\n\n<figure class=\"wp-block-image size-large\"><img loading=\"lazy\" decoding=\"async\" width=\"559\" height=\"313\" src=\"https:\/\/senoticias.com.br\/se\/wp-content\/uploads\/2023\/06\/maquina-agricola-senoticias-e1687897380158.jpg\" alt=\"\" class=\"wp-image-137826\"\/><figcaption>Equipamentos foram levados sem autoriza\u00e7\u00e3o de uma usina localizada na regi\u00e3o de Nossa Senhora das Dores\n<\/figcaption><\/figure>\n\n\n\n<p>De acordo com o delegado Wanderson Bastos, as m\u00e1quinas s\u00e3o de propriedade de uma usina localizada na regi\u00e3o de Nossa Senhora das Dores, tendo sido levadas da empresa de maneira ilegal. \u201cCom efeito, foram apreendidos tr\u00eas tratores, cada um avaliado em cerca de R$350 mil, uma carregadeira de cana (R$400 mil), uma p\u00e1-carregadeira (R$450 mil) e uma escavadeira hidr\u00e1ulica (R$500 mil)\u201d, especificou.<\/p>\n\n\n\n<p>Conforme o delegado, caso as m\u00e1quinas n\u00e3o tivessem sido recuperadas pela pol\u00edcia, a empresa precisaria adquirir novos equipamentos avaliados em R$5 milh\u00f5es. \u201cA usina entrou em recupera\u00e7\u00e3o judicial no ano de 2022, o que significa dizer que nenhum gestor poderia dispor do patrim\u00f4nio da empresa sem a devida autoriza\u00e7\u00e3o da 1\u00aa Vara C\u00edvel e Criminal de Dores, partes interessadas e Minist\u00e9rio P\u00fablico\u201d, revelou.<\/p>\n\n\n\n<p>Assim, Wanderson Bastos ressaltou tamb\u00e9m que os gestores que \u00e0 \u00e9poca estavam administrando a usina, sob o argumento de que as m\u00e1quinas iriam ser submetidas a manuten\u00e7\u00e3o, retiraram os equipamentos da empresa. \u201cLevando-os para Alagoas, em outubro do ano passado, o que j\u00e1 causou estranheza. Nesse \u00ednterim, foram emitidas notas fiscais de devolu\u00e7\u00e3o das m\u00e1quinas, sem que elas fossem devolvidas\u201d, explicou.<\/p>\n\n\n\n<p>Passados oito meses sem devolu\u00e7\u00e3o das m\u00e1quinas, a Delegacia Regional de Nossa Senhora das Dores instaurou inqu\u00e9rito policial para apurar o crime de fraude a credores, previsto na Lei 11.101\/2005. \u201cAl\u00e9m disso, visando assegurar o patrim\u00f4nio da empresa, a pol\u00edcia representou pela busca e apreens\u00e3o dos equipamentos. Ouvido o Minist\u00e9rio P\u00fablico, o Juiz deferiu o mandado de busca\u201d, narrou Wanderson Bastos.<\/p>\n\n\n\n<p>No decorrer da a\u00e7\u00e3o policial de cumprimento dos mandados de busca, policiais do Grupo de Opera\u00e7\u00f5es Litor\u00e2neas Integradas (OPLIT\/AL) auxiliaram a pol\u00edcia sergipana no cumprimento da ordem judicial. Toda a a\u00e7\u00e3o se prolongou por cerca de 16h, at\u00e9 ser conclu\u00edda.<\/p>\n\n\n\n<p>\u201cO cumprimento da ordem judicial se deparou com algumas dificuldades, uma vez que as chaves das m\u00e1quinas n\u00e3o foram encontradas, al\u00e9m do que baterias de algumas delas foram retiradas. Superados tais empecilhos, foi iniciado o traslado das m\u00e1quinas at\u00e9 Sergipe. De Macei\u00f3 at\u00e9 Dores, as m\u00e1quinas foram escoltadas pela Pol\u00edcia Civil de Sergipe, sendo que a viagem durou cerca de 7h30min\u201d, detalhou Wanderson Bastos.<\/p>\n\n\n\n<p>A instru\u00e7\u00e3o do inqu\u00e9rito continua, sendo que, al\u00e9m do indiciamento dos suspeitos, poder\u00e1 haver pedidos de pris\u00e3o, se tal medida se mostrar necess\u00e1ria.<\/p>\n\n\n\n<p><em><strong>Acompanhe tamb\u00e9m o SE Not\u00edcias no&nbsp;<a rel=\"noreferrer noopener\" href=\"https:\/\/twitter.com\/Senoticias\" target=\"_blank\">Twitter<\/a>,&nbsp;<a rel=\"noreferrer noopener\" href=\"https:\/\/www.facebook.com\/senoticias1\" target=\"_blank\">Facebook<\/a>&nbsp;e no&nbsp;<a rel=\"noreferrer noopener\" href=\"https:\/\/www.instagram.com\/senoticias\/\" target=\"_blank\">Instagram<\/a><\/strong><\/em><\/p>\n\n\n\n<p>Fonte: SSP SE<\/p>\n","protected":false},"excerpt":{"rendered":"<p>Policiais civis da Delegacia Regional de Nossa Senhora das Dores, com apoio da Coordenadoria de Pol\u00edcia Civil do Interior (Copci) e das Delegacias de Ribeir\u00f3polis e Ros\u00e1rio do Catete, cumpriram mandado de busca e apreenderam m\u00e1quinas agr\u00edcolas avaliadas em cerca de R$ 2,5 milh\u00f5es. Ao todo, foram recuperados seis equipamentos. Os equipamentos foram localizados em [&hellip;]<\/p>\n","protected":false},"author":6557,"featured_media":0,"comment_status":"closed","ping_status":"closed","sticky":false,"template":"","format":"standard","meta":{"footnotes":""},"categories":[15,7],"tags":[39274,78],"class_list":{"0":"post-137825","1":"post","2":"type-post","3":"status-publish","4":"format-standard","6":"category-destaques","7":"category-policia","8":"tag-maquinas-agricolas","9":"tag-policia-civil"},"_links":{"self":[{"href":"https:\/\/senoticias.com.br\/se\/wp-json\/wp\/v2\/posts\/137825"}],"collection":[{"href":"https:\/\/senoticias.com.br\/se\/wp-json\/wp\/v2\/posts"}],"about":[{"href":"https:\/\/senoticias.com.br\/se\/wp-json\/wp\/v2\/types\/post"}],"author":[{"embeddable":true,"href":"https:\/\/senoticias.com.br\/se\/wp-json\/wp\/v2\/users\/6557"}],"replies":[{"embeddable":true,"href":"https:\/\/senoticias.com.br\/se\/wp-json\/wp\/v2\/comments?post=137825"}],"version-history":[{"count":0,"href":"https:\/\/senoticias.com.br\/se\/wp-json\/wp\/v2\/posts\/137825\/revisions"}],"wp:attachment":[{"href":"https:\/\/senoticias.com.br\/se\/wp-json\/wp\/v2\/media?parent=137825"}],"wp:term":[{"taxonomy":"category","embeddable":true,"href":"https:\/\/senoticias.com.br\/se\/wp-json\/wp\/v2\/categories?post=137825"},{"taxonomy":"post_tag","embeddable":true,"href":"https:\/\/senoticias.com.br\/se\/wp-json\/wp\/v2\/tags?post=137825"}],"curies":[{"name":"wp","href":"https:\/\/api.w.org\/{rel}","templated":true}]}}