{"id":137786,"date":"2023-06-23T16:23:10","date_gmt":"2023-06-23T19:23:10","guid":{"rendered":"https:\/\/senoticias.com.br\/se\/?p=137786"},"modified":"2023-06-23T16:23:18","modified_gmt":"2023-06-23T19:23:18","slug":"ao-lado-do-governador-prefeito-de-aracaju-e-ministros-prestigiam-arraia-do-povo","status":"publish","type":"post","link":"https:\/\/senoticias.com.br\/se\/ao-lado-do-governador-prefeito-de-aracaju-e-ministros-prestigiam-arraia-do-povo\/","title":{"rendered":"Ao lado do governador, prefeito de Aracaju e ministros prestigiam Arrai\u00e1 do Povo"},"content":{"rendered":"\n<p>Nesta quinta-feira, 22, o governador de Sergipe, F\u00e1bio Mitidieri, esteve presente em mais uma noite de programa\u00e7\u00e3o do Arrai\u00e1 do Povo, na Orla da Atalaia, desta vez acompanhado do prefeito de Aracaju, Edvaldo Nogueira, do ministro da Secret\u00e1ria Geral da Rep\u00fablica, M\u00e1rcio Macedo, a ministra da Educa\u00e7\u00e3o em exerc\u00edcio, Isolda Cela, e do senador La\u00e9rcio Oliveira, que foram prestigiar a festividade.<\/p>\n\n\n\n<figure class=\"wp-block-image size-large\"><img loading=\"lazy\" decoding=\"async\" width=\"1024\" height=\"568\" src=\"https:\/\/senoticias.com.br\/se\/wp-content\/uploads\/2023\/06\/fabio-mitieri-senoticias-1024x568.jpg\" alt=\"\" class=\"wp-image-137787\"\/><figcaption>\nO governador F\u00e1bio agradeceu a presen\u00e7a das autoridades que prestigiaram a programa\u00e7\u00e3o da quinta-feira, destacando que esta foi mais uma noite especial no Arrai\u00e1 do Povo \/ Foto: Arthur Soares\n<\/figcaption><\/figure>\n\n\n\n<p>Tamb\u00e9m marcaram presen\u00e7a a primeira-dama e secret\u00e1ria de Estado da Assist\u00eancia Social e da Cidadania (Seasc), \u00c9rica Mitidieri; o secret\u00e1rio de Estado da Casa Civil (SECC), Jorginho Araujo; o secret\u00e1rio Especial do Gabinete (Segab), Tiago Ara\u00fajo; a secret\u00e1ria Nacional de Renda e da Cidadania, Eliane Aquino; a deputada federal Yandra Moura e os deputados estaduais Adailton Martins e Cristiano Cavalcante.<\/p>\n\n\n\n<p>Na programa\u00e7\u00e3o desta quinta-feira, 22, do Palco Rog\u00e9rio, no Arrai\u00e1 do Povo, apresentaram-se os artistas Chiko Queiroga e Ant\u00f4nio Rog\u00e9rio, Isabela Serpa e a Banda Flor de Maracuj\u00e1.<\/p>\n\n\n\n<p>O governador F\u00e1bio agradeceu a presen\u00e7a do prefeito de Aracaju, Edvaldo Nogueira, do ministro M\u00e1rcio Macedo e da ministra em exerc\u00edcio Isolda Cela no Arrai\u00e1 do Povo, destacando que esta \u00e9 mais uma noite especial no Arrai\u00e1 do Povo. \u201cA participa\u00e7\u00e3o deles \u00e9 de extrema import\u00e2ncia, pois fortalece o esp\u00edrito de uni\u00e3o e parceria em prol do desenvolvimento cultural e econ\u00f4mico de nosso estado. Ter o prefeito Edvaldo Nogueira ao meu lado refor\u00e7a o compromisso conjunto em valorizar as tradi\u00e7\u00f5es e ra\u00edzes nordestinas, al\u00e9m de promover o crescimento econ\u00f4mico e o bem-estar de nossa popula\u00e7\u00e3o. A presen\u00e7a dos ministros \u00e9 um verdadeiro reconhecimento do Governo Federal \u00e0 nossa rica cultura junina e ao empenho que temos colocado na preserva\u00e7\u00e3o e divulga\u00e7\u00e3o desse patrim\u00f4nio. Estamos construindo um importante legado para as futuras gera\u00e7\u00f5es. Agrade\u00e7o a eles pela presen\u00e7a e pelo apoio cont\u00ednuo. Juntos, celebramos a for\u00e7a do nosso do S\u00e3o Jo\u00e3o e da nossa sergipanidade. Viva a cultura junina e viva a nossa amada terra sergipana\u201d.<\/p>\n\n\n\n<p>Mitidieri ainda frisou o estreitamento cada vez mais constante entre o governo estadual e federal e destacou como Sergipe tem se tornado destino frequente de ministros, com uma m\u00e9dia de uma visita mensal de algum deles. \u201cE hoje n\u00e3o foi diferente. Tivemos a oportunidade de participar da Plen\u00e1ria Estadual do PPA 2024-2027, um momento significativo em que o Governo Federal tamb\u00e9m pode ouvir as demandas, esperan\u00e7as e sonhos da nossa popula\u00e7\u00e3o, a fim de inclui-los no plano de plurianual. Estou imensamente feliz, pois esse dia foi essencial para a nossa democracia. Agora, seguimos com a celebra\u00e7\u00e3o do S\u00e3o Jo\u00e3o no Arrai\u00e1 do Povo e amanh\u00e3 com o Forr\u00f3 Caju\u201d, disse.<\/p>\n\n\n\n<p>O governador ressaltou que \u00e9 maravilhoso ver como o nosso povo abra\u00e7ou essas festividades. \u201cEm 30 dias de S\u00e3o Jo\u00e3o, alcan\u00e7amos uma conquista grandiosa: resgatamos o esp\u00edrito dos festejos juninos e da sergipanidade. Com orgulho, afirmo que Sergipe \u00e9 o pa\u00eds do forr\u00f3 e n\u00e3o fica atr\u00e1s de ningu\u00e9m\u201d, expressou.<\/p>\n\n\n\n<p>O prefeito Edvaldo Nogueira falou sobre a felicidade de poder participar desta festa maravilhosa. \u201cDesde o dia 1\u00ba de junho, a Orla da Atalaia tem recebido um n\u00famero expressivo de pessoas, batendo recordes di\u00e1rios de p\u00fablico que tem se contagiado com o nosso Arrai\u00e1 do Povo. A pra\u00e7a de eventos da Orla est\u00e1 linda, a festa est\u00e1 muito bem-organizada e o p\u00fablico tem respondido \u00e0 altura. Ent\u00e3o, quero parabenizar o governador F\u00e1bio Mitidieri por essa grande parceria, para tornar Sergipe o pa\u00eds o forr\u00f3 e Aracaju a capital deste pa\u00eds\u201d, declarou o prefeito.<\/p>\n\n\n\n<p>Edvaldo ressaltou, ainda, o importante papel cultural do Arrai\u00e1 do Povo para as festividades sergipanas. \u201cCom essa festa, a gente amplia as op\u00e7\u00f5es de eventos culturais em nossa cidade e no estado como um todo. Al\u00e9m disso, ela se junta a outras grandes festas, formando uma programa\u00e7\u00e3o diversificada, com o Centro de Criatividade, o Gonzag\u00e3o, a Rua S\u00e3o Jo\u00e3o e o nosso Forr\u00f3 Caju, que se inicia amanh\u00e3, na pra\u00e7a Hilton Lopes, nos mercados centrais. Portanto, \u00e9 uma parceria de sucesso e que reflete grandes resultados\u201d, completou.<\/p>\n\n\n\n<p>O ministro M\u00e1rcio Macedo expressou sua alegria em estar em sua terra natal, especialmente, durante os festejos juninos. \u201cAp\u00f3s um dia inteiro de trabalho, participando de atividades importantes como o PPA participativo e o projeto Caravana da Paz nas escolas, finalizamos o dia prestigiando o S\u00e3o Jo\u00e3o no Arrai\u00e1 do Povo. Pude saborear da nossa comida t\u00edpica, comendo um amendoim cozido, um milho assado e ainda curtir esse ritmo maravilhoso que \u00e9 o forr\u00f3, numa maneira de vivenciar a maior express\u00e3o cultural de Sergipe, conhecido como o pa\u00eds do forr\u00f3\u201d.<\/p>\n\n\n\n<p><strong>Pa\u00eds do Forr\u00f3<\/strong><\/p>\n\n\n\n<p>Este ano, o Governo de Sergipe preparou para os festejos juninos no estado uma programa\u00e7\u00e3o com mais de 30 dias de festa. Na capital, a festa acontecer\u00e1 em cinco pontos: Arrai\u00e1 do Povo, na Orla da Atalaia, Rua S\u00e3o Jo\u00e3o, Gonzag\u00e3o, Centro de Criatividade e 18 do Forte. No total, ser\u00e3o mais de 250 atra\u00e7\u00f5es, sendo 140 sergipanas, 40 nacionais, 60 apresenta\u00e7\u00f5es de quadrilhas juninas e 40 trios p\u00e9s de serra.<\/p>\n\n\n\n<p>A programa\u00e7\u00e3o dos festejos juninos realizada pelo Governo de Sergipe tem o patroc\u00ednio do Banese, Deso, Marat\u00e1, PagBet e Eneva, e apoio da Energisa e MOB.<\/p>\n\n\n\n<p><em><strong>Acompanhe tamb\u00e9m o SE Not\u00edcias no&nbsp;<a rel=\"noreferrer noopener\" href=\"https:\/\/twitter.com\/Senoticias\" target=\"_blank\">Twitter<\/a>,&nbsp;<a rel=\"noreferrer noopener\" href=\"https:\/\/www.facebook.com\/senoticias1\" target=\"_blank\">Facebook<\/a>&nbsp;e no&nbsp;<a rel=\"noreferrer noopener\" href=\"https:\/\/www.instagram.com\/senoticias\/\" target=\"_blank\">Instagram<\/a><\/strong><\/em><\/p>\n\n\n\n<p>Fonte: Governo de Sergipe<\/p>\n","protected":false},"excerpt":{"rendered":"<p>Nesta quinta-feira, 22, o governador de Sergipe, F\u00e1bio Mitidieri, esteve presente em mais uma noite de programa\u00e7\u00e3o do Arrai\u00e1 do Povo, na Orla da Atalaia, desta vez acompanhado do prefeito de Aracaju, Edvaldo Nogueira, do ministro da Secret\u00e1ria Geral da Rep\u00fablica, M\u00e1rcio Macedo, a ministra da Educa\u00e7\u00e3o em exerc\u00edcio, Isolda Cela, e do senador La\u00e9rcio [&hellip;]<\/p>\n","protected":false},"author":6557,"featured_media":0,"comment_status":"closed","ping_status":"closed","sticky":false,"template":"","format":"standard","meta":{"footnotes":""},"categories":[15,6],"tags":[39087,698,37303],"class_list":{"0":"post-137786","1":"post","2":"type-post","3":"status-publish","4":"format-standard","6":"category-destaques","7":"category-politica","8":"tag-arraia-do-povo-2","9":"tag-edvaldo-nogueira","10":"tag-fabio-mitidieri-2"},"_links":{"self":[{"href":"https:\/\/senoticias.com.br\/se\/wp-json\/wp\/v2\/posts\/137786"}],"collection":[{"href":"https:\/\/senoticias.com.br\/se\/wp-json\/wp\/v2\/posts"}],"about":[{"href":"https:\/\/senoticias.com.br\/se\/wp-json\/wp\/v2\/types\/post"}],"author":[{"embeddable":true,"href":"https:\/\/senoticias.com.br\/se\/wp-json\/wp\/v2\/users\/6557"}],"replies":[{"embeddable":true,"href":"https:\/\/senoticias.com.br\/se\/wp-json\/wp\/v2\/comments?post=137786"}],"version-history":[{"count":0,"href":"https:\/\/senoticias.com.br\/se\/wp-json\/wp\/v2\/posts\/137786\/revisions"}],"wp:attachment":[{"href":"https:\/\/senoticias.com.br\/se\/wp-json\/wp\/v2\/media?parent=137786"}],"wp:term":[{"taxonomy":"category","embeddable":true,"href":"https:\/\/senoticias.com.br\/se\/wp-json\/wp\/v2\/categories?post=137786"},{"taxonomy":"post_tag","embeddable":true,"href":"https:\/\/senoticias.com.br\/se\/wp-json\/wp\/v2\/tags?post=137786"}],"curies":[{"name":"wp","href":"https:\/\/api.w.org\/{rel}","templated":true}]}}