{"id":137756,"date":"2023-06-22T11:29:21","date_gmt":"2023-06-22T14:29:21","guid":{"rendered":"https:\/\/senoticias.com.br\/se\/?p=137756"},"modified":"2023-06-22T14:57:04","modified_gmt":"2023-06-22T17:57:04","slug":"dhpp-prende-investigado-como-mandante-do-homicidio-de-empresario-na-regiao-central-de-aracaju","status":"publish","type":"post","link":"https:\/\/senoticias.com.br\/se\/dhpp-prende-investigado-como-mandante-do-homicidio-de-empresario-na-regiao-central-de-aracaju\/","title":{"rendered":"Homem investigado por mandar matar dono de oficina em Aracaju \u00e9 preso"},"content":{"rendered":"\n<p>O Departamento de Homic\u00eddios e Prote\u00e7\u00e3o \u00e0 Pessoa (DHPP) cumpriu o mandado de pris\u00e3o preventiva de um homem investigado como o mandante do homic\u00eddio que vitimou um <strong><a href=\"https:\/\/senoticias.com.br\/se\/proprietario-de-oficina-e-executado-no-local-de-trabalho-em-aracaju\/\">empres\u00e1rio de 60 anos, conhecido como Jaiminho<\/a><\/strong>, no dia 5 de abril, no bairro Get\u00falio Vargas, regi\u00e3o central de Aracaju. A a\u00e7\u00e3o policial ocorreu nesta quinta-feira (22).<\/p>\n\n\n\n<figure class=\"wp-block-image size-large\"><img loading=\"lazy\" decoding=\"async\" width=\"599\" height=\"399\" src=\"https:\/\/senoticias.com.br\/se\/wp-content\/uploads\/2023\/06\/dhpp-senoticias-e1687443874671.jpeg\" alt=\"\" class=\"wp-image-137757\"\/><figcaption>Mandante acreditava que v\u00edtima era informante da pol\u00edcia &#8211; Foto: SSP\/SE<\/figcaption><\/figure>\n\n\n\n<p>De acordo com o delegado Tarc\u00edsio Ten\u00f3rio, as investiga\u00e7\u00f5es foram conclu\u00eddas no final do m\u00eas de maio, com o indiciamento do mandante e esclarecimento da motiva\u00e7\u00e3o do crime. \u201cO inqu\u00e9rito foi encaminhado \u00e0 Justi\u00e7a e j\u00e1 ali representamos pela pris\u00e3o preventiva do investigado\u201d, iniciou.<\/p>\n\n\n\n<p>\u201cApuramos que o empres\u00e1rio foi morto em retalia\u00e7\u00e3o do l\u00edder do tr\u00e1fico de drogas na regi\u00e3o, que o considerava informante da pol\u00edcia. O crime ocorreu ap\u00f3s uma opera\u00e7\u00e3o da 2\u00aa Delegacia Metropolitana (2\u00aa DM), que resultou na morte em confronto de um suposto integrante do grupo criminoso\u201d, acrescentou o delegado.<\/p>\n\n\n\n<p>As investiga\u00e7\u00f5es apontaram que a ordem para matar o empres\u00e1rio partiu de dentro do pres\u00eddio. \u201cO mandante j\u00e1 se encontrava preso, por v\u00e1rias condena\u00e7\u00f5es relacionadas ao tr\u00e1fico de drogas e por envolvimento em outros homic\u00eddios. Ele teria fornecido tamb\u00e9m a estrutura material, inclusive seria o dono do ve\u00edculo utilizado na execu\u00e7\u00e3o, um Ford Fiesta, apreendido pela Pol\u00edcia Civil\u201d, informou Tarc\u00edsio Ten\u00f3rio.<\/p>\n\n\n\n<p>O mandante foi indiciado por homic\u00eddio duplamente qualificado &#8211; com motivo torpe e recurso que impossibilitou a defesa da v\u00edtima &#8211; e associa\u00e7\u00e3o criminosa armada. \u201cO suposto executor do crime, contra o qual j\u00e1 havia mandado de pris\u00e3o, morreu em 3 de abril, depois de confronto com agentes da 2\u00aa DM, que apoiou o DHPP nas investiga\u00e7\u00f5es\u201d, pontuou o delegado.<\/p>\n\n\n\n<p><em><strong>Acompanhe tamb\u00e9m o SE Not\u00edcias no&nbsp;<a rel=\"noreferrer noopener\" href=\"https:\/\/twitter.com\/Senoticias\" target=\"_blank\">Twitter<\/a>,&nbsp;<a rel=\"noreferrer noopener\" href=\"https:\/\/www.facebook.com\/senoticias1\" target=\"_blank\">Facebook<\/a>&nbsp;e no&nbsp;<a rel=\"noreferrer noopener\" href=\"https:\/\/www.instagram.com\/senoticias\/\" target=\"_blank\">Instagram<\/a><\/strong><\/em><\/p>\n\n\n\n<p><em>Fonte: SSP\/SE<\/em><\/p>\n","protected":false},"excerpt":{"rendered":"<p>O Departamento de Homic\u00eddios e Prote\u00e7\u00e3o \u00e0 Pessoa (DHPP) cumpriu o mandado de pris\u00e3o preventiva de um homem investigado como o mandante do homic\u00eddio que vitimou um empres\u00e1rio de 60 anos, conhecido como Jaiminho, no dia 5 de abril, no bairro Get\u00falio Vargas, regi\u00e3o central de Aracaju. A a\u00e7\u00e3o policial ocorreu nesta quinta-feira (22). De [&hellip;]<\/p>\n","protected":false},"author":6557,"featured_media":0,"comment_status":"closed","ping_status":"closed","sticky":false,"template":"","format":"standard","meta":{"footnotes":""},"categories":[15,7],"tags":[39246,2621,39245],"class_list":{"0":"post-137756","1":"post","2":"type-post","3":"status-publish","4":"format-standard","6":"category-destaques","7":"category-policia","8":"tag-delegado-tarcisio-tenorio","9":"tag-dhpp","10":"tag-homicidio-de-empresario"},"_links":{"self":[{"href":"https:\/\/senoticias.com.br\/se\/wp-json\/wp\/v2\/posts\/137756"}],"collection":[{"href":"https:\/\/senoticias.com.br\/se\/wp-json\/wp\/v2\/posts"}],"about":[{"href":"https:\/\/senoticias.com.br\/se\/wp-json\/wp\/v2\/types\/post"}],"author":[{"embeddable":true,"href":"https:\/\/senoticias.com.br\/se\/wp-json\/wp\/v2\/users\/6557"}],"replies":[{"embeddable":true,"href":"https:\/\/senoticias.com.br\/se\/wp-json\/wp\/v2\/comments?post=137756"}],"version-history":[{"count":0,"href":"https:\/\/senoticias.com.br\/se\/wp-json\/wp\/v2\/posts\/137756\/revisions"}],"wp:attachment":[{"href":"https:\/\/senoticias.com.br\/se\/wp-json\/wp\/v2\/media?parent=137756"}],"wp:term":[{"taxonomy":"category","embeddable":true,"href":"https:\/\/senoticias.com.br\/se\/wp-json\/wp\/v2\/categories?post=137756"},{"taxonomy":"post_tag","embeddable":true,"href":"https:\/\/senoticias.com.br\/se\/wp-json\/wp\/v2\/tags?post=137756"}],"curies":[{"name":"wp","href":"https:\/\/api.w.org\/{rel}","templated":true}]}}