{"id":137617,"date":"2023-06-14T12:21:16","date_gmt":"2023-06-14T15:21:16","guid":{"rendered":"https:\/\/senoticias.com.br\/se\/?p=137617"},"modified":"2023-06-14T12:21:48","modified_gmt":"2023-06-14T15:21:48","slug":"valadares-filho-chefiara-assessoria-parlamentar-e-federativa-na-secretaria-geral-da-presidencia","status":"publish","type":"post","link":"https:\/\/senoticias.com.br\/se\/valadares-filho-chefiara-assessoria-parlamentar-e-federativa-na-secretaria-geral-da-presidencia\/","title":{"rendered":"Valadares Filho chefiar\u00e1 assessoria Parlamentar e Federativa na Secretaria Geral da Presid\u00eancia"},"content":{"rendered":"\n<p><strong><br><br><\/strong>\u201cFoi com reconhecimento e confian\u00e7a que convidei o ex-deputado federal Valadares Filho para assumir a chefia da Assessoria Especial de Assuntos Parlamentares e Federativos do Minist\u00e9rio da Secretaria Geral da Presid\u00eancia da Rep\u00fablica.\u201d Foi com essas palavras que o ministro M\u00e1rcio Macedo anunciou, atrav\u00e9s de suas redes sociais, a nomea\u00e7\u00e3o do ex-deputado que saiu nesta quarta-feira no Di\u00e1rio Oficial.<br><\/p>\n\n\n\n<figure class=\"wp-block-image size-large\"><img loading=\"lazy\" decoding=\"async\" width=\"584\" height=\"713\" src=\"https:\/\/senoticias.com.br\/se\/wp-content\/uploads\/2023\/06\/Lula-Valadares-Marcio-e-Alckmin.jpg\" alt=\"\" class=\"wp-image-137618\" srcset=\"https:\/\/senoticias.com.br\/se\/wp-content\/uploads\/2023\/06\/Lula-Valadares-Marcio-e-Alckmin.jpg 584w, https:\/\/senoticias.com.br\/se\/wp-content\/uploads\/2023\/06\/Lula-Valadares-Marcio-e-Alckmin-246x300.jpg 246w\" sizes=\"(max-width: 584px) 100vw, 584px\" \/><figcaption>Ex-deputado Valadares Filho \u00e9 o atual presidente do PSB em Sergipe &#8211; Foto: ascom\/divulga\u00e7\u00e3o<\/figcaption><\/figure>\n\n\n\n<p>Atual presidente do PSB em Sergipe, Valadares Filho tamb\u00e9m se manifestou. \u201cQuero registrar o meu agradecimento ao convite feito pelo ministro M\u00e1rcio Macedo e pelo presidente Lula para uma fun\u00e7\u00e3o t\u00e3o importante para o pa\u00eds: chefiar a Assessoria Especial de Assuntos Parlamentares e Federativos da Secretaria Geral da Presid\u00eancia. Eu vou retribuir toda essa confian\u00e7a com muito trabalho, com muita lealdade ao ministro, e toda sua equipe, e ao governo Lula. Estarei unido ao objetivo de todos que \u00e9 fazer com que o Brasil continue sendo reconstru\u00eddo. Al\u00e9m disso, \u00e9 uma grande oportunidade de ajudar, e muito, o estado de Sergipe\u201d, concluiu.<\/p>\n\n\n\n<p><em><strong>Acompanhe tamb\u00e9m o SE Not\u00edcias no\u00a0<a rel=\"noreferrer noopener\" href=\"https:\/\/twitter.com\/Senoticias\" target=\"_blank\">Twitter<\/a>,\u00a0<a rel=\"noreferrer noopener\" href=\"https:\/\/www.facebook.com\/senoticias1\" target=\"_blank\">Facebook<\/a>\u00a0e no\u00a0<a rel=\"noreferrer noopener\" href=\"https:\/\/www.instagram.com\/senoticias\/\" target=\"_blank\">Instagram<\/a><\/strong><\/em><\/p>\n\n\n\n<p>Fonte: ascom\/divulga\u00e7\u00e3o<\/p>\n","protected":false},"excerpt":{"rendered":"<p>\u201cFoi com reconhecimento e confian\u00e7a que convidei o ex-deputado federal Valadares Filho para assumir a chefia da Assessoria Especial de Assuntos Parlamentares e Federativos do Minist\u00e9rio da Secretaria Geral da Presid\u00eancia da Rep\u00fablica.\u201d Foi com essas palavras que o ministro M\u00e1rcio Macedo anunciou, atrav\u00e9s de suas redes sociais, a nomea\u00e7\u00e3o do ex-deputado que saiu nesta [&hellip;]<\/p>\n","protected":false},"author":6557,"featured_media":0,"comment_status":"closed","ping_status":"closed","sticky":false,"template":"","format":"standard","meta":{"footnotes":""},"categories":[15,2961,1],"tags":[39164,697],"class_list":{"0":"post-137617","1":"post","2":"type-post","3":"status-publish","4":"format-standard","6":"category-destaques","7":"category-nacional","8":"category-sem-categoria","9":"tag-secretaria-geral-da-presidencia-da-republica","10":"tag-valadares-filho"},"_links":{"self":[{"href":"https:\/\/senoticias.com.br\/se\/wp-json\/wp\/v2\/posts\/137617"}],"collection":[{"href":"https:\/\/senoticias.com.br\/se\/wp-json\/wp\/v2\/posts"}],"about":[{"href":"https:\/\/senoticias.com.br\/se\/wp-json\/wp\/v2\/types\/post"}],"author":[{"embeddable":true,"href":"https:\/\/senoticias.com.br\/se\/wp-json\/wp\/v2\/users\/6557"}],"replies":[{"embeddable":true,"href":"https:\/\/senoticias.com.br\/se\/wp-json\/wp\/v2\/comments?post=137617"}],"version-history":[{"count":0,"href":"https:\/\/senoticias.com.br\/se\/wp-json\/wp\/v2\/posts\/137617\/revisions"}],"wp:attachment":[{"href":"https:\/\/senoticias.com.br\/se\/wp-json\/wp\/v2\/media?parent=137617"}],"wp:term":[{"taxonomy":"category","embeddable":true,"href":"https:\/\/senoticias.com.br\/se\/wp-json\/wp\/v2\/categories?post=137617"},{"taxonomy":"post_tag","embeddable":true,"href":"https:\/\/senoticias.com.br\/se\/wp-json\/wp\/v2\/tags?post=137617"}],"curies":[{"name":"wp","href":"https:\/\/api.w.org\/{rel}","templated":true}]}}