{"id":137560,"date":"2023-06-10T14:06:19","date_gmt":"2023-06-10T17:06:19","guid":{"rendered":"https:\/\/senoticias.com.br\/se\/?p=137560"},"modified":"2023-06-10T14:06:30","modified_gmt":"2023-06-10T17:06:30","slug":"confira-programacao-do-arraia-do-povo-deste-sabado-10","status":"publish","type":"post","link":"https:\/\/senoticias.com.br\/se\/confira-programacao-do-arraia-do-povo-deste-sabado-10\/","title":{"rendered":"Confira programa\u00e7\u00e3o do Arrai\u00e1 do Povo deste s\u00e1bado, 10"},"content":{"rendered":"\n<p>O cronograma junino de Sergipe est\u00e1 apenas come\u00e7ando e muito mais est\u00e1 por vir no Arrai\u00e1 do Povo neste s\u00e1bado, 10, com as atra\u00e7\u00f5es Lourinho do Acordeon, \u00e0s 19h, Danielzinho Kaceteiro, \u00e0s 21h, M\u00e1rcia a Fenomenal, \u00e0s 23h, e Luan Estilizado, 1h, no palco Rog\u00e9rio, na \u00e1rea interna do evento, a Arena de Shows. S\u00e3o 31 dias de festa, com mais de 100 artistas locais e 40 nacionais, que se apresentar\u00e3o nos palcos Rog\u00e9rio, Barrac\u00e3o da Sergipe e Coreto da Marluce. O Arrai\u00e1 do Povo, na Orla da Atalaia, segue at\u00e9 1\u00ba de julho.<\/p>\n\n\n\n<figure class=\"wp-block-image size-large\"><img loading=\"lazy\" decoding=\"async\" width=\"596\" height=\"398\" src=\"https:\/\/senoticias.com.br\/se\/wp-content\/uploads\/2023\/06\/Arraia-do-Povo-SE-noticias-2.jpg\" alt=\"\" class=\"wp-image-137561\" srcset=\"https:\/\/senoticias.com.br\/se\/wp-content\/uploads\/2023\/06\/Arraia-do-Povo-SE-noticias-2.jpg 596w, https:\/\/senoticias.com.br\/se\/wp-content\/uploads\/2023\/06\/Arraia-do-Povo-SE-noticias-2-300x200.jpg 300w, https:\/\/senoticias.com.br\/se\/wp-content\/uploads\/2023\/06\/Arraia-do-Povo-SE-noticias-2-90x60.jpg 90w, https:\/\/senoticias.com.br\/se\/wp-content\/uploads\/2023\/06\/Arraia-do-Povo-SE-noticias-2-180x120.jpg 180w, https:\/\/senoticias.com.br\/se\/wp-content\/uploads\/2023\/06\/Arraia-do-Povo-SE-noticias-2-95x64.jpg 95w\" sizes=\"(max-width: 596px) 100vw, 596px\" \/><figcaption>Ser\u00e3o 31 dias de festa, com mais de 100 artistas locais e 40 nacionais &#8211; Foto: Arthuro Paganini<\/figcaption><\/figure>\n\n\n\n<p>O Arrai\u00e1 do Povo n\u00e3o \u00e9 a \u00fanica op\u00e7\u00e3o de festa na capital. Tamb\u00e9m neste s\u00e1bado est\u00e1 programado para se apresentar no Arrastap\u00e9 do 18 do Forte Fogo na Saia, \u00e0s 21h, Ra\u00ed Saia Rodada, \u00e0s 23h, Alcymar Monteiro, 1h, e Pablo \u00e0s 3h, na Baixa da Cachorrinha, zona norte de Aracaju.<\/p>\n\n\n\n<p><strong>Pa\u00eds do forr\u00f3<\/strong><\/p>\n\n\n\n<p>Este ano, o Governo de Sergipe preparou para os festejos juninos no estado uma programa\u00e7\u00e3o com mais de 30 dias de festa. Na capital, a festa acontecer\u00e1 em cinco pontos: Arrai\u00e1 do Povo, na Orla da Atalaia, Rua S\u00e3o Jo\u00e3o, Gonzag\u00e3o, Centro de Criatividade e 18 do Forte. No total, ser\u00e3o mais de 250 atra\u00e7\u00f5es, sendo 140 sergipanas, 40 nacionais, 60 apresenta\u00e7\u00f5es de quadrilhas juninas e 40 trios p\u00e9s de serra.<\/p>\n\n\n\n<p>A programa\u00e7\u00e3o dos festejos juninos realizada pelo Governo de Sergipe tem o patroc\u00ednio do Banese, Deso, Marat\u00e1, PagBet e TAG, e apoio da Energisa e MOB.<\/p>\n\n\n\n<p>Programa\u00e7\u00e3o Arrai\u00e1 do Povo (Orla da Atalaia):<\/p>\n\n\n\n<p><strong>Palco Rog\u00e9rio:<\/strong><\/p>\n\n\n\n<p>Lourinho do Acordeon &#8211; 19h<br>Danielzinho Kaceteiro &#8211; 21h<br>Marcia a Fenomenal &#8211; 23h<br>Luan Estilizado &#8211; 1h<\/p>\n\n\n\n<p><strong>Barrac\u00e3o da Sergipe:<\/strong><\/p>\n\n\n\n<p>Correia dos Oito Baixos &#8211; 18h30<br>Quadrilha Junina Asa Branca (Sim\u00e3o Dias) &#8211; 20h<br>Diego Santos &#8211; 20h30<br>Scurinho Zabumba &#8211; 22h<br>Forr\u00f3 Seu Bin\u00e1 &#8211; 23h30<\/p>\n\n\n\n<p><strong>Coreto da Marluce:<\/strong><\/p>\n\n\n\n<p>Vem Vem do Nordeste &amp; Jo\u00e3o Bezerra<\/p>\n\n\n\n<p>Arrai\u00e1 Mirim:<br>Quadrilha Mirim (Espont\u00e2neo) &#8211; 17h<br>Mamulengo do Cheiroso &#8211; 17h30 (Teatro de Bonecos &#8211; Espet\u00e1culo &#8220;A Cobra Grande&#8221;)<\/p>\n\n\n\n<p><em><strong>Acompanhe tamb\u00e9m o SE Not\u00edcias no\u00a0<a rel=\"noreferrer noopener\" href=\"https:\/\/twitter.com\/Senoticias\" target=\"_blank\">Twitter<\/a>,\u00a0<a rel=\"noreferrer noopener\" href=\"https:\/\/www.facebook.com\/senoticias1\" target=\"_blank\">Facebook<\/a>\u00a0e no\u00a0<a rel=\"noreferrer noopener\" href=\"https:\/\/www.instagram.com\/senoticias\/\" target=\"_blank\">Instagram<\/a><\/strong><\/em><\/p>\n\n\n\n<p>Fonte: Ag\u00eancia Sergipe de Not\u00edcias<\/p>\n","protected":false},"excerpt":{"rendered":"<p>O cronograma junino de Sergipe est\u00e1 apenas come\u00e7ando e muito mais est\u00e1 por vir no Arrai\u00e1 do Povo neste s\u00e1bado, 10, com as atra\u00e7\u00f5es Lourinho do Acordeon, \u00e0s 19h, Danielzinho Kaceteiro, \u00e0s 21h, M\u00e1rcia a Fenomenal, \u00e0s 23h, e Luan Estilizado, 1h, no palco Rog\u00e9rio, na \u00e1rea interna do evento, a Arena de Shows. S\u00e3o [&hellip;]<\/p>\n","protected":false},"author":6557,"featured_media":0,"comment_status":"closed","ping_status":"closed","sticky":false,"template":"","format":"standard","meta":{"footnotes":""},"categories":[15,6],"tags":[616,448],"class_list":{"0":"post-137560","1":"post","2":"type-post","3":"status-publish","4":"format-standard","6":"category-destaques","7":"category-politica","8":"tag-arraia-do-povo","9":"tag-governo-de-sergipe"},"_links":{"self":[{"href":"https:\/\/senoticias.com.br\/se\/wp-json\/wp\/v2\/posts\/137560"}],"collection":[{"href":"https:\/\/senoticias.com.br\/se\/wp-json\/wp\/v2\/posts"}],"about":[{"href":"https:\/\/senoticias.com.br\/se\/wp-json\/wp\/v2\/types\/post"}],"author":[{"embeddable":true,"href":"https:\/\/senoticias.com.br\/se\/wp-json\/wp\/v2\/users\/6557"}],"replies":[{"embeddable":true,"href":"https:\/\/senoticias.com.br\/se\/wp-json\/wp\/v2\/comments?post=137560"}],"version-history":[{"count":0,"href":"https:\/\/senoticias.com.br\/se\/wp-json\/wp\/v2\/posts\/137560\/revisions"}],"wp:attachment":[{"href":"https:\/\/senoticias.com.br\/se\/wp-json\/wp\/v2\/media?parent=137560"}],"wp:term":[{"taxonomy":"category","embeddable":true,"href":"https:\/\/senoticias.com.br\/se\/wp-json\/wp\/v2\/categories?post=137560"},{"taxonomy":"post_tag","embeddable":true,"href":"https:\/\/senoticias.com.br\/se\/wp-json\/wp\/v2\/tags?post=137560"}],"curies":[{"name":"wp","href":"https:\/\/api.w.org\/{rel}","templated":true}]}}