{"id":137530,"date":"2023-06-08T16:14:47","date_gmt":"2023-06-08T19:14:47","guid":{"rendered":"https:\/\/senoticias.com.br\/se\/?p=137530"},"modified":"2023-06-08T16:19:20","modified_gmt":"2023-06-08T19:19:20","slug":"confira-a-programacao-completa-do-arraia-do-povo-desta-quinta-feira-8","status":"publish","type":"post","link":"https:\/\/senoticias.com.br\/se\/confira-a-programacao-completa-do-arraia-do-povo-desta-quinta-feira-8\/","title":{"rendered":"Confira a programa\u00e7\u00e3o completa do Arrai\u00e1 do Povo desta quinta-feira, 8"},"content":{"rendered":"\n<p><\/p>\n\n\n\n<p>O Arrai\u00e1 do Povo 2023 segue embalando os forrozeiros sergipanos e turistas, mesmo em pleno <strong>feriado de Corpus Christi<\/strong>. Nesta quinta-feira, 8, a festa na Orla da Atalaia tem uma programa\u00e7\u00e3o que promete arrastar, mais uma vez, uma multid\u00e3o para a Arena de Shows e a Vila do Forr\u00f3.<\/p>\n\n\n\n<p>O Palco Rog\u00e9rio vai contar com bandas tradicionais como Lim\u00e3o com Mel e Os Gonzagas, al\u00e9m de Glaubert Santos, que abre as apresenta\u00e7\u00f5es, \u00e0s 19h. J\u00e1 no Barrac\u00e3o da Sergipe, a partir das 19h, Jo\u00e3o de Josa inicia os trabalhos da noite. \u00c0s 20h30 sergipanos e turistas curtem Bob Lelis. Baio do Acordeon finaliza as atra\u00e7\u00f5es do local.<\/p>\n\n\n\n<figure class=\"wp-block-image size-large\"><img loading=\"lazy\" decoding=\"async\" width=\"584\" height=\"389\" src=\"https:\/\/senoticias.com.br\/se\/wp-content\/uploads\/2023\/06\/Arraia-do-Povo-SE-Noticias.jpg\" alt=\"\" class=\"wp-image-137532\" srcset=\"https:\/\/senoticias.com.br\/se\/wp-content\/uploads\/2023\/06\/Arraia-do-Povo-SE-Noticias.jpg 584w, https:\/\/senoticias.com.br\/se\/wp-content\/uploads\/2023\/06\/Arraia-do-Povo-SE-Noticias-300x200.jpg 300w, https:\/\/senoticias.com.br\/se\/wp-content\/uploads\/2023\/06\/Arraia-do-Povo-SE-Noticias-90x60.jpg 90w, https:\/\/senoticias.com.br\/se\/wp-content\/uploads\/2023\/06\/Arraia-do-Povo-SE-Noticias-180x120.jpg 180w, https:\/\/senoticias.com.br\/se\/wp-content\/uploads\/2023\/06\/Arraia-do-Povo-SE-Noticias-95x64.jpg 95w\" sizes=\"(max-width: 584px) 100vw, 584px\" \/><figcaption>Glauber Santos, Lim\u00e3o com Mel e Os Gonzagas s\u00e3o as atra\u00e7\u00f5es do Palco Rog\u00e9rio &#8211; Foto: Erick O&#8217;Hara<\/figcaption><\/figure>\n\n\n\n<p>No Coreto da Marluce, Evill\u00e1zio Jos\u00e9 bota o povo para gastar a sola do p\u00e9 a partir das 18h30.<\/p>\n\n\n\n<p><strong>Pa\u00eds do forr\u00f3<\/strong><\/p>\n\n\n\n<p>Este ano, o Governo de Sergipe preparou para os festejos juninos no estado uma programa\u00e7\u00e3o com mais de 30 dias de festa. Na capital, a festa acontecer\u00e1 em cinco pontos: Arrai\u00e1 do Povo, na Orla da Atalaia, Rua S\u00e3o Jo\u00e3o, Gonzag\u00e3o, Centro de Criatividade e 18 do Forte. No total, ser\u00e3o mais de 250 atra\u00e7\u00f5es, sendo 140 sergipanas, 40 nacionais, 60 apresenta\u00e7\u00f5es de quadrilhas juninas e 40 trios p\u00e9s de serra.<\/p>\n\n\n\n<p>A programa\u00e7\u00e3o dos festejos juninos realizada pelo Governo de Sergipe tem o patroc\u00ednio do Banese, Deso, Marat\u00e1, PagBet e TAG e apoio da Energisa e MOB.<\/p>\n\n\n\n<p><strong>Programa\u00e7\u00e3o<\/strong><\/p>\n\n\n\n<p>Palco Rog\u00e9rio<br>Glaubert Santos \u2013 19h<br>Os Gonzagas \u2013 21h<br>Lim\u00e3o com Mel \u2013 23h<\/p>\n\n\n\n<p><strong>Barrac\u00e3o da Sergipe<\/strong><\/p>\n\n\n\n<p>Josa Rosa \u2013 19h<br>Bob Lelis \u2013 20:30h<br>Baio do Acordeon &#8211; 21h<br>Coreto da Marluce<br>Evill\u00e1zio Jos\u00e9 \u2013 18:30h<\/p>\n\n\n\n<p><em><strong>Acompanhe tamb\u00e9m o SE Not\u00edcias no\u00a0<a rel=\"noreferrer noopener\" href=\"https:\/\/twitter.com\/Senoticias\" target=\"_blank\">Twitter<\/a>,\u00a0<a rel=\"noreferrer noopener\" href=\"https:\/\/www.facebook.com\/senoticias1\" target=\"_blank\">Facebook<\/a>\u00a0e no\u00a0<a rel=\"noreferrer noopener\" href=\"https:\/\/www.instagram.com\/senoticias\/\" target=\"_blank\">Instagram<\/a><\/strong><\/em><\/p>\n\n\n\n<p><em>Fonte: Ag\u00eancia Sergipe de Not\u00edcias<\/em><\/p>\n","protected":false},"excerpt":{"rendered":"<p>O Arrai\u00e1 do Povo 2023 segue embalando os forrozeiros sergipanos e turistas, mesmo em pleno feriado de Corpus Christi. Nesta quinta-feira, 8, a festa na Orla da Atalaia tem uma programa\u00e7\u00e3o que promete arrastar, mais uma vez, uma multid\u00e3o para a Arena de Shows e a Vila do Forr\u00f3. O Palco Rog\u00e9rio vai contar com [&hellip;]<\/p>\n","protected":false},"author":6557,"featured_media":0,"comment_status":"closed","ping_status":"closed","sticky":false,"template":"","format":"standard","meta":{"footnotes":""},"categories":[15,21,1],"tags":[616,39121,34342,448],"class_list":{"0":"post-137530","1":"post","2":"type-post","3":"status-publish","4":"format-standard","6":"category-destaques","7":"category-entretenimento","8":"category-sem-categoria","9":"tag-arraia-do-povo","10":"tag-arraia-do-povo-2023-2","11":"tag-feriado-de-corpus-christi","12":"tag-governo-de-sergipe"},"_links":{"self":[{"href":"https:\/\/senoticias.com.br\/se\/wp-json\/wp\/v2\/posts\/137530"}],"collection":[{"href":"https:\/\/senoticias.com.br\/se\/wp-json\/wp\/v2\/posts"}],"about":[{"href":"https:\/\/senoticias.com.br\/se\/wp-json\/wp\/v2\/types\/post"}],"author":[{"embeddable":true,"href":"https:\/\/senoticias.com.br\/se\/wp-json\/wp\/v2\/users\/6557"}],"replies":[{"embeddable":true,"href":"https:\/\/senoticias.com.br\/se\/wp-json\/wp\/v2\/comments?post=137530"}],"version-history":[{"count":0,"href":"https:\/\/senoticias.com.br\/se\/wp-json\/wp\/v2\/posts\/137530\/revisions"}],"wp:attachment":[{"href":"https:\/\/senoticias.com.br\/se\/wp-json\/wp\/v2\/media?parent=137530"}],"wp:term":[{"taxonomy":"category","embeddable":true,"href":"https:\/\/senoticias.com.br\/se\/wp-json\/wp\/v2\/categories?post=137530"},{"taxonomy":"post_tag","embeddable":true,"href":"https:\/\/senoticias.com.br\/se\/wp-json\/wp\/v2\/tags?post=137530"}],"curies":[{"name":"wp","href":"https:\/\/api.w.org\/{rel}","templated":true}]}}