{"id":137459,"date":"2023-06-05T09:23:20","date_gmt":"2023-06-05T12:23:20","guid":{"rendered":"https:\/\/senoticias.com.br\/se\/?p=137459"},"modified":"2023-06-05T10:42:33","modified_gmt":"2023-06-05T13:42:33","slug":"multidao-comparece-a-quarta-noite-de-arraia-do-povo","status":"publish","type":"post","link":"https:\/\/senoticias.com.br\/se\/multidao-comparece-a-quarta-noite-de-arraia-do-povo\/","title":{"rendered":"Multid\u00e3o comparece \u00e0 quarta noite de Arrai\u00e1 do Povo"},"content":{"rendered":"\n<p>Abrindo o palco Rog\u00e9rio na quarta noite do Arrai\u00e1 do Povo, o cantor Valter Nogueira, apresentou seu forr\u00f3 aut\u00eantico e sua nova m\u00fasica que j\u00e1 est\u00e1 em todas as plataformas digitais, \u201cOlha n\u00f3s a\u00ed\u201d, composi\u00e7\u00e3o de Beto Caju e Marquinhos Maraial. O artista se apresenta pela quarta vez, na maior festa junina de Aracaju.<\/p>\n\n\n\n<figure class=\"wp-block-image size-large\"><img loading=\"lazy\" decoding=\"async\" width=\"1024\" height=\"683\" src=\"https:\/\/senoticias.com.br\/se\/wp-content\/uploads\/2023\/06\/arraia-do-povo-senoticias-1024x683.jpg\" alt=\"\" class=\"wp-image-137458\"\/><figcaption>Do forr\u00f3 tradicional ao eletr\u00f4nico, teve dan\u00e7a para todos os p\u00fablicos &#8211; Foto: Arthuro Paganini\/ASN<\/figcaption><\/figure>\n\n\n\n<p>Com 45 anos de carreira, Valter Nogueira gosta de fazer seu repert\u00f3rio baseado na prata da casa. \u201cTemos compositores maravilhosos como Ismar Barreto, Chico Queiroga, Tom Robson, ent\u00e3o temos que apresent\u00e1-los ao p\u00fablico\u201d. E para o p\u00fablico do Arrai\u00e1 do Povo, ele promete muita dan\u00e7a. \u201cNessa arena de shows vamos apresentar forr\u00f3 do melhor, o aut\u00eantico, e estamos preparados para colocar o povo para arear a fivela\u201d.<\/p>\n\n\n\n<p>Valter Nogueira tem dois DVDs, dois CD &#8216;s e um vinil gravados. Tio de Paulinha Abelha, ele tem muito orgulho da sobrinha. \u201cTemos muito respeito e orgulho, a gente sabe que tem uma cantora na fam\u00edlia do porte dela\u201d, contou.<\/p>\n\n\n\n<p>A segunda atra\u00e7\u00e3o da noite, Forr\u00f3 Prime, com o cantor sergipano Itau\u00e3 Nogueira, se apresenta pela primeira vez no Arrai\u00e1 do Povo. O vocalista antes de subir ao palco disse que a expectativa \u00e9 alta para o show. \u201cSomos uma banda que costuma variar nos estilos de forr\u00f3, vamos apresentar xote, as m\u00fasicas atuais e os forr\u00f3s das antigas, e a gente espera que o p\u00fablico goste, pois estamos felizes em subir ao palco Rog\u00e9rio, em nossa primeira vez no Arraial do Povo\u201d.<\/p>\n\n\n\n<p>Itau\u00e3 Nogueira, que nasceu na cidade de Riachuelo e cresceu em Aracaju, conta que esse m\u00eas quase n\u00e3o consegue estar com a fam\u00edlia. \u201cEsse per\u00edodo junino \u00e9 bem corrido, a agenda gra\u00e7as a Deus est\u00e1 cheia, s\u00e3o 20 shows agendados por todo o Estado\u201d, revela. Ele est\u00e1 a tr\u00eas anos na banda, que hoje tem oito m\u00fasicos, fora o staff. A prepara\u00e7\u00e3o nesse per\u00edodo \u00e9 intensa. \u201cTenho acompanhamento de um profissional da fonoaudiologia, tentando dormir bem, bebendo muita \u00e1gua, para manter a qualidade da voz\u201d.<\/p>\n\n\n\n<p>O \u00faltimo artista a se apresentar, Ra\u00ed Saia Rodada, prometeu n\u00e3o deixar ningu\u00e9m ficar parado com os sucessos lan\u00e7ados recentemente. \u201cBom demais estar de volta \u00e0 Aracaju trazendo a minha alegria, o meu forr\u00f3, o m\u00eas de junho come\u00e7ou e nada melhor que come\u00e7ar aqui, trazendo meu repert\u00f3rio novo, que vou mostrar durante todo esse m\u00eas\u201d.<\/p>\n\n\n\n<p>Ra\u00ed est\u00e1 lan\u00e7ando o EP \u2018Me respeita\u2019 e as m\u00fasicas \u2018Surtada\u2019 e \u2018Dorflex\u2019 s\u00e3o as de trabalho. \u201cQuero pedir para a galera ouvir meu novo EP em sua plataforma preferida e em julho vem mais novidade, s\u00e3o mais seis novas m\u00fasicas\u201d, adiante o cantor.<\/p>\n\n\n\n<p>No dia 7 de junho Ra\u00ed completa 22 anos de carreira. \u201cSou grato a Deus pela minha carreira, agrade\u00e7o aos meus f\u00e3s, nesse per\u00edodo foram muitos aprendizados, trabalho, erros e acertos, mas sou grato por tudo\u201d.<\/p>\n\n\n\n<p>A farmac\u00eautica Rosiane Vieira est\u00e1 pela primeira noite na festa, acompanhada de quatro amigos. Estava euf\u00f3rica para assistir ao show de Ra\u00ed Saia Rodada. Mas antes, circulou em todo o espa\u00e7o para conhecer as novidades. \u201cO que vi superou minhas expectativas, tudo bem organizado e bonito, agora \u00e9 aguardar a apresenta\u00e7\u00e3o de Ra\u00ed, vim para assistir ele\u201d, disse.<\/p>\n\n\n\n<p>A comerciante Rivanuza Rodrigues, acompanhada do marido, tamb\u00e9m veio pela primeira vez ao Arrai\u00e1 do Povo e fez quest\u00e3o de ressaltar que a festa foi feita para todos os p\u00fablicos. \u201cPor conta do trabalho ainda n\u00e3o t\u00ednhamos conseguido vir esse ano, mas com certeza voltaremos para aproveitar tudo que est\u00e1 sendo oferecido, da Vila do Forr\u00f3 aos shows, que tem para todos os gostos\u201d.<\/p>\n\n\n\n<p><strong>Pa\u00eds do forr\u00f3<\/strong><\/p>\n\n\n\n<p>Este ano, o Governo de Sergipe preparou para os festejos juninos no estado uma programa\u00e7\u00e3o com mais de 30 dias de festa. Na capital, a festa acontecer\u00e1 em cinco pontos: Arrai\u00e1 do Povo, na Orla da Atalaia, Rua S\u00e3o Jo\u00e3o, Gonzag\u00e3o, Centro de Criatividade e 18 do Forte. No total, ser\u00e3o mais de 250 atra\u00e7\u00f5es, sendo 140 sergipanas, 40 nacionais, 60 apresenta\u00e7\u00f5es de quadrilhas juninas e 40 trios p\u00e9s de serra.<\/p>\n\n\n\n<p>A programa\u00e7\u00e3o dos festejos juninos realizada pelo Governo de Sergipe tem o patroc\u00ednio do Banese, Deso, Marat\u00e1, PagBet e TAG, e apoio da Energisa e MOB.<\/p>\n\n\n\n<p><em><strong>Acompanhe tamb\u00e9m o SE Not\u00edcias no&nbsp;<a rel=\"noreferrer noopener\" href=\"https:\/\/twitter.com\/Senoticias\" target=\"_blank\">Twitter<\/a>,&nbsp;<a rel=\"noreferrer noopener\" href=\"https:\/\/www.facebook.com\/senoticias1\" target=\"_blank\">Facebook<\/a>&nbsp;e no&nbsp;<a rel=\"noreferrer noopener\" href=\"https:\/\/www.instagram.com\/senoticias\/\" target=\"_blank\">Instagram<\/a><\/strong><\/em><\/p>\n\n\n\n<p>Fonte: Ag\u00eancia Sergipe de Not\u00edcias<\/p>\n","protected":false},"excerpt":{"rendered":"<p>Abrindo o palco Rog\u00e9rio na quarta noite do Arrai\u00e1 do Povo, o cantor Valter Nogueira, apresentou seu forr\u00f3 aut\u00eantico e sua nova m\u00fasica que j\u00e1 est\u00e1 em todas as plataformas digitais, \u201cOlha n\u00f3s a\u00ed\u201d, composi\u00e7\u00e3o de Beto Caju e Marquinhos Maraial. O artista se apresenta pela quarta vez, na maior festa junina de Aracaju. Com [&hellip;]<\/p>\n","protected":false},"author":6557,"featured_media":0,"comment_status":"closed","ping_status":"closed","sticky":false,"template":"","format":"standard","meta":{"footnotes":""},"categories":[15,21],"tags":[39087,619],"class_list":{"0":"post-137459","1":"post","2":"type-post","3":"status-publish","4":"format-standard","6":"category-destaques","7":"category-entretenimento","8":"tag-arraia-do-povo-2","9":"tag-festejos-juninos"},"_links":{"self":[{"href":"https:\/\/senoticias.com.br\/se\/wp-json\/wp\/v2\/posts\/137459"}],"collection":[{"href":"https:\/\/senoticias.com.br\/se\/wp-json\/wp\/v2\/posts"}],"about":[{"href":"https:\/\/senoticias.com.br\/se\/wp-json\/wp\/v2\/types\/post"}],"author":[{"embeddable":true,"href":"https:\/\/senoticias.com.br\/se\/wp-json\/wp\/v2\/users\/6557"}],"replies":[{"embeddable":true,"href":"https:\/\/senoticias.com.br\/se\/wp-json\/wp\/v2\/comments?post=137459"}],"version-history":[{"count":0,"href":"https:\/\/senoticias.com.br\/se\/wp-json\/wp\/v2\/posts\/137459\/revisions"}],"wp:attachment":[{"href":"https:\/\/senoticias.com.br\/se\/wp-json\/wp\/v2\/media?parent=137459"}],"wp:term":[{"taxonomy":"category","embeddable":true,"href":"https:\/\/senoticias.com.br\/se\/wp-json\/wp\/v2\/categories?post=137459"},{"taxonomy":"post_tag","embeddable":true,"href":"https:\/\/senoticias.com.br\/se\/wp-json\/wp\/v2\/tags?post=137459"}],"curies":[{"name":"wp","href":"https:\/\/api.w.org\/{rel}","templated":true}]}}