{"id":137430,"date":"2023-06-02T14:47:25","date_gmt":"2023-06-02T17:47:25","guid":{"rendered":"https:\/\/senoticias.com.br\/se\/?p=137430"},"modified":"2023-06-02T17:18:18","modified_gmt":"2023-06-02T20:18:18","slug":"emilia-correia-e-alvo-de-ofensa-machista-na-camara-de-aracaju","status":"publish","type":"post","link":"https:\/\/senoticias.com.br\/se\/emilia-correia-e-alvo-de-ofensa-machista-na-camara-de-aracaju\/","title":{"rendered":"Vereadora Em\u00edlia Correia \u00e9 alvo de ofensa machista na C\u00e2mara de Aracaju"},"content":{"rendered":"\n<p>A viol\u00eancia pol\u00edtica contra as mulheres \u00e9 um dos principais fatores apontados por estudiosos para a reduzida presen\u00e7a feminina pol\u00edtica. A cada 30 dias, o MPF registra 7 casos de viol\u00eancia de g\u00eanero na pol\u00edtica contra mulher, segundo dados de dezembro de 2022.<\/p>\n\n\n\n<figure class=\"wp-block-image size-large\"><img loading=\"lazy\" decoding=\"async\" width=\"599\" height=\"598\" src=\"https:\/\/senoticias.com.br\/se\/wp-content\/uploads\/2023\/06\/WhatsApp-Image-2023-06-02-at-14.45.58.jpeg\" alt=\"\" class=\"wp-image-137431\" srcset=\"https:\/\/senoticias.com.br\/se\/wp-content\/uploads\/2023\/06\/WhatsApp-Image-2023-06-02-at-14.45.58.jpeg 599w, https:\/\/senoticias.com.br\/se\/wp-content\/uploads\/2023\/06\/WhatsApp-Image-2023-06-02-at-14.45.58-300x300.jpeg 300w, https:\/\/senoticias.com.br\/se\/wp-content\/uploads\/2023\/06\/WhatsApp-Image-2023-06-02-at-14.45.58-150x150.jpeg 150w\" sizes=\"(max-width: 599px) 100vw, 599px\" \/><figcaption>Vereadora Em\u00edlia Correia &#8211; Foto arte: ascom\/parlamentar<\/figcaption><\/figure>\n\n\n\n<p>Apesar de ser tipificado como crime, pela Lei n. 14.192, a pr\u00e1tica ainda \u00e9 presente em plen\u00e1rios de todo Brasil, como foi o recente caso ocorrido na C\u00e2mara Municipal de Aracaju.<\/p>\n\n\n\n<p>Na 45\u00ba sess\u00e3o ordin\u00e1ria, do \u00faltimo 31 de maio, a vereadora Em\u00edlia Correia sofreu um ataque machista. O Vereador Professor Bittencourt, l\u00edder do Prefeito Edvaldo Nogueira, se dirigiu a parlamentar dizendo:<\/p>\n\n\n\n<p>\u201cA Fernanda talvez fique preocupada. Ela gosta muito de olhar pra mim, eu sei que sou irresist\u00edvel\u201d disse o parlamentar com um s\u00f3rdido riso.<\/p>\n\n\n\n<p>A repudiante conduta, vai muito al\u00e9m da ofensa \u00e0 honra da Vereadora Em\u00edlia. \u00c9 uma afronta, a legitimidade\/integridade do mandato feminino. A ofensa proferida pelo vereador, que teria como bandeira a defesa pelo direitos humanos, induz que a parlamentar estaria se apropriando da condi\u00e7\u00e3o de ser mulher para intimidar o mesmo.<\/p>\n\n\n\n<p>Cabe salientar que, os ataques machistas atingem n\u00e3o somente as parlamentares, mas afetam e dilaceram a democracia como um todo, \u00e9 por isso, que a viol\u00eancia n\u00e3o pode ser tolerada.<\/p>\n\n\n\n<p>A vereadora Em\u00edlia n\u00e3o falou: \u201cViol\u00eancia de g\u00eanero existe. Ocorreu mais uma vez nesta Casa, e n\u00e3o deve ser minimizada. O que foi dito, na pele de mulher, \u00e9 diferente\u201d, foi desta forma que a vereadora Em\u00edlia Corr\u00eaa (Patriota) destinou sua fala no Legislativo Municipal para criticar a postura do opositor.<\/p>\n\n\n\n<p><em><strong>Acompanhe tamb\u00e9m o SE Not\u00edcias no&nbsp;<a rel=\"noreferrer noopener\" href=\"https:\/\/twitter.com\/Senoticias\" target=\"_blank\">Twitter<\/a>,&nbsp;<a rel=\"noreferrer noopener\" href=\"https:\/\/www.facebook.com\/senoticias1\" target=\"_blank\">Facebook<\/a>&nbsp;e no&nbsp;<a rel=\"noreferrer noopener\" href=\"https:\/\/www.instagram.com\/senoticias\/\" target=\"_blank\">Instagram<\/a><\/strong><\/em><\/p>\n\n\n\n<p><em>Fonte: assessoria de imprensa<\/em><\/p>\n","protected":false},"excerpt":{"rendered":"<p>A viol\u00eancia pol\u00edtica contra as mulheres \u00e9 um dos principais fatores apontados por estudiosos para a reduzida presen\u00e7a feminina pol\u00edtica. A cada 30 dias, o MPF registra 7 casos de viol\u00eancia de g\u00eanero na pol\u00edtica contra mulher, segundo dados de dezembro de 2022. Apesar de ser tipificado como crime, pela Lei n. 14.192, a pr\u00e1tica [&hellip;]<\/p>\n","protected":false},"author":6557,"featured_media":0,"comment_status":"closed","ping_status":"closed","sticky":false,"template":"","format":"standard","meta":{"footnotes":""},"categories":[15,6],"tags":[39076,39075,15064,39079],"class_list":{"0":"post-137430","1":"post","2":"type-post","3":"status-publish","4":"format-standard","6":"category-destaques","7":"category-politica","8":"tag-camara-de-aracaju-2","9":"tag-emilia-correia","10":"tag-machismo","11":"tag-ofensa-machista"},"_links":{"self":[{"href":"https:\/\/senoticias.com.br\/se\/wp-json\/wp\/v2\/posts\/137430"}],"collection":[{"href":"https:\/\/senoticias.com.br\/se\/wp-json\/wp\/v2\/posts"}],"about":[{"href":"https:\/\/senoticias.com.br\/se\/wp-json\/wp\/v2\/types\/post"}],"author":[{"embeddable":true,"href":"https:\/\/senoticias.com.br\/se\/wp-json\/wp\/v2\/users\/6557"}],"replies":[{"embeddable":true,"href":"https:\/\/senoticias.com.br\/se\/wp-json\/wp\/v2\/comments?post=137430"}],"version-history":[{"count":0,"href":"https:\/\/senoticias.com.br\/se\/wp-json\/wp\/v2\/posts\/137430\/revisions"}],"wp:attachment":[{"href":"https:\/\/senoticias.com.br\/se\/wp-json\/wp\/v2\/media?parent=137430"}],"wp:term":[{"taxonomy":"category","embeddable":true,"href":"https:\/\/senoticias.com.br\/se\/wp-json\/wp\/v2\/categories?post=137430"},{"taxonomy":"post_tag","embeddable":true,"href":"https:\/\/senoticias.com.br\/se\/wp-json\/wp\/v2\/tags?post=137430"}],"curies":[{"name":"wp","href":"https:\/\/api.w.org\/{rel}","templated":true}]}}