{"id":137424,"date":"2023-06-02T11:00:01","date_gmt":"2023-06-02T14:00:01","guid":{"rendered":"https:\/\/senoticias.com.br\/se\/?p=137424"},"modified":"2023-06-02T11:00:09","modified_gmt":"2023-06-02T14:00:09","slug":"mestre-pela-ufs-e-major-da-policia-militar-de-sergipe-lanca-livro-com-resultado-da-pesquisa-movimentos-sociais-de-ocupacao-da-grande-aracaju","status":"publish","type":"post","link":"https:\/\/senoticias.com.br\/se\/mestre-pela-ufs-e-major-da-policia-militar-de-sergipe-lanca-livro-com-resultado-da-pesquisa-movimentos-sociais-de-ocupacao-da-grande-aracaju\/","title":{"rendered":"Mestre pela UFS e major da Pol\u00edcia Militar de Sergipe lan\u00e7a livro com resultado da pesquisa \u2018Movimentos Sociais de Ocupa\u00e7\u00e3o da Grande Aracaju\u2019"},"content":{"rendered":"\n<p>O entendimento das rela\u00e7\u00f5es sociais dos movimentos de luta por trabalho, terra e moradia \u00e9 essencial para a conviv\u00eancia em sociedade e tamb\u00e9m para o desenvolvimento de pol\u00edticas de seguran\u00e7a p\u00fablica voltadas \u00e0 gest\u00e3o e ao gerenciamento de conflitos envolvendo reintegra\u00e7\u00f5es de posse. \u00c9 nesse contexto que o<strong> major, mestre em Antropologia Social e pesquisador Marcos Andrade Rocha publicou o livro \u2018Movimento Sociais de Ocupa\u00e7\u00e3o da Grande Aracaju: Ritos, S\u00edmbolos e M\u00edsticas\u2019<\/strong>. O estudo observou de forma pr\u00f3xima as rela\u00e7\u00f5es de pertencimento e comunidade dos movimentos Organizado dos Trabalhadores Urbanos (Motu) e Movimento dos Trabalhadores Sem-Teto (MTST), na Grande Aracaju.<\/p>\n\n\n\n<figure class=\"wp-block-image size-large\"><img loading=\"lazy\" decoding=\"async\" width=\"588\" height=\"420\" src=\"https:\/\/senoticias.com.br\/se\/wp-content\/uploads\/2023\/06\/Movimentos-Sociais-SE-Noticias.jpg\" alt=\"\" class=\"wp-image-137425\" srcset=\"https:\/\/senoticias.com.br\/se\/wp-content\/uploads\/2023\/06\/Movimentos-Sociais-SE-Noticias.jpg 588w, https:\/\/senoticias.com.br\/se\/wp-content\/uploads\/2023\/06\/Movimentos-Sociais-SE-Noticias-300x214.jpg 300w\" sizes=\"(max-width: 588px) 100vw, 588px\" \/><\/figure>\n\n\n\n<p>De acordo com o autor, o major Marcos Rocha, que atualmente est\u00e1 lotado no Gabinete de Seguran\u00e7a Institucional do Minist\u00e9rio P\u00fablico de Sergipe, a pesquisa etnogr\u00e1fica foi realizada entre os anos de 2018 a 2021. \u201cNa qual eu estudei o fen\u00f4meno da ritualiza\u00e7\u00e3o da luta pela moradia desses dois movimentos de ocupa\u00e7\u00e3o da Regi\u00e3o Metropolitana de Aracaju\u201d, destacou.<\/p>\n\n\n\n<p>Conforme o autor, os movimentos, historicamente, nascem do MST. \u201cEles incorporaram as m\u00edsticas, a simbologia e a ritual\u00edstica. Os integrantes desses movimentos na luta pela moradia constroem sua coes\u00e3o social atrav\u00e9s de um ritual pol\u00edtico chamado \u2018m\u00edstica\u2019. Eles realizam nos barrac\u00f5es centrais das ocupa\u00e7\u00f5es em meio a c\u00e2nticos e bravos gestos. A bandeira e o barrac\u00e3o central s\u00e3o importantes\u201d, revelou.<\/p>\n\n\n\n<p>Segundo o major e pesquisador Marcos Rocha, o resultado da pesquisa etnogr\u00e1fica tamb\u00e9m \u00e9 importante para a seguran\u00e7a p\u00fablica, essencialmente nas a\u00e7\u00f5es desenvolvidas no \u00e2mbito da Gest\u00e3o de Conflitos e de Crises. \u201cPor entender que os movimentos de ocupa\u00e7\u00e3o, tanto urbanos quanto rurais, por ritualizar a luta pela moradia, esse momento de ritual \u00e9 important\u00edssimo para eles\u201d, reiterou.<\/p>\n\n\n\n<p>\u201cPor isso, \u00e9 interessante que, no cumprimento de reintegra\u00e7\u00e3o de posse complexa, que s\u00e3o as que t\u00eam pluralidade de vozes e envolvimento de movimentos sociais, seja oportunizado que eles mesmos desmontem as ocupa\u00e7\u00f5es e barrac\u00e3o central, assim como recolha a bandeira que, para eles tem a mesma sacralidade que, por exemplo, o Pavilh\u00e3o Nacional tem para n\u00f3s militares\u201d, enfatizou o major Marcos Rocha, autor da obra.<\/p>\n\n\n\n<p><strong>Obra<\/strong><\/p>\n\n\n\n<p>O livro \u2018Movimento Sociais de Ocupa\u00e7\u00e3o da Grande Aracaju: Ritos, S\u00edmbolos e M\u00edsticas\u2019 \u00e9 fruto da disserta\u00e7\u00e3o de mestrado do major da Pol\u00edcia Militar de Sergipe e mestre pela UFS, Marcos Andrade Rocha. O livro est\u00e1 dispon\u00edvel para download em vers\u00e3o digital PDF no site da Editora UFS (Edufs) &#8211; https:\/\/www.livraria.ufs.br\/produto\/movimentos-sociais-de-ocupacao-da-grande-aracaju-ritos-simbolos-e-misticas\/&nbsp;<\/p>\n\n\n\n<p><strong>Autor<\/strong><\/p>\n\n\n\n<p>Marcos Andrade Rocha \u00e9 major da Pol\u00edcia Militar de Sergipe e j\u00e1 coordenou o Grupo de Gest\u00e3o de Crises e Conflitos (GGCC), respons\u00e1vel pelas tratativas com os movimentos sociais de ocupa\u00e7\u00e3o, entre os anos de 2014 e 2020. Ele \u00e9 mestre em Antropologia Social pela Universidade Federal de Sergipe (2021) e especialista em Seguran\u00e7a P\u00fablica e Democracia pelo Departamento de Ci\u00eancias Sociais da Universidade Federal de Sergipe, em conv\u00eanio com a Rede Nacional de Altos Estudos da Secretaria Nacional de Seguran\u00e7a P\u00fablica &#8211; Minist\u00e9rio da Justi\u00e7a (2015).<\/p>\n\n\n\n<p><em><strong>Acompanhe tamb\u00e9m o SE Not\u00edcias no\u00a0<a rel=\"noreferrer noopener\" href=\"https:\/\/twitter.com\/Senoticias\" target=\"_blank\">Twitter<\/a>,\u00a0<a rel=\"noreferrer noopener\" href=\"https:\/\/www.facebook.com\/senoticias1\" target=\"_blank\">Facebook<\/a>\u00a0e no\u00a0<a rel=\"noreferrer noopener\" href=\"https:\/\/www.instagram.com\/senoticias\/\" target=\"_blank\">Instagram<\/a><\/strong><\/em><\/p>\n\n\n\n<p><em>Fonte: ascom\/SSP\/SE<\/em><\/p>\n","protected":false},"excerpt":{"rendered":"<p>O entendimento das rela\u00e7\u00f5es sociais dos movimentos de luta por trabalho, terra e moradia \u00e9 essencial para a conviv\u00eancia em sociedade e tamb\u00e9m para o desenvolvimento de pol\u00edticas de seguran\u00e7a p\u00fablica voltadas \u00e0 gest\u00e3o e ao gerenciamento de conflitos envolvendo reintegra\u00e7\u00f5es de posse. \u00c9 nesse contexto que o major, mestre em Antropologia Social e pesquisador [&hellip;]<\/p>\n","protected":false},"author":6557,"featured_media":0,"comment_status":"closed","ping_status":"closed","sticky":false,"template":"","format":"standard","meta":{"footnotes":""},"categories":[15,6],"tags":[39072,969,39071],"class_list":{"0":"post-137424","1":"post","2":"type-post","3":"status-publish","4":"format-standard","6":"category-destaques","7":"category-politica","8":"tag-major-da-policia-militar-de-sergipe","9":"tag-movimentos-sociais","10":"tag-ocupacao-da-grande-aracaju"},"_links":{"self":[{"href":"https:\/\/senoticias.com.br\/se\/wp-json\/wp\/v2\/posts\/137424"}],"collection":[{"href":"https:\/\/senoticias.com.br\/se\/wp-json\/wp\/v2\/posts"}],"about":[{"href":"https:\/\/senoticias.com.br\/se\/wp-json\/wp\/v2\/types\/post"}],"author":[{"embeddable":true,"href":"https:\/\/senoticias.com.br\/se\/wp-json\/wp\/v2\/users\/6557"}],"replies":[{"embeddable":true,"href":"https:\/\/senoticias.com.br\/se\/wp-json\/wp\/v2\/comments?post=137424"}],"version-history":[{"count":0,"href":"https:\/\/senoticias.com.br\/se\/wp-json\/wp\/v2\/posts\/137424\/revisions"}],"wp:attachment":[{"href":"https:\/\/senoticias.com.br\/se\/wp-json\/wp\/v2\/media?parent=137424"}],"wp:term":[{"taxonomy":"category","embeddable":true,"href":"https:\/\/senoticias.com.br\/se\/wp-json\/wp\/v2\/categories?post=137424"},{"taxonomy":"post_tag","embeddable":true,"href":"https:\/\/senoticias.com.br\/se\/wp-json\/wp\/v2\/tags?post=137424"}],"curies":[{"name":"wp","href":"https:\/\/api.w.org\/{rel}","templated":true}]}}