{"id":137400,"date":"2023-05-31T17:32:28","date_gmt":"2023-05-31T20:32:28","guid":{"rendered":"https:\/\/senoticias.com.br\/se\/?p=137400"},"modified":"2023-05-31T17:39:52","modified_gmt":"2023-05-31T20:39:52","slug":"defesa-civil-emite-alerta-de-chuvas-moderadas-em-sergipe","status":"publish","type":"post","link":"https:\/\/senoticias.com.br\/se\/defesa-civil-emite-alerta-de-chuvas-moderadas-em-sergipe\/","title":{"rendered":"Defesa Civil emite alerta de chuvas moderadas em Sergipe"},"content":{"rendered":"\n<p>A Defesa Civil de Sergipe emitiu alerta de chuvas que vale das 18 horas desta quarta-feira (31) at\u00e9 \u00e0s 10h30 do dia 4 de junho.<\/p>\n\n\n\n<figure class=\"wp-block-image size-large\"><img loading=\"lazy\" decoding=\"async\" width=\"574\" height=\"431\" src=\"https:\/\/senoticias.com.br\/se\/wp-content\/uploads\/2023\/04\/Chuvas-moderadas-SE-Noticias.jpg\" alt=\"\" class=\"wp-image-136617\" srcset=\"https:\/\/senoticias.com.br\/se\/wp-content\/uploads\/2023\/04\/Chuvas-moderadas-SE-Noticias.jpg 574w, https:\/\/senoticias.com.br\/se\/wp-content\/uploads\/2023\/04\/Chuvas-moderadas-SE-Noticias-300x225.jpg 300w, https:\/\/senoticias.com.br\/se\/wp-content\/uploads\/2023\/04\/Chuvas-moderadas-SE-Noticias-45x35.jpg 45w\" sizes=\"(max-width: 574px) 100vw, 574px\" \/><figcaption> A Defesa Civil, alerta que casos de emerg\u00eancias devem ser comunicados pelo n\u00famero 199 &#8211; Foto: arquivo\/SE Not\u00edcias<\/figcaption><\/figure>\n\n\n\n<p>Segundo a Defesa Civil, a popula\u00e7\u00e3o deve ficar atenta aos sinais de risco, como a inclina\u00e7\u00e3o de \u00e1rvores e postes nas \u00e1reas de encostas. Al\u00e9m disso, nas resid\u00eancias, barulhos no madeiramento do telhado, rachaduras e afundamentos de piso, podem representar riscos para desabamento.<\/p>\n\n\n\n<p>Em caso de sinais at\u00edpicos, \u00e9 poss\u00edvel entrar em contato com o \u00f3rg\u00e3o atrav\u00e9s do servi\u00e7o emergencial 199, para solicitar uma avalia\u00e7\u00e3o.<\/p>\n\n\n\n<p><em><strong>Acompanhe tamb\u00e9m o SE Not\u00edcias no\u00a0<a rel=\"noreferrer noopener\" href=\"https:\/\/twitter.com\/Senoticias\" target=\"_blank\">Twitter<\/a>,\u00a0<a rel=\"noreferrer noopener\" href=\"https:\/\/www.facebook.com\/senoticias1\" target=\"_blank\">Facebook<\/a>\u00a0e no\u00a0<a rel=\"noreferrer noopener\" href=\"https:\/\/www.instagram.com\/senoticias\/\" target=\"_blank\">Instagram<\/a><\/strong><\/em><\/p>\n\n\n\n<p><em>Fonte: G1SE<\/em><\/p>\n","protected":false},"excerpt":{"rendered":"<p>A Defesa Civil de Sergipe emitiu alerta de chuvas que vale das 18 horas desta quarta-feira (31) at\u00e9 \u00e0s 10h30 do dia 4 de junho. Segundo a Defesa Civil, a popula\u00e7\u00e3o deve ficar atenta aos sinais de risco, como a inclina\u00e7\u00e3o de \u00e1rvores e postes nas \u00e1reas de encostas. Al\u00e9m disso, nas resid\u00eancias, barulhos no [&hellip;]<\/p>\n","protected":false},"author":6557,"featured_media":0,"comment_status":"closed","ping_status":"closed","sticky":false,"template":"","format":"standard","meta":{"footnotes":""},"categories":[15,6,1],"tags":[6314],"class_list":{"0":"post-137400","1":"post","2":"type-post","3":"status-publish","4":"format-standard","6":"category-destaques","7":"category-politica","8":"category-sem-categoria","9":"tag-defesa-civil"},"_links":{"self":[{"href":"https:\/\/senoticias.com.br\/se\/wp-json\/wp\/v2\/posts\/137400"}],"collection":[{"href":"https:\/\/senoticias.com.br\/se\/wp-json\/wp\/v2\/posts"}],"about":[{"href":"https:\/\/senoticias.com.br\/se\/wp-json\/wp\/v2\/types\/post"}],"author":[{"embeddable":true,"href":"https:\/\/senoticias.com.br\/se\/wp-json\/wp\/v2\/users\/6557"}],"replies":[{"embeddable":true,"href":"https:\/\/senoticias.com.br\/se\/wp-json\/wp\/v2\/comments?post=137400"}],"version-history":[{"count":0,"href":"https:\/\/senoticias.com.br\/se\/wp-json\/wp\/v2\/posts\/137400\/revisions"}],"wp:attachment":[{"href":"https:\/\/senoticias.com.br\/se\/wp-json\/wp\/v2\/media?parent=137400"}],"wp:term":[{"taxonomy":"category","embeddable":true,"href":"https:\/\/senoticias.com.br\/se\/wp-json\/wp\/v2\/categories?post=137400"},{"taxonomy":"post_tag","embeddable":true,"href":"https:\/\/senoticias.com.br\/se\/wp-json\/wp\/v2\/tags?post=137400"}],"curies":[{"name":"wp","href":"https:\/\/api.w.org\/{rel}","templated":true}]}}