{"id":137385,"date":"2023-05-30T21:23:35","date_gmt":"2023-05-31T00:23:35","guid":{"rendered":"https:\/\/senoticias.com.br\/se\/?p=137385"},"modified":"2023-05-30T21:41:57","modified_gmt":"2023-05-31T00:41:57","slug":"governador-anuncia-duas-novas-secretarias","status":"publish","type":"post","link":"https:\/\/senoticias.com.br\/se\/governador-anuncia-duas-novas-secretarias\/","title":{"rendered":"Governador F\u00e1bio Mitidieri anuncia duas novas secret\u00e1rias"},"content":{"rendered":"\n<p>O governador F\u00e1bio Mitidieri (PSD) anuncia mais dois secret\u00e1rios para compor o seu governo. Pelo instagram, na noite desta ter\u00e7a-feira, 30, informou a t\u00e9cnica D\u00e9borah Dias para a Secretaria de Estado do Meio Ambiente e Silvana Lisboa para a Transpar\u00eancia e Controle.<\/p>\n\n\n\n<figure class=\"wp-block-image size-large\"><img loading=\"lazy\" decoding=\"async\" width=\"560\" height=\"312\" src=\"https:\/\/senoticias.com.br\/se\/wp-content\/uploads\/2023\/05\/Fabio-e-novas-secretarias-se-noticias.jpg\" alt=\"\" class=\"wp-image-137386\" srcset=\"https:\/\/senoticias.com.br\/se\/wp-content\/uploads\/2023\/05\/Fabio-e-novas-secretarias-se-noticias.jpg 560w, https:\/\/senoticias.com.br\/se\/wp-content\/uploads\/2023\/05\/Fabio-e-novas-secretarias-se-noticias-300x167.jpg 300w\" sizes=\"(max-width: 560px) 100vw, 560px\" \/><figcaption>Governador F\u00e1bio Mitidieri anunciou, nesta ter\u00e7a-feira (30) mais duas mulheres para compor o primeiro escal\u00e3o &#8211; Foto: ASN<\/figcaption><\/figure>\n\n\n\n<p>\u201cO secretariado est\u00e1 completo! Cumprindo nosso objetivo de promover espa\u00e7os de destaque a profissionais mulheres, contaremos com a expertise das t\u00e9cnicas D\u00e9borah Dias e Silvana Lisboa no comando das pastas do Meio Ambiente e da Transpar\u00eancia e Controle, respectivamente\u201d, afirmou o governador.<\/p>\n\n\n\n<p>D\u00e9borah estava como presidente da Administra\u00e7\u00e3o Estadual do Meio Ambiente (Adema). Ocupar\u00e1 a vaga deixada por Jos\u00e9 Carlos Felizola, que j\u00e1 assumiu o cargo de conselheiro do Tribunal de Contas do Estado, na vaga de Carlos Pinna, que morreu recentemente. &nbsp;Com isso, o Meio Ambiente permanece com o ex-governador Belivaldo Chagas (PSD).<\/p>\n\n\n\n<p>J\u00e1 Silvana assumir\u00e1 a pasta que estava sendo acumulada pela secret\u00e1ria de Estado da Administra\u00e7\u00e3o, Lucivanda Rodrigues.<\/p>\n\n\n\n<p>A posse das novas secret\u00e1rias &nbsp;acontecer\u00e1 no dia 05 de junho, \u00e0s 8h, no Pal\u00e1cio de Despachos.<\/p>\n\n\n\n<p><em><strong>Acompanhe tamb\u00e9m o SE Not\u00edcias no&nbsp;<a rel=\"noreferrer noopener\" href=\"https:\/\/twitter.com\/Senoticias\" target=\"_blank\">Twitter<\/a>,&nbsp;<a rel=\"noreferrer noopener\" href=\"https:\/\/www.facebook.com\/senoticias1\" target=\"_blank\">Facebook<\/a>&nbsp;e no&nbsp;<a rel=\"noreferrer noopener\" href=\"https:\/\/www.instagram.com\/senoticias\/\" target=\"_blank\">Instagram<\/a><\/strong><\/em><\/p>\n\n\n\n<p>Fonte: Rita Oliveira<\/p>\n","protected":false},"excerpt":{"rendered":"<p>O governador F\u00e1bio Mitidieri (PSD) anuncia mais dois secret\u00e1rios para compor o seu governo. Pelo instagram, na noite desta ter\u00e7a-feira, 30, informou a t\u00e9cnica D\u00e9borah Dias para a Secretaria de Estado do Meio Ambiente e Silvana Lisboa para a Transpar\u00eancia e Controle. \u201cO secretariado est\u00e1 completo! Cumprindo nosso objetivo de promover espa\u00e7os de destaque a [&hellip;]<\/p>\n","protected":false},"author":6557,"featured_media":0,"comment_status":"closed","ping_status":"closed","sticky":true,"template":"","format":"standard","meta":{"footnotes":""},"categories":[15,6],"tags":[3488,39049,5585,8021],"class_list":{"0":"post-137385","1":"post","2":"type-post","3":"status-publish","4":"format-standard","6":"category-destaques","7":"category-politica","8":"tag-adema","9":"tag-deborah-dias","10":"tag-meio-ambiente","11":"tag-secretaria-de-estado-do-meio-ambiente"},"_links":{"self":[{"href":"https:\/\/senoticias.com.br\/se\/wp-json\/wp\/v2\/posts\/137385"}],"collection":[{"href":"https:\/\/senoticias.com.br\/se\/wp-json\/wp\/v2\/posts"}],"about":[{"href":"https:\/\/senoticias.com.br\/se\/wp-json\/wp\/v2\/types\/post"}],"author":[{"embeddable":true,"href":"https:\/\/senoticias.com.br\/se\/wp-json\/wp\/v2\/users\/6557"}],"replies":[{"embeddable":true,"href":"https:\/\/senoticias.com.br\/se\/wp-json\/wp\/v2\/comments?post=137385"}],"version-history":[{"count":0,"href":"https:\/\/senoticias.com.br\/se\/wp-json\/wp\/v2\/posts\/137385\/revisions"}],"wp:attachment":[{"href":"https:\/\/senoticias.com.br\/se\/wp-json\/wp\/v2\/media?parent=137385"}],"wp:term":[{"taxonomy":"category","embeddable":true,"href":"https:\/\/senoticias.com.br\/se\/wp-json\/wp\/v2\/categories?post=137385"},{"taxonomy":"post_tag","embeddable":true,"href":"https:\/\/senoticias.com.br\/se\/wp-json\/wp\/v2\/tags?post=137385"}],"curies":[{"name":"wp","href":"https:\/\/api.w.org\/{rel}","templated":true}]}}