{"id":137367,"date":"2023-05-29T22:29:07","date_gmt":"2023-05-30T01:29:07","guid":{"rendered":"https:\/\/senoticias.com.br\/se\/?p=137367"},"modified":"2023-05-29T22:29:14","modified_gmt":"2023-05-30T01:29:14","slug":"policia-federal-apreende-aviao-da-igreja-quadrangular-com-290kg-de-maconha","status":"publish","type":"post","link":"https:\/\/senoticias.com.br\/se\/policia-federal-apreende-aviao-da-igreja-quadrangular-com-290kg-de-maconha\/","title":{"rendered":"Pol\u00edcia Federal apreende avi\u00e3o da Igreja Quadrangular com 290kg de maconha"},"content":{"rendered":"\n<p><\/p>\n\n\n\n<p>A Pol\u00edcia Federal prendeu um homem que estava prestes a transportar 290 quilos de maconha em um avi\u00e3o monomotor pertencente \u00e0 Igreja do Evangelho Quadrangular, no Aeroporto Internacional de Bel\u00e9m, no Par\u00e1.<\/p>\n\n\n\n<p>De acordo com a PF, a droga seria levada para fora do estado, mas, antes da decolagem, foi feito o flagrante em um hangar de voos particulares. O homem foi preso tentando transportar skunk, uma forma concentrada de maconha.<\/p>\n\n\n\n<figure class=\"wp-block-image size-large\"><img loading=\"lazy\" decoding=\"async\" width=\"581\" height=\"387\" src=\"https:\/\/senoticias.com.br\/se\/wp-content\/uploads\/2023\/05\/Maconha-em-aviao-da-Igreja-Quadrangular-SE-noticias.jpg\" alt=\"\" class=\"wp-image-137368\" srcset=\"https:\/\/senoticias.com.br\/se\/wp-content\/uploads\/2023\/05\/Maconha-em-aviao-da-Igreja-Quadrangular-SE-noticias.jpg 581w, https:\/\/senoticias.com.br\/se\/wp-content\/uploads\/2023\/05\/Maconha-em-aviao-da-Igreja-Quadrangular-SE-noticias-300x200.jpg 300w, https:\/\/senoticias.com.br\/se\/wp-content\/uploads\/2023\/05\/Maconha-em-aviao-da-Igreja-Quadrangular-SE-noticias-90x60.jpg 90w, https:\/\/senoticias.com.br\/se\/wp-content\/uploads\/2023\/05\/Maconha-em-aviao-da-Igreja-Quadrangular-SE-noticias-180x120.jpg 180w, https:\/\/senoticias.com.br\/se\/wp-content\/uploads\/2023\/05\/Maconha-em-aviao-da-Igreja-Quadrangular-SE-noticias-95x64.jpg 95w\" sizes=\"(max-width: 581px) 100vw, 581px\" \/><figcaption>Pol\u00edcia Federal apreende 290 kg de maconha em avi\u00e3o de Igreja Quadrangular &#8211; Foto: Divulga\u00e7\u00e3o\/Pol\u00edcia Federal<\/figcaption><\/figure>\n\n\n\n<p>A partir de informa\u00e7\u00f5es de intelig\u00eancia do N\u00facleo de Pol\u00edcia Aeroportu\u00e1ria da PF, a corpora\u00e7\u00e3o soube do carregamento de entorpecente com plano de voo para Petrolina (PE). Minutos antes da decolagem, prevista para as 7h30, o respons\u00e1vel pela droga foi abordado, enquanto caminhava do p\u00e1tio \u00e0 aeronave. Ao ver a pol\u00edcia, ele correu para fora do aeroporto, mas foi alcan\u00e7ado.<\/p>\n\n\n\n<p>A carga ocupava todo o espa\u00e7o dispon\u00edvel na aeronave, deixando apenas assentos para o piloto e um passageiro. A PF afirma que o forte odor que emanava do avi\u00e3o indicava que a carga j\u00e1 estava no monomotor h\u00e1 horas, aguardando a partida.<\/p>\n\n\n\n<p>O suspeito foi liberado, uma vez que n\u00e3o foram encontradas evid\u00eancias de sua participa\u00e7\u00e3o no crime. Entretanto, a aeronave e o celular do homem detido foram apreendidos.<\/p>\n\n\n\n<p>De acordo com o portal de not\u00edcias de Bel\u00e9m, Roma News, o Conselho Estadual da Igreja Quadrangular assumiu a propriedade da aeronave apreendida e que o homem acessou o avi\u00e3o sem autoriza\u00e7\u00e3o do hangar, e colocou a carga no interior da aeronave.<\/p>\n\n\n\n<p>Al\u00e9m disso, no comunicado oficial publicado pelo portal, a igreja disse que foi ela que acionou a PF, que assim, tomou conhecimento do conte\u00fado il\u00edcito que seria transportado pelo suspeito.<\/p>\n\n\n\n<p>Entretanto, as informa\u00e7\u00f5es n\u00e3o coincidem, j\u00e1 que a pol\u00edcia reafirma que as informa\u00e7\u00f5es vieram da intelig\u00eancia do N\u00facleo de Pol\u00edcia Aeroportu\u00e1ria da PF.<\/p>\n\n\n\n<p><em><strong>Acompanhe tamb\u00e9m o SE Not\u00edcias no\u00a0<a rel=\"noreferrer noopener\" href=\"https:\/\/twitter.com\/Senoticias\" target=\"_blank\">Twitter<\/a>,\u00a0<a rel=\"noreferrer noopener\" href=\"https:\/\/www.facebook.com\/senoticias1\" target=\"_blank\">Facebook<\/a>\u00a0e no\u00a0<a rel=\"noreferrer noopener\" href=\"https:\/\/www.instagram.com\/senoticias\/\" target=\"_blank\">Instagram<\/a><\/strong><\/em><\/p>\n\n\n\n<p>por Wellington Barbosa &#8211; Estado de Minas<\/p>\n","protected":false},"excerpt":{"rendered":"<p>A Pol\u00edcia Federal prendeu um homem que estava prestes a transportar 290 quilos de maconha em um avi\u00e3o monomotor pertencente \u00e0 Igreja do Evangelho Quadrangular, no Aeroporto Internacional de Bel\u00e9m, no Par\u00e1. De acordo com a PF, a droga seria levada para fora do estado, mas, antes da decolagem, foi feito o flagrante em um [&hellip;]<\/p>\n","protected":false},"author":6557,"featured_media":0,"comment_status":"closed","ping_status":"closed","sticky":false,"template":"","format":"standard","meta":{"footnotes":""},"categories":[15,2961],"tags":[39042,39041,2660,1947],"class_list":{"0":"post-137367","1":"post","2":"type-post","3":"status-publish","4":"format-standard","6":"category-destaques","7":"category-nacional","8":"tag-290kg-de-maconha","9":"tag-igreja-quadrangular4","10":"tag-maconha","11":"tag-policia-federal"},"_links":{"self":[{"href":"https:\/\/senoticias.com.br\/se\/wp-json\/wp\/v2\/posts\/137367"}],"collection":[{"href":"https:\/\/senoticias.com.br\/se\/wp-json\/wp\/v2\/posts"}],"about":[{"href":"https:\/\/senoticias.com.br\/se\/wp-json\/wp\/v2\/types\/post"}],"author":[{"embeddable":true,"href":"https:\/\/senoticias.com.br\/se\/wp-json\/wp\/v2\/users\/6557"}],"replies":[{"embeddable":true,"href":"https:\/\/senoticias.com.br\/se\/wp-json\/wp\/v2\/comments?post=137367"}],"version-history":[{"count":0,"href":"https:\/\/senoticias.com.br\/se\/wp-json\/wp\/v2\/posts\/137367\/revisions"}],"wp:attachment":[{"href":"https:\/\/senoticias.com.br\/se\/wp-json\/wp\/v2\/media?parent=137367"}],"wp:term":[{"taxonomy":"category","embeddable":true,"href":"https:\/\/senoticias.com.br\/se\/wp-json\/wp\/v2\/categories?post=137367"},{"taxonomy":"post_tag","embeddable":true,"href":"https:\/\/senoticias.com.br\/se\/wp-json\/wp\/v2\/tags?post=137367"}],"curies":[{"name":"wp","href":"https:\/\/api.w.org\/{rel}","templated":true}]}}