{"id":137342,"date":"2023-05-27T19:40:38","date_gmt":"2023-05-27T22:40:38","guid":{"rendered":"https:\/\/senoticias.com.br\/se\/?p=137342"},"modified":"2023-05-27T19:59:37","modified_gmt":"2023-05-27T22:59:37","slug":"empregador-nao-precisa-justificar-demissao-sem-justa-causa-decide-stf","status":"publish","type":"post","link":"https:\/\/senoticias.com.br\/se\/empregador-nao-precisa-justificar-demissao-sem-justa-causa-decide-stf\/","title":{"rendered":"Empregador n\u00e3o precisa justificar demiss\u00e3o sem justa causa, decide STF"},"content":{"rendered":"\n<p><\/p>\n\n\n\n<p>O Supremo Tribunal Federal decidiu que empregadores podem demitir funcion\u00e1rios sem a necessidade de justificar. O debate durou quase tr\u00eas d\u00e9cadas e foi finalizado nesta sexta (26), ap\u00f3s an\u00e1lise de todos os ministros pelo plen\u00e1rio virtual. A decis\u00e3o ocorre a partir da valida\u00e7\u00e3o pelos magistrados da sa\u00edda do Brasil da Conven\u00e7\u00e3o 158 da Organiza\u00e7\u00e3o Internacional do Trabalho (OIT), medida tomada por meio de um decreto, em 1997, pelo ent\u00e3o presidente Fernando Henrique Cardoso.<\/p>\n\n\n\n<figure class=\"wp-block-image size-large\"><img loading=\"lazy\" decoding=\"async\" width=\"599\" height=\"398\" src=\"https:\/\/senoticias.com.br\/se\/wp-content\/uploads\/2017\/10\/742c325f6129dd64f68c04f4fbc0e3e8-e1507396185587.jpg\" alt=\"\" class=\"wp-image-107207\"\/><figcaption>A discuss\u00e3o \u00e9 travada desde 1997, quando o ent\u00e3o presidente FHC excluiu o Brasil da Conven\u00e7\u00e3o 158 da OIT &#8211; Foto: arquivo\/ascom\/ASN<\/figcaption><\/figure>\n\n\n\n<p>Apesar de manter o decreto, a maioria dos ministros entendeu que, para casos futuros, a sa\u00edda de tratados e acordos internacionais deve ser aprovada pelo Congresso para que tenha efeito jur\u00eddico. Den\u00fancias de demiss\u00f5es sem justa causa feitas antes do entendimento do STF continuam v\u00e1lidas.<\/p>\n\n\n\n<p>O julgamento tem como base uma a\u00e7\u00e3o da Confedera\u00e7\u00e3o Nacional dos Trabalhadores na Agricultura (Contag) e da Central \u00danica dos Trabalhadores (CUT) que alegam que, para surtir efeito, a sa\u00edda do pa\u00eds da conven\u00e7\u00e3o teria que passar pelo Poder Legislativo. Os autores tamb\u00e9m pediam o fim dos efeitos do decreto de FHC.<\/p>\n\n\n\n<p>A Conven\u00e7\u00e3o 158 da OIT trata do fim do v\u00ednculo empregat\u00edcio por iniciativa do empregador. Nos pa\u00edses que aderem ao acordo, \u00e9 necess\u00e1rio que o empregador apresente &#8220;causa justificada relacionada com capacidade ou comportamento&#8221; do empregado, ou com base &#8220;nas necessidades de funcionamento da empresa, estabelecimento ou servi\u00e7o&#8221;.<\/p>\n\n\n\n<p><strong>Como votaram os ministros<\/strong><br><br>No julgamento, houve algumas linhas de entendimento. O relator, Maur\u00edcio Corr\u00eaa, j\u00e1 falecido, e o ministro Ayres Britto concordaram parcialmente com a a\u00e7\u00e3o no sentido da exig\u00eancia de vota\u00e7\u00e3o do Congresso para que as den\u00fancias de tratados internacionais se tornem efetivas juridicamente.<\/p>\n\n\n\n<p>Prevaleceu o voto do ministro Teori Zavascki (morto em um acidente a\u00e9reo em 2017), que divergiu do relator. Ele reconheceu a validade do decreto que retirou o Brasil da conven\u00e7\u00e3o, mas considerou que a Constitui\u00e7\u00e3o n\u00e3o permite que um presidente da Rep\u00fablica retire o pa\u00eds de tratados internacionais sem a anu\u00eancia do Congresso. Pela inova\u00e7\u00e3o, ele ponderou que esse entendimento s\u00f3 poderia ter validade para aplica\u00e7\u00e3o em futuros decretos.<\/p>\n\n\n\n<p>Os ministros Dias Toffoli, Nelson Jobim (aposentado), Gilmar Mendes, Nunes Marques e Andr\u00e9 Mendon\u00e7a tamb\u00e9m votaram pela improced\u00eancia da a\u00e7\u00e3o.<\/p>\n\n\n\n<p>J\u00e1 os ministros Joaquim Barbosa, Rosa Weber e Ricardo Lewandowski votaram pela proced\u00eancia total da a\u00e7\u00e3o. Na an\u00e1lise desses magistrados, n\u00e3o s\u00f3 a necessidade da delibera\u00e7\u00e3o do Congresso \u00e9 considerada, como tamb\u00e9m o decreto de FHC n\u00e3o teria efeito. Neste caso, a conven\u00e7\u00e3o deveria ser restabelecida.<\/p>\n\n\n\n<p><em><strong>Acompanhe tamb\u00e9m o SE Not\u00edcias no&nbsp;<a rel=\"noreferrer noopener\" href=\"https:\/\/twitter.com\/Senoticias\" target=\"_blank\">Twitter<\/a>,&nbsp;<a rel=\"noreferrer noopener\" href=\"https:\/\/www.facebook.com\/senoticias1\" target=\"_blank\">Facebook<\/a>&nbsp;e no&nbsp;<a rel=\"noreferrer noopener\" href=\"https:\/\/www.instagram.com\/senoticias\/\" target=\"_blank\">Instagram<\/a><\/strong><\/em><\/p>\n\n\n\n<p>Por Bruna Lima, do <strong><a href=\"https:\/\/noticias.r7.com\/brasilia\/empregador-nao-precisa-justificar-demissao-sem-justa-causa-decide-stf-27052023\">R7<\/a><\/strong>, em Bras\u00edlia<\/p>\n","protected":false},"excerpt":{"rendered":"<p>O Supremo Tribunal Federal decidiu que empregadores podem demitir funcion\u00e1rios sem a necessidade de justificar. O debate durou quase tr\u00eas d\u00e9cadas e foi finalizado nesta sexta (26), ap\u00f3s an\u00e1lise de todos os ministros pelo plen\u00e1rio virtual. A decis\u00e3o ocorre a partir da valida\u00e7\u00e3o pelos magistrados da sa\u00edda do Brasil da Conven\u00e7\u00e3o 158 da Organiza\u00e7\u00e3o Internacional [&hellip;]<\/p>\n","protected":false},"author":6557,"featured_media":0,"comment_status":"closed","ping_status":"closed","sticky":false,"template":"","format":"standard","meta":{"footnotes":""},"categories":[15,6],"tags":[39029,5076,836,5785],"class_list":{"0":"post-137342","1":"post","2":"type-post","3":"status-publish","4":"format-standard","6":"category-destaques","7":"category-politica","8":"tag-demissao-sem-justa-causa","9":"tag-empregador","10":"tag-stf","11":"tag-supremo-tribunal-federal"},"_links":{"self":[{"href":"https:\/\/senoticias.com.br\/se\/wp-json\/wp\/v2\/posts\/137342"}],"collection":[{"href":"https:\/\/senoticias.com.br\/se\/wp-json\/wp\/v2\/posts"}],"about":[{"href":"https:\/\/senoticias.com.br\/se\/wp-json\/wp\/v2\/types\/post"}],"author":[{"embeddable":true,"href":"https:\/\/senoticias.com.br\/se\/wp-json\/wp\/v2\/users\/6557"}],"replies":[{"embeddable":true,"href":"https:\/\/senoticias.com.br\/se\/wp-json\/wp\/v2\/comments?post=137342"}],"version-history":[{"count":0,"href":"https:\/\/senoticias.com.br\/se\/wp-json\/wp\/v2\/posts\/137342\/revisions"}],"wp:attachment":[{"href":"https:\/\/senoticias.com.br\/se\/wp-json\/wp\/v2\/media?parent=137342"}],"wp:term":[{"taxonomy":"category","embeddable":true,"href":"https:\/\/senoticias.com.br\/se\/wp-json\/wp\/v2\/categories?post=137342"},{"taxonomy":"post_tag","embeddable":true,"href":"https:\/\/senoticias.com.br\/se\/wp-json\/wp\/v2\/tags?post=137342"}],"curies":[{"name":"wp","href":"https:\/\/api.w.org\/{rel}","templated":true}]}}