{"id":137321,"date":"2023-05-25T21:38:48","date_gmt":"2023-05-26T00:38:48","guid":{"rendered":"https:\/\/senoticias.com.br\/se\/?p=137321"},"modified":"2023-05-25T21:49:40","modified_gmt":"2023-05-26T00:49:40","slug":"tribunal-de-contas-suspende-licitacao-de-r-10-milhoes-da-prefeitura-de-itaporanga-dajuda","status":"publish","type":"post","link":"https:\/\/senoticias.com.br\/se\/tribunal-de-contas-suspende-licitacao-de-r-10-milhoes-da-prefeitura-de-itaporanga-dajuda\/","title":{"rendered":"Tribunal de Contas suspende licita\u00e7\u00e3o de R$ 10 milh\u00f5es da prefeitura de Itaporanga D&#8217;Ajuda"},"content":{"rendered":"\n<p>A sess\u00e3o do Pleno do Tribunal de Contas do Estado de Sergipe (TCE\/SE) foi realizada nesta quinta-feira, 25, sob a presid\u00eancia do conselheiro presidente Fl\u00e1vio Concei\u00e7\u00e3o. Foram nove processos e quatro protocolos julgados com a participa\u00e7\u00e3o dos conselheiros Luiz Augusto Ribeiro, Ang\u00e9lica Guimar\u00e3es, Luis Alberto Meneses e Jos\u00e9 Carlos Felizola, al\u00e9m dos conselheiros substitutos Alexandre Lessa e Francisco Evanildo, e do procurador-geral do Minist\u00e9rio P\u00fablico de Contas (MPC), Jo\u00e3o Augusto dos Anjos Bandeira de Melo.<\/p>\n\n\n\n<figure class=\"wp-block-image size-large\"><img loading=\"lazy\" decoding=\"async\" width=\"572\" height=\"368\" src=\"https:\/\/senoticias.com.br\/se\/wp-content\/uploads\/2023\/05\/Ronaldo-Oliveira-SE-Noticias.jpg\" alt=\"\" class=\"wp-image-137323\" srcset=\"https:\/\/senoticias.com.br\/se\/wp-content\/uploads\/2023\/05\/Ronaldo-Oliveira-SE-Noticias.jpg 572w, https:\/\/senoticias.com.br\/se\/wp-content\/uploads\/2023\/05\/Ronaldo-Oliveira-SE-Noticias-300x193.jpg 300w, https:\/\/senoticias.com.br\/se\/wp-content\/uploads\/2023\/05\/Ronaldo-Oliveira-SE-Noticias-190x122.jpg 190w, https:\/\/senoticias.com.br\/se\/wp-content\/uploads\/2023\/05\/Ronaldo-Oliveira-SE-Noticias-120x76.jpg 120w\" sizes=\"(max-width: 572px) 100vw, 572px\" \/><figcaption>TCE determina ao gestor a suspens\u00e3o do processo licitat\u00f3rio no edital de chamamento p\u00fablico n\u00ba 03\/23 &#8211; Foto: arquivo\/PMI<\/figcaption><\/figure>\n\n\n\n<p>Sobre a<strong> den\u00fancia com pedido de medida cautelar formulada pelo Sindicato dos Trabalhadores em Educa\u00e7\u00e3o B\u00e1sica da Rede Oficial do Estado de Sergipe (Sintese) <\/strong>em face da Secretaria de Educa\u00e7\u00e3o do Munic\u00edpio de Itaporanga D\u2019Ajuda, o relator Luiz Augusto Ribeiro votou e a Corte de Contas acompanhou a determina\u00e7\u00e3o da autua\u00e7\u00e3o do expediente como den\u00fancia e concedeu a medida cautelar para determinar ao gestor a suspens\u00e3o do processo licitat\u00f3rio no edital de chamamento p\u00fablico <strong>n\u00ba 03\/23 no valor aproximado de R$ 10 milh\u00f5es.<\/strong><\/p>\n\n\n\n<p><em><strong>Acompanhe tamb\u00e9m o SE Not\u00edcias no\u00a0<a rel=\"noreferrer noopener\" href=\"https:\/\/twitter.com\/Senoticias\" target=\"_blank\">Twitter<\/a>,\u00a0<a rel=\"noreferrer noopener\" href=\"https:\/\/www.facebook.com\/senoticias1\" target=\"_blank\">Facebook<\/a>\u00a0e no\u00a0<a rel=\"noreferrer noopener\" href=\"https:\/\/www.instagram.com\/senoticias\/\" target=\"_blank\">Instagram<\/a><\/strong><\/em><\/p>\n\n\n\n<p><em>Com informa\u00e7\u00f5es da ascom \/ TCE<\/em><\/p>\n","protected":false},"excerpt":{"rendered":"<p>A sess\u00e3o do Pleno do Tribunal de Contas do Estado de Sergipe (TCE\/SE) foi realizada nesta quinta-feira, 25, sob a presid\u00eancia do conselheiro presidente Fl\u00e1vio Concei\u00e7\u00e3o. Foram nove processos e quatro protocolos julgados com a participa\u00e7\u00e3o dos conselheiros Luiz Augusto Ribeiro, Ang\u00e9lica Guimar\u00e3es, Luis Alberto Meneses e Jos\u00e9 Carlos Felizola, al\u00e9m dos conselheiros substitutos Alexandre [&hellip;]<\/p>\n","protected":false},"author":6557,"featured_media":0,"comment_status":"closed","ping_status":"closed","sticky":false,"template":"","format":"standard","meta":{"footnotes":""},"categories":[15,38,1],"tags":[34363,39021,677,2954],"class_list":{"0":"post-137321","1":"post","2":"type-post","3":"status-publish","4":"format-standard","6":"category-destaques","7":"category-municipios","8":"category-sem-categoria","9":"tag-itaporanga-dajuda-3","10":"tag-prefeitura-de-itaporanga-dajuda-2","11":"tag-sintese","12":"tag-tribunal-de-contas"},"_links":{"self":[{"href":"https:\/\/senoticias.com.br\/se\/wp-json\/wp\/v2\/posts\/137321"}],"collection":[{"href":"https:\/\/senoticias.com.br\/se\/wp-json\/wp\/v2\/posts"}],"about":[{"href":"https:\/\/senoticias.com.br\/se\/wp-json\/wp\/v2\/types\/post"}],"author":[{"embeddable":true,"href":"https:\/\/senoticias.com.br\/se\/wp-json\/wp\/v2\/users\/6557"}],"replies":[{"embeddable":true,"href":"https:\/\/senoticias.com.br\/se\/wp-json\/wp\/v2\/comments?post=137321"}],"version-history":[{"count":0,"href":"https:\/\/senoticias.com.br\/se\/wp-json\/wp\/v2\/posts\/137321\/revisions"}],"wp:attachment":[{"href":"https:\/\/senoticias.com.br\/se\/wp-json\/wp\/v2\/media?parent=137321"}],"wp:term":[{"taxonomy":"category","embeddable":true,"href":"https:\/\/senoticias.com.br\/se\/wp-json\/wp\/v2\/categories?post=137321"},{"taxonomy":"post_tag","embeddable":true,"href":"https:\/\/senoticias.com.br\/se\/wp-json\/wp\/v2\/tags?post=137321"}],"curies":[{"name":"wp","href":"https:\/\/api.w.org\/{rel}","templated":true}]}}