{"id":137093,"date":"2023-05-11T11:14:12","date_gmt":"2023-05-11T14:14:12","guid":{"rendered":"https:\/\/senoticias.com.br\/se\/?p=137093"},"modified":"2023-05-11T11:25:22","modified_gmt":"2023-05-11T14:25:22","slug":"elba-ramalho-festeja-o-dia-das-maes-com-show-especial-em-aracaju","status":"publish","type":"post","link":"https:\/\/senoticias.com.br\/se\/elba-ramalho-festeja-o-dia-das-maes-com-show-especial-em-aracaju\/","title":{"rendered":"Elba Ramalho festeja o Dia das M\u00e3es com show especial em Aracaju"},"content":{"rendered":"\n<p>Neste ano, a artista multifacetada celebra 44 anos de carreira como cantora e chega \u00e0 capital sergipana para comemorar o Dia das M\u00e3es e presentear as fam\u00edlias com um show especial em homenagem \u00e0s mulheres que personificam o mais puro amor. A apresenta\u00e7\u00e3o acontecer\u00e1 na ter\u00e7a-feira, 16 de maio, em uma linda festa que ser\u00e1 realizada pelo Shopping Jardins em sua \u00e1rea externa, a partir das 18 horas. Para participar, basta ir ao Posto de Trocas localizado em frente \u00e0 Pra\u00e7a de Eventos Ip\u00ea, apresentar notas fiscais relativas a compras efetuadas no Shopping Jardins entre os dias 5 e 14 de maio, realizar o cadastro e doar um quilo de alimento n\u00e3o perec\u00edvel.<\/p>\n\n\n\n<figure class=\"wp-block-image size-large\"><img loading=\"lazy\" decoding=\"async\" width=\"600\" height=\"400\" src=\"https:\/\/senoticias.com.br\/se\/wp-content\/uploads\/2023\/05\/Elba-Ramalho-SE-Noticias.jpg\" alt=\"\" class=\"wp-image-137094\" srcset=\"https:\/\/senoticias.com.br\/se\/wp-content\/uploads\/2023\/05\/Elba-Ramalho-SE-Noticias.jpg 600w, https:\/\/senoticias.com.br\/se\/wp-content\/uploads\/2023\/05\/Elba-Ramalho-SE-Noticias-300x200.jpg 300w, https:\/\/senoticias.com.br\/se\/wp-content\/uploads\/2023\/05\/Elba-Ramalho-SE-Noticias-90x60.jpg 90w, https:\/\/senoticias.com.br\/se\/wp-content\/uploads\/2023\/05\/Elba-Ramalho-SE-Noticias-180x120.jpg 180w, https:\/\/senoticias.com.br\/se\/wp-content\/uploads\/2023\/05\/Elba-Ramalho-SE-Noticias-95x64.jpg 95w\" sizes=\"(max-width: 600px) 100vw, 600px\" \/><figcaption>Apresenta\u00e7\u00e3o acontecer\u00e1 na ter\u00e7a-feira, 16 de maio, e contar\u00e1 com a participa\u00e7\u00e3o do filho da cantora, Lu\u00e3 Yvys &#8211; Foto: Lucas Menezzes<\/figcaption><\/figure>\n\n\n\n<p>Cada R$250 em compras somados a um quilo de alimento d\u00e1 direito a um ingresso para o show, limitado a dois bilhetes por CPF. A entrega do alimento deve ser realizada no momento do resgate do ingresso e os valores das compras realizadas pelo Shopping Jardins SuperApp (Android e iOS) s\u00e3o considerados em dobro para a promo\u00e7\u00e3o. Ou seja, R$125 em pedidos na plataforma online mais um quilo de alimento j\u00e1 d\u00e3o direito a um ingresso.<\/p>\n\n\n\n<p>A campanha segue at\u00e9 o dia 14 de maio ou enquanto durar o estoque de bilhetes, o que ocorrer primeiro. O Posto de Trocas funciona, de segunda a s\u00e1bado, das 9h \u00e0s 22h, e aos domingos, das 14h \u00e0s 20h, em frente \u00e0 Pra\u00e7a de Eventos Ip\u00ea, pr\u00f3ximo \u00e0 loja Centauro. Os alimentos arrecadados ser\u00e3o doados ao projeto Mesa Brasil Sesc e destinados \u00e0 Associa\u00e7\u00e3o dos Amigos da Oncologia (AMO) e \u00e0 Associa\u00e7\u00e3o Mulheres de Peito. O regulamento completo da promo\u00e7\u00e3o est\u00e1 dispon\u00edvel no Shopping Jardins SuperApp.<\/p>\n\n\n\n<p><strong>Elba Ramalho e Lu\u00e3 Yvys<\/strong><\/p>\n\n\n\n<p>O show em homenagem \u00e0s m\u00e3es de Sergipe contar\u00e1 com a participa\u00e7\u00e3o do filho primog\u00eanito de Elba Ramalho, o m\u00fasico Lu\u00e3 Yvys. \u2018Por Onde Anda\u2019, \u2018Vivaz\u2019 e \u2018Minha Cria\u2019 s\u00e3o algumas das cria\u00e7\u00f5es do compositor, cantor, instrumentista e produtor musical, que tem um repert\u00f3rio marcado por seu timbre suave e melodia envolvente.<\/p>\n\n\n\n<p>Ao lado de Yuri Queiroga, ele produziu, em 2015, o CD \u2018Do meu Olhar pra Fora\u2019, de Elba Ramalho, e entre seus trabalhos mais recentes, est\u00e3o a can\u00e7\u00e3o \u2018Ainda tenho asas\u2019, em parceria com a m\u00e3e, e a produ\u00e7\u00e3o de \u2018Eu e Voc\u00eas\u2019 &#8211; primeiro \u00e1lbum exclusivamente digital lan\u00e7ado pela artista paraibana em 2020. A m\u00fasica que d\u00e1 nome ao \u00e1lbum \u00e9 uma composi\u00e7\u00e3o de Z\u00e9lia Duncan e Juliano de Holanda e foi gravada por Elba e seus quatro filhos.<\/p>\n\n\n\n<p>Int\u00e9rprete ic\u00f4nica da m\u00fasica brasileira, Elba Ramalho celebra 44 anos de carreira agraciando o p\u00fablico com a sua alegria contagiante e o seu talento singular. Passeando por cl\u00e1ssicos, como \u2018De Volta pro Aconchego\u2019, \u2018Ch\u00e3o de Giz\u2019 e \u2018Bate Cora\u00e7\u00e3o\u2019, aos seus sucessos mais recentes, a exemplo de \u2018Felicidade\u2019 e \u2018Ma\u00e7\u00e3 do Rosto\u2019, a m\u00e3e de Lu\u00e3 Yvys, Maria Clara, Maria Paula e Maria Esperan\u00e7a e av\u00f3 de Esmeralda promete alegrar e emocionar o p\u00fablico e proporcionar um chamego danado de bom para o cora\u00e7\u00e3o.<\/p>\n\n\n\n<p><strong>Cora\u00e7\u00e3o de M\u00e3e<\/strong><\/p>\n\n\n\n<p><strong>O qu\u00ea? <\/strong>Show de Elba Ramalho e seu filho Lu\u00e3 Yvys em homenagem \u00e0s m\u00e3es.<br><strong>Quando?<\/strong> 16 de maio, a partir das 18h.<br><strong>Onde? <\/strong>Estacionamento D do Shopping Jardins \u2013 Avenida Ministro Geraldo Barreto Sobral, 215, bairro Jardins, Aracaju | SE.<br><strong>Quanto? <\/strong>R$ 250 em compras realizadas de 5 a 14 de maio + 1kg de alimento n\u00e3o perec\u00edvel valem 1 ingresso. Posto de Trocas localizado em frente \u00e0 Pra\u00e7a de Eventos Ip\u00ea.<br><strong>Mais informa\u00e7\u00f5es? <\/strong>(79) 2107-5555 | shoppingjardins.com.br.<\/p>\n\n\n\n<p><em><strong>Acompanhe tamb\u00e9m o SE Not\u00edcias no\u00a0<a rel=\"noreferrer noopener\" href=\"https:\/\/twitter.com\/Senoticias\" target=\"_blank\">Twitter<\/a>,\u00a0<a rel=\"noreferrer noopener\" href=\"https:\/\/www.facebook.com\/senoticias1\" target=\"_blank\">Facebook<\/a>\u00a0e no\u00a0<a rel=\"noreferrer noopener\" href=\"https:\/\/www.instagram.com\/senoticias\/\" target=\"_blank\">Instagram<\/a><\/strong><\/em><\/p>\n\n\n\n<p><em>Fonte: Lotti e Caldas<\/em><\/p>\n","protected":false},"excerpt":{"rendered":"<p>Neste ano, a artista multifacetada celebra 44 anos de carreira como cantora e chega \u00e0 capital sergipana para comemorar o Dia das M\u00e3es e presentear as fam\u00edlias com um show especial em homenagem \u00e0s mulheres que personificam o mais puro amor. A apresenta\u00e7\u00e3o acontecer\u00e1 na ter\u00e7a-feira, 16 de maio, em uma linda festa que ser\u00e1 [&hellip;]<\/p>\n","protected":false},"author":6557,"featured_media":0,"comment_status":"closed","ping_status":"closed","sticky":false,"template":"","format":"standard","meta":{"footnotes":""},"categories":[15,21],"tags":[3529,38908,38909],"class_list":{"0":"post-137093","1":"post","2":"type-post","3":"status-publish","4":"format-standard","6":"category-destaques","7":"category-entretenimento","8":"tag-dia-das-maes","9":"tag-elba-ramalho","10":"tag-lua-yvys"},"_links":{"self":[{"href":"https:\/\/senoticias.com.br\/se\/wp-json\/wp\/v2\/posts\/137093"}],"collection":[{"href":"https:\/\/senoticias.com.br\/se\/wp-json\/wp\/v2\/posts"}],"about":[{"href":"https:\/\/senoticias.com.br\/se\/wp-json\/wp\/v2\/types\/post"}],"author":[{"embeddable":true,"href":"https:\/\/senoticias.com.br\/se\/wp-json\/wp\/v2\/users\/6557"}],"replies":[{"embeddable":true,"href":"https:\/\/senoticias.com.br\/se\/wp-json\/wp\/v2\/comments?post=137093"}],"version-history":[{"count":0,"href":"https:\/\/senoticias.com.br\/se\/wp-json\/wp\/v2\/posts\/137093\/revisions"}],"wp:attachment":[{"href":"https:\/\/senoticias.com.br\/se\/wp-json\/wp\/v2\/media?parent=137093"}],"wp:term":[{"taxonomy":"category","embeddable":true,"href":"https:\/\/senoticias.com.br\/se\/wp-json\/wp\/v2\/categories?post=137093"},{"taxonomy":"post_tag","embeddable":true,"href":"https:\/\/senoticias.com.br\/se\/wp-json\/wp\/v2\/tags?post=137093"}],"curies":[{"name":"wp","href":"https:\/\/api.w.org\/{rel}","templated":true}]}}