{"id":136970,"date":"2023-05-03T12:46:09","date_gmt":"2023-05-03T15:46:09","guid":{"rendered":"https:\/\/senoticias.com.br\/se\/?p=136970"},"modified":"2023-05-03T13:25:31","modified_gmt":"2023-05-03T16:25:31","slug":"sergipe-realiza-dia-d-de-vacinacao-no-proximo-sabado-dia-6","status":"publish","type":"post","link":"https:\/\/senoticias.com.br\/se\/sergipe-realiza-dia-d-de-vacinacao-no-proximo-sabado-dia-6\/","title":{"rendered":"Sergipe realiza Dia D de Vacina\u00e7\u00e3o no pr\u00f3ximo s\u00e1bado, dia 6"},"content":{"rendered":"\n<p>A Secretaria de Estado da Sa\u00fade (SES) mobilizou todos os munic\u00edpios sergipanos para a realiza\u00e7\u00e3o do Dia D de Vacina\u00e7\u00e3o contra Covid e Influenza no Estado. Os postos estar\u00e3o abertos durante todo o dia para que os grupos priorit\u00e1rios da vacina\u00e7\u00e3o contra a Influenza e as pessoas que precisam atualizar o cart\u00e3o de vacina\u00e7\u00e3o contra a Covid-19 possam comparecer \u00e0s UBS de seus munic\u00edpios.<\/p>\n\n\n\n<figure class=\"wp-block-image size-large\"><img loading=\"lazy\" decoding=\"async\" width=\"599\" height=\"449\" src=\"https:\/\/senoticias.com.br\/se\/wp-content\/uploads\/2023\/05\/vacinacao-senoticias-e1683127202529.jpeg\" alt=\"\" class=\"wp-image-136971\"\/><figcaption>Unidades B\u00e1sicas de Sa\u00fade estar\u00e3o abertas em todos os munic\u00edpios para a vacina\u00e7\u00e3o contra a Influenza e Covid-19 &#8211; Foto: SES<\/figcaption><\/figure>\n\n\n\n<p>A campanha contra a Influenza come\u00e7ou no dia 10 de abril e Sergipe s\u00f3 conta com cobertura vacinal de 20,86% dos grupos priorit\u00e1rios que contemplam crian\u00e7as de 6 meses a menores de seis anos de idade ( 5 anos, 11 meses e 29 dias), gestantes, pu\u00e9rperas, povos ind\u00edgenas, trabalhadores da sa\u00fade, idosos com 60 anos e mais, professores das escolas p\u00fablicas e privadas, pessoas com doen\u00e7as cr\u00f4nicas n\u00e3o transmiss\u00edveis e outras condi\u00e7\u00f5es cl\u00ednicas especiais. Pessoas com defici\u00eancia permanente, profissionais das for\u00e7as de seguran\u00e7a e salvamento, for\u00e7as armadas, caminhoneiros, trabalhadores do transporte coletivo rodovi\u00e1rio de passageiros urbanos e de longo curso, trabalhadores portu\u00e1rios, funcion\u00e1rios do sistema prisional, adolescentes e jovens de 12 a 21 anos de idade sob medidas socioeducativas e popula\u00e7\u00e3o privada de liberdade, tamb\u00e9m podem ser imunizados.<\/p>\n\n\n\n<p>No total, a popula\u00e7\u00e3o alvo \u00e9 de 783.479 pessoas. A meta \u00e9 alcan\u00e7ar pelo menos 90% dos grupos priorit\u00e1rios com a vacina Influenza. De acordo com o painel da Campanha Nacional de Vacina\u00e7\u00e3o contra a Influenza 2023, do Minist\u00e9rio da Sa\u00fade, Sergipe est\u00e1 em pen\u00faltimo lugar no ranking do nordeste, \u00e0 frente apenas do Piau\u00ed.<\/p>\n\n\n\n<p>\u201cPor ser um dia de s\u00e1bado, podemos melhor mobilizar a popula\u00e7\u00e3o que, muitas vezes, durante a semana n\u00e3o tem tempo de ir a uma UBS. Esperamos dar esse incremento nas coberturas vacinais, tanto de Influenza quanto Covid-19, principalmente, nesse cen\u00e1rio que temos hoje de intensa transmiss\u00e3o de v\u00edrus respirat\u00f3rios\u201d, destacou o diretor de Vigil\u00e2ncia em Sa\u00fade da SES, Marco Aur\u00e9lio Gois.<\/p>\n\n\n\n<p><strong>Vacina\u00e7\u00e3o Covid<\/strong><\/p>\n\n\n\n<p>De acordo com o Vacin\u00f4metro Covid, do Minist\u00e9rio da Sa\u00fade, Sergipe tem apenas 23,61% de cobertura vacinal com a vacina bivalente e est\u00e1 em terceiro lugar no ranking do nordeste, atr\u00e1s apenas do Cear\u00e1 e Piau\u00ed. Com rela\u00e7\u00e3o \u00e0s vacinas monovalentes, Sergipe j\u00e1 aplicou mais de cinco milh\u00f5es e setecentas mil doses.<\/p>\n\n\n\n<p>O secret\u00e1rio de Estado da Sa\u00fade, Walter Pinheiro, faz um apelo para que a popula\u00e7\u00e3o compare\u00e7a para que Sergipe possa ampliar a cobertura vacinal. \u201cVacinar n\u00e3o \u00e9 um ato individual, \u00e9 coletivo. Portanto, as pessoas t\u00eam que ter consci\u00eancia que \u00e9 preciso vacinar os grupos priorit\u00e1rios contra a Influenza e atualizar o ciclo vacinal da Covid-19, para que possamos proteger a comunidade. Estamos fazendo um grande esfor\u00e7o para que as vacinas cheguem \u00e0s Unidades B\u00e1sicas de Sa\u00fade, especialmente neste per\u00edodo de sazonalidade, onde os v\u00edrus respirat\u00f3rios t\u00eam acometido de forma mais grave as crian\u00e7as. A vacina \u00e9 uma barreira importante de prote\u00e7\u00e3o e deve ser uma prioridade\u201d, disse o secret\u00e1rio.<\/p>\n\n\n\n<p><em><strong>Acompanhe tamb\u00e9m o SE Not\u00edcias no&nbsp;<a rel=\"noreferrer noopener\" href=\"https:\/\/twitter.com\/Senoticias\" target=\"_blank\">Twitter<\/a>,&nbsp;<a rel=\"noreferrer noopener\" href=\"https:\/\/www.facebook.com\/senoticias1\" target=\"_blank\">Facebook<\/a>&nbsp;e no&nbsp;<a rel=\"noreferrer noopener\" href=\"https:\/\/www.instagram.com\/senoticias\/\" target=\"_blank\">Instagram<\/a><\/strong><\/em><\/p>\n\n\n\n<p><em>Por Ag\u00eancia Sergipe de Not\u00edcias<\/em><\/p>\n","protected":false},"excerpt":{"rendered":"<p>A Secretaria de Estado da Sa\u00fade (SES) mobilizou todos os munic\u00edpios sergipanos para a realiza\u00e7\u00e3o do Dia D de Vacina\u00e7\u00e3o contra Covid e Influenza no Estado. Os postos estar\u00e3o abertos durante todo o dia para que os grupos priorit\u00e1rios da vacina\u00e7\u00e3o contra a Influenza e as pessoas que precisam atualizar o cart\u00e3o de vacina\u00e7\u00e3o contra [&hellip;]<\/p>\n","protected":false},"author":6557,"featured_media":0,"comment_status":"closed","ping_status":"closed","sticky":false,"template":"","format":"standard","meta":{"footnotes":""},"categories":[15,38],"tags":[35009,558,2882],"class_list":{"0":"post-136970","1":"post","2":"type-post","3":"status-publish","4":"format-standard","6":"category-destaques","7":"category-municipios","8":"tag-dia-d-2","9":"tag-ses","10":"tag-vacinacao"},"_links":{"self":[{"href":"https:\/\/senoticias.com.br\/se\/wp-json\/wp\/v2\/posts\/136970"}],"collection":[{"href":"https:\/\/senoticias.com.br\/se\/wp-json\/wp\/v2\/posts"}],"about":[{"href":"https:\/\/senoticias.com.br\/se\/wp-json\/wp\/v2\/types\/post"}],"author":[{"embeddable":true,"href":"https:\/\/senoticias.com.br\/se\/wp-json\/wp\/v2\/users\/6557"}],"replies":[{"embeddable":true,"href":"https:\/\/senoticias.com.br\/se\/wp-json\/wp\/v2\/comments?post=136970"}],"version-history":[{"count":0,"href":"https:\/\/senoticias.com.br\/se\/wp-json\/wp\/v2\/posts\/136970\/revisions"}],"wp:attachment":[{"href":"https:\/\/senoticias.com.br\/se\/wp-json\/wp\/v2\/media?parent=136970"}],"wp:term":[{"taxonomy":"category","embeddable":true,"href":"https:\/\/senoticias.com.br\/se\/wp-json\/wp\/v2\/categories?post=136970"},{"taxonomy":"post_tag","embeddable":true,"href":"https:\/\/senoticias.com.br\/se\/wp-json\/wp\/v2\/tags?post=136970"}],"curies":[{"name":"wp","href":"https:\/\/api.w.org\/{rel}","templated":true}]}}