{"id":136965,"date":"2023-05-03T12:12:05","date_gmt":"2023-05-03T15:12:05","guid":{"rendered":"https:\/\/senoticias.com.br\/se\/?p=136965"},"modified":"2023-05-03T13:24:50","modified_gmt":"2023-05-03T16:24:50","slug":"motorista-acusado-de-provocar-acidente-com-morte-de-casal-em-muribeca-comparece-na-delegacia","status":"publish","type":"post","link":"https:\/\/senoticias.com.br\/se\/motorista-acusado-de-provocar-acidente-com-morte-de-casal-em-muribeca-comparece-na-delegacia\/","title":{"rendered":"Motorista acusado de provocar acidente com morte de casal em Muribeca comparece na delegacia"},"content":{"rendered":"\n<p>O motorista acusado de provocar um acidente fatal na Rodovia SE-220, entre Muribeca e Aquidab\u00e3, compareceu na Delegacia de Capela na \u00faltima segunda-feira (2). A colis\u00e3o ocorreu no dia anterior e resultou na morte de um casal, que estava de moto.<\/p>\n\n\n\n<figure class=\"wp-block-image size-large\"><img loading=\"lazy\" decoding=\"async\" width=\"596\" height=\"592\" src=\"https:\/\/senoticias.com.br\/se\/wp-content\/uploads\/2023\/05\/0c69d166-119f-443c-bdf6-dd13b8010c26.jpg\" alt=\"\" class=\"wp-image-136966\" srcset=\"https:\/\/senoticias.com.br\/se\/wp-content\/uploads\/2023\/05\/0c69d166-119f-443c-bdf6-dd13b8010c26.jpg 596w, https:\/\/senoticias.com.br\/se\/wp-content\/uploads\/2023\/05\/0c69d166-119f-443c-bdf6-dd13b8010c26-300x298.jpg 300w, https:\/\/senoticias.com.br\/se\/wp-content\/uploads\/2023\/05\/0c69d166-119f-443c-bdf6-dd13b8010c26-150x150.jpg 150w\" sizes=\"(max-width: 596px) 100vw, 596px\" \/><figcaption>Segundo o BRPv, o condutor invadiu a contram\u00e3o no momento do acidente &#8211; Foto: redes sociais<\/figcaption><\/figure>\n\n\n\n<p>Segundo a Secretaria de Seguran\u00e7a P\u00fablica, o condutor prestou depoimento acompanhado de um advogado, apresentado sua vers\u00e3o e informando que ir\u00e1 colaborar com as investiga\u00e7\u00f5es<\/p>\n\n\n\n<figure class=\"wp-block-image size-large\"><img loading=\"lazy\" decoding=\"async\" width=\"570\" height=\"710\" src=\"https:\/\/senoticias.com.br\/se\/wp-content\/uploads\/2023\/05\/2c7a9851-e27d-48fc-a9df-5f3753f655ea.jpg\" alt=\"\" class=\"wp-image-136969\" srcset=\"https:\/\/senoticias.com.br\/se\/wp-content\/uploads\/2023\/05\/2c7a9851-e27d-48fc-a9df-5f3753f655ea.jpg 570w, https:\/\/senoticias.com.br\/se\/wp-content\/uploads\/2023\/05\/2c7a9851-e27d-48fc-a9df-5f3753f655ea-241x300.jpg 241w\" sizes=\"(max-width: 570px) 100vw, 570px\" \/><figcaption>O caso est\u00e1 sendo investigado pela Pol\u00edcia Civil &#8211; Foto: redes sociais<\/figcaption><\/figure>\n\n\n\n<p>Testemunhas ser\u00e3o ouvidas e dilig\u00eancias realizas para esclarecer os fatos. O caso est\u00e1 sendo investigado pela Pol\u00edcia Civil.<\/p>\n\n\n\n<p><strong>Colis\u00e3o fatal<\/strong><\/p>\n\n\n\n<p>O professor Ermes Gon\u00e7alves Filho, de 51 anos, e Rosilene Gomes dos Santos Gon\u00e7alves, de 47 anos, retornavam de um evento na cidade de Paulo Afonso (BA) quando sofreram a colis\u00e3o.<\/p>\n\n\n\n<p>De acordo com o Batalh\u00e3o de Pol\u00edcia Rodovi\u00e1ria Estadual (BPRv), o motorista do carro indaviu a contram\u00e3o no momento do acidente e fugiu sem prestar socorro.<\/p>\n\n\n\n<p>O casal era natural de Propri\u00e1 e tinham quatro filhos. Os corpos foram sepultados nessa ter\u00e7a (2).<\/p>\n\n\n\n<p>Fonte: A8SE.com<\/p>\n","protected":false},"excerpt":{"rendered":"<p>O motorista acusado de provocar um acidente fatal na Rodovia SE-220, entre Muribeca e Aquidab\u00e3, compareceu na Delegacia de Capela na \u00faltima segunda-feira (2). A colis\u00e3o ocorreu no dia anterior e resultou na morte de um casal, que estava de moto. Segundo a Secretaria de Seguran\u00e7a P\u00fablica, o condutor prestou depoimento acompanhado de um advogado, [&hellip;]<\/p>\n","protected":false},"author":6557,"featured_media":0,"comment_status":"closed","ping_status":"closed","sticky":false,"template":"","format":"standard","meta":{"footnotes":""},"categories":[15,7],"tags":[38849,2036,5802,5875],"class_list":{"0":"post-136965","1":"post","2":"type-post","3":"status-publish","4":"format-standard","6":"category-destaques","7":"category-policia","8":"tag-acidente-de-moto","9":"tag-bprv","10":"tag-casal","11":"tag-orre"},"_links":{"self":[{"href":"https:\/\/senoticias.com.br\/se\/wp-json\/wp\/v2\/posts\/136965"}],"collection":[{"href":"https:\/\/senoticias.com.br\/se\/wp-json\/wp\/v2\/posts"}],"about":[{"href":"https:\/\/senoticias.com.br\/se\/wp-json\/wp\/v2\/types\/post"}],"author":[{"embeddable":true,"href":"https:\/\/senoticias.com.br\/se\/wp-json\/wp\/v2\/users\/6557"}],"replies":[{"embeddable":true,"href":"https:\/\/senoticias.com.br\/se\/wp-json\/wp\/v2\/comments?post=136965"}],"version-history":[{"count":0,"href":"https:\/\/senoticias.com.br\/se\/wp-json\/wp\/v2\/posts\/136965\/revisions"}],"wp:attachment":[{"href":"https:\/\/senoticias.com.br\/se\/wp-json\/wp\/v2\/media?parent=136965"}],"wp:term":[{"taxonomy":"category","embeddable":true,"href":"https:\/\/senoticias.com.br\/se\/wp-json\/wp\/v2\/categories?post=136965"},{"taxonomy":"post_tag","embeddable":true,"href":"https:\/\/senoticias.com.br\/se\/wp-json\/wp\/v2\/tags?post=136965"}],"curies":[{"name":"wp","href":"https:\/\/api.w.org\/{rel}","templated":true}]}}