{"id":136961,"date":"2023-05-03T08:44:42","date_gmt":"2023-05-03T11:44:42","guid":{"rendered":"https:\/\/senoticias.com.br\/se\/?p=136961"},"modified":"2023-05-03T08:44:50","modified_gmt":"2023-05-03T11:44:50","slug":"policia-federal-faz-buscas-em-casa-de-bolsonaro-e-prende-ex-ajudante-tenente-mauro-cid","status":"publish","type":"post","link":"https:\/\/senoticias.com.br\/se\/policia-federal-faz-buscas-em-casa-de-bolsonaro-e-prende-ex-ajudante-tenente-mauro-cid\/","title":{"rendered":"Pol\u00edcia Federal faz buscas em casa de Bolsonaro e prende ex-ajudante, tenente Mauro Cid"},"content":{"rendered":"\n<p><\/p>\n\n\n\n<p>Com 16 mandados de busca e apreens\u00e3o e seis mandados de pris\u00e3o preventiva cumpridos em Bras\u00edlia e no Rio de Janeiro, a Pol\u00edcia Federal (PF) deflagrou, na manh\u00e3 desta quarta-feira (3\/5), a Opera\u00e7\u00e3o Venire. Segundo a corpora\u00e7\u00e3o, o objetivo \u00e9 &#8220;esclarecer atua\u00e7\u00e3o de associa\u00e7\u00e3o criminosa constitu\u00edda para a pr\u00e1tica dos crimes de inser\u00e7\u00e3o de dados falsos de vacina\u00e7\u00e3o contra a covid-19 nos sistemas SI-PNI e RNDS do Minist\u00e9rio da Sa\u00fade&#8221;.<\/p>\n\n\n\n<figure class=\"wp-block-image size-large\"><img loading=\"lazy\" decoding=\"async\" width=\"590\" height=\"393\" src=\"https:\/\/senoticias.com.br\/se\/wp-content\/uploads\/2023\/05\/Expresidente-Bolsonaro-SE-Noticias.jpg\" alt=\"\" class=\"wp-image-136962\" srcset=\"https:\/\/senoticias.com.br\/se\/wp-content\/uploads\/2023\/05\/Expresidente-Bolsonaro-SE-Noticias.jpg 590w, https:\/\/senoticias.com.br\/se\/wp-content\/uploads\/2023\/05\/Expresidente-Bolsonaro-SE-Noticias-300x200.jpg 300w, https:\/\/senoticias.com.br\/se\/wp-content\/uploads\/2023\/05\/Expresidente-Bolsonaro-SE-Noticias-90x60.jpg 90w, https:\/\/senoticias.com.br\/se\/wp-content\/uploads\/2023\/05\/Expresidente-Bolsonaro-SE-Noticias-180x120.jpg 180w, https:\/\/senoticias.com.br\/se\/wp-content\/uploads\/2023\/05\/Expresidente-Bolsonaro-SE-Noticias-95x64.jpg 95w\" sizes=\"(max-width: 590px) 100vw, 590px\" \/><figcaption>PF prende ex-ajudante de Bolsonaro e faz buscas na casa do ex-presidente &#8211; Foto:Twitter\/reprodu\u00e7\u00e3o<\/figcaption><\/figure>\n\n\n\n<p>Segundo informa\u00e7\u00f5es do portal G1, a PF faz buscas em um endere\u00e7o do ex-presidente Jair Bolsonaro, na capital federal; al\u00e9m de ter prendido o ex-ajudante de ordens do ex-presidente, o tenente-coronel Mauro Cid Barbosa. Bolsonaro deve prestar depoimento ainda hoje.<\/p>\n\n\n\n<p>O aparelho celular de Jair e da ex-primeira-dama Michelle Bolsonaro foram apreendidos, conforme informou o jornal O Globo, mas o ex-presidente ainda n\u00e3o forneceu a senha. J\u00e1 Michelle, inicialmente, tamb\u00e9m n\u00e3o passou a senha, mas depois autorizou acesso ao seu aparelho.<\/p>\n\n\n\n<p>De acordo com a PF, &#8220;as inser\u00e7\u00f5es falsas, que ocorreram entre novembro de 2021 e dezembro de 2022, tiveram como consequ\u00eancia a altera\u00e7\u00e3o da verdade sobre fato juridicamente relevante, qual seja, a condi\u00e7\u00e3o de imunizado contra a covid-19 dos benefici\u00e1rios. Com isso, tais pessoas puderam emitir os respectivos certificados de vacina\u00e7\u00e3o e utiliz\u00e1-los para burlarem as restri\u00e7\u00f5es sanit\u00e1rias vigentes imposta pelos poderes p\u00fablicos (Brasil e Estados Unidos) destinadas a impedir a propaga\u00e7\u00e3o de doen\u00e7a contagiosa, no caso, a pandemia de covid-19&#8221;.<\/p>\n\n\n\n<p>A apura\u00e7\u00e3o da PF indica que o objetivo do grupo seria manter coeso o elemento identit\u00e1rio em rela\u00e7\u00e3o a pautas ideol\u00f3gicas para sustentar o discurso voltado a atacar \u00e0 vacina\u00e7\u00e3o contra a covid-19.<\/p>\n\n\n\n<p>As a\u00e7\u00f5es fazem parte do inqu\u00e9rito policial que apura a atua\u00e7\u00e3o de \u201cmil\u00edcias digitais\u201d, em tramita\u00e7\u00e3o no Supremo Tribunal Federal. Os fatos investigados podem configurar crimes de infra\u00e7\u00e3o de medida sanit\u00e1ria preventiva, associa\u00e7\u00e3o criminosa, inser\u00e7\u00e3o de dados falsos em sistemas de informa\u00e7\u00e3o e corrup\u00e7\u00e3o de menores.<\/p>\n\n\n\n<p><strong>Nome da opera\u00e7\u00e3o da PF<\/strong><\/p>\n\n\n\n<p>A Opera\u00e7\u00e3o Venire recebeu esse nome devido ao princ\u00edpio \u201cVenire contra factum proprium\u201d, que significa &#8220;vir contra seus pr\u00f3prios atos&#8221;, &#8220;ningu\u00e9m pode comportar-se contra seus pr\u00f3prios atos&#8221;. \u00c9 um princ\u00edpio base do Direito Civil e do Direito Internacional, que veda comportamentos contradit\u00f3rios de uma pessoa.<\/p>\n\n\n\n<p><em><strong>Acompanhe tamb\u00e9m o SE Not\u00edcias no\u00a0<a rel=\"noreferrer noopener\" href=\"https:\/\/twitter.com\/Senoticias\" target=\"_blank\">Twitter<\/a>,\u00a0<a rel=\"noreferrer noopener\" href=\"https:\/\/www.facebook.com\/senoticias1\" target=\"_blank\">Facebook<\/a>\u00a0e no\u00a0<a rel=\"noreferrer noopener\" href=\"https:\/\/www.instagram.com\/senoticias\/\" target=\"_blank\">Instagram<\/a><\/strong><\/em><\/p>\n\n\n\n<p><em>Fonte: <a href=\"https:\/\/www.correiobraziliense.com.br\/politica\/2023\/05\/5091716-pf-faz-buscas-em-casa-de-bolsonaro-e-prende-ex-ajudante-tenente-mauro-cid.html\">Correio Braziliense<\/a><\/em><\/p>\n","protected":false},"excerpt":{"rendered":"<p>Com 16 mandados de busca e apreens\u00e3o e seis mandados de pris\u00e3o preventiva cumpridos em Bras\u00edlia e no Rio de Janeiro, a Pol\u00edcia Federal (PF) deflagrou, na manh\u00e3 desta quarta-feira (3\/5), a Opera\u00e7\u00e3o Venire. Segundo a corpora\u00e7\u00e3o, o objetivo \u00e9 &#8220;esclarecer atua\u00e7\u00e3o de associa\u00e7\u00e3o criminosa constitu\u00edda para a pr\u00e1tica dos crimes de inser\u00e7\u00e3o de dados [&hellip;]<\/p>\n","protected":false},"author":6557,"featured_media":0,"comment_status":"closed","ping_status":"closed","sticky":false,"template":"","format":"standard","meta":{"footnotes":""},"categories":[15,6],"tags":[3272,38846,1947,38847],"class_list":{"0":"post-136961","1":"post","2":"type-post","3":"status-publish","4":"format-standard","6":"category-destaques","7":"category-politica","8":"tag-bolsonaro","9":"tag-ex-ajudante-de-bolsonaro","10":"tag-policia-federal","11":"tag-tenente-mauro-cid"},"_links":{"self":[{"href":"https:\/\/senoticias.com.br\/se\/wp-json\/wp\/v2\/posts\/136961"}],"collection":[{"href":"https:\/\/senoticias.com.br\/se\/wp-json\/wp\/v2\/posts"}],"about":[{"href":"https:\/\/senoticias.com.br\/se\/wp-json\/wp\/v2\/types\/post"}],"author":[{"embeddable":true,"href":"https:\/\/senoticias.com.br\/se\/wp-json\/wp\/v2\/users\/6557"}],"replies":[{"embeddable":true,"href":"https:\/\/senoticias.com.br\/se\/wp-json\/wp\/v2\/comments?post=136961"}],"version-history":[{"count":0,"href":"https:\/\/senoticias.com.br\/se\/wp-json\/wp\/v2\/posts\/136961\/revisions"}],"wp:attachment":[{"href":"https:\/\/senoticias.com.br\/se\/wp-json\/wp\/v2\/media?parent=136961"}],"wp:term":[{"taxonomy":"category","embeddable":true,"href":"https:\/\/senoticias.com.br\/se\/wp-json\/wp\/v2\/categories?post=136961"},{"taxonomy":"post_tag","embeddable":true,"href":"https:\/\/senoticias.com.br\/se\/wp-json\/wp\/v2\/tags?post=136961"}],"curies":[{"name":"wp","href":"https:\/\/api.w.org\/{rel}","templated":true}]}}