{"id":136928,"date":"2023-04-29T21:59:48","date_gmt":"2023-04-30T00:59:48","guid":{"rendered":"https:\/\/senoticias.com.br\/se\/?p=136928"},"modified":"2023-04-29T22:07:16","modified_gmt":"2023-04-30T01:07:16","slug":"policia-civil-prende-padrasto-investigado-apos-morte-de-crianca-de-4-anos-em-sao-cristovao","status":"publish","type":"post","link":"https:\/\/senoticias.com.br\/se\/policia-civil-prende-padrasto-investigado-apos-morte-de-crianca-de-4-anos-em-sao-cristovao\/","title":{"rendered":"Pol\u00edcia Civil prende padrasto investigado ap\u00f3s morte de crian\u00e7a de 4 anos em S\u00e3o Crist\u00f3v\u00e3o"},"content":{"rendered":"\n<p>O Departamento de Homic\u00eddios e Prote\u00e7\u00e3o \u00e0 Pessoa (DHPP), da Pol\u00edcia Civil de Sergipe, cumpriu o mandado de pris\u00e3o do investigado pela morte da enteada de quatro anos. O crime ocorreu no dia 23 de abril, no povoado Aldeia, em S\u00e3o Crist\u00f3v\u00e3o. A pris\u00e3o ocorreu na tarde deste s\u00e1bado (29), no mesmo povoado que ocorreu o crime, em S\u00e3o Crist\u00f3v\u00e3o.<\/p>\n\n\n\n<p>De acordo com as investiga\u00e7\u00f5es, a crian\u00e7a foi v\u00edtima de espancamento. A crian\u00e7a foi socorrida ao Hospital Senhor dos Passos e, em decorr\u00eancia da gravidade da agress\u00e3o, transferida ao Hospital de Urg\u00eancia de Sergipe (Huse), onde faleceu [<strong><a href=\"https:\/\/senoticias.com.br\/se\/136855-2\/\">relembre<\/a><\/strong>].<\/p>\n\n\n\n<figure class=\"wp-block-image size-large\"><img loading=\"lazy\" decoding=\"async\" width=\"556\" height=\"534\" src=\"https:\/\/senoticias.com.br\/se\/wp-content\/uploads\/2023\/04\/crime-em-sao-cristovao-se-noticias.png\" alt=\"\" class=\"wp-image-136929\" srcset=\"https:\/\/senoticias.com.br\/se\/wp-content\/uploads\/2023\/04\/crime-em-sao-cristovao-se-noticias.png 556w, https:\/\/senoticias.com.br\/se\/wp-content\/uploads\/2023\/04\/crime-em-sao-cristovao-se-noticias-300x288.png 300w\" sizes=\"(max-width: 556px) 100vw, 556px\" \/><figcaption>A pris\u00e3o do padrasto ocorreu na tarde deste s\u00e1bado, 29, no povoado Aldeia &#8211; Foto: reprodu\u00e7\u00e3o\/SSP\/SE<\/figcaption><\/figure>\n\n\n\n<p>Antes de falecer, a crian\u00e7a ainda relatou que havia sido lesionada pelo companheiro de sua m\u00e3e, o qual se encontrava foragido. Ele, que j\u00e1 respondeu por furto e possse ilegal de arma de fogo, foi preso e encontra-se \u00e0 disposi\u00e7\u00e3o da Justi\u00e7a para ado\u00e7\u00e3o das demais medidas legais cab\u00edveis ao caso.<\/p>\n\n\n\n<p>O inqu\u00e9rito est\u00e1 em andamento e as investiga\u00e7\u00f5es continuam, inclusive com informa\u00e7\u00f5es do laudo emitido pelo Instituto M\u00e9dico Legal (IML).<\/p>\n\n\n\n<p><em><strong>Acompanhe tamb\u00e9m o SE Not\u00edcias no\u00a0<a rel=\"noreferrer noopener\" href=\"https:\/\/twitter.com\/Senoticias\" target=\"_blank\">Twitter<\/a>,\u00a0<a rel=\"noreferrer noopener\" href=\"https:\/\/www.facebook.com\/senoticias1\" target=\"_blank\">Facebook<\/a>\u00a0e no\u00a0<a rel=\"noreferrer noopener\" href=\"https:\/\/www.instagram.com\/senoticias\/\" target=\"_blank\">Instagram<\/a><\/strong><\/em><\/p>\n\n\n\n<p>Fonte: SSP\/SE<\/p>\n","protected":false},"excerpt":{"rendered":"<p>O Departamento de Homic\u00eddios e Prote\u00e7\u00e3o \u00e0 Pessoa (DHPP), da Pol\u00edcia Civil de Sergipe, cumpriu o mandado de pris\u00e3o do investigado pela morte da enteada de quatro anos. O crime ocorreu no dia 23 de abril, no povoado Aldeia, em S\u00e3o Crist\u00f3v\u00e3o. A pris\u00e3o ocorreu na tarde deste s\u00e1bado (29), no mesmo povoado que ocorreu [&hellip;]<\/p>\n","protected":false},"author":6557,"featured_media":0,"comment_status":"closed","ping_status":"closed","sticky":false,"template":"","format":"standard","meta":{"footnotes":""},"categories":[15,7],"tags":[38799,5477,7136,11027],"class_list":{"0":"post-136928","1":"post","2":"type-post","3":"status-publish","4":"format-standard","6":"category-destaques","7":"category-policia","8":"tag-crianca-de-4-anos","9":"tag-crime-barbaro","10":"tag-padrasto","11":"tag-povoado-aldeia"},"_links":{"self":[{"href":"https:\/\/senoticias.com.br\/se\/wp-json\/wp\/v2\/posts\/136928"}],"collection":[{"href":"https:\/\/senoticias.com.br\/se\/wp-json\/wp\/v2\/posts"}],"about":[{"href":"https:\/\/senoticias.com.br\/se\/wp-json\/wp\/v2\/types\/post"}],"author":[{"embeddable":true,"href":"https:\/\/senoticias.com.br\/se\/wp-json\/wp\/v2\/users\/6557"}],"replies":[{"embeddable":true,"href":"https:\/\/senoticias.com.br\/se\/wp-json\/wp\/v2\/comments?post=136928"}],"version-history":[{"count":0,"href":"https:\/\/senoticias.com.br\/se\/wp-json\/wp\/v2\/posts\/136928\/revisions"}],"wp:attachment":[{"href":"https:\/\/senoticias.com.br\/se\/wp-json\/wp\/v2\/media?parent=136928"}],"wp:term":[{"taxonomy":"category","embeddable":true,"href":"https:\/\/senoticias.com.br\/se\/wp-json\/wp\/v2\/categories?post=136928"},{"taxonomy":"post_tag","embeddable":true,"href":"https:\/\/senoticias.com.br\/se\/wp-json\/wp\/v2\/tags?post=136928"}],"curies":[{"name":"wp","href":"https:\/\/api.w.org\/{rel}","templated":true}]}}