{"id":136926,"date":"2023-04-29T21:38:46","date_gmt":"2023-04-30T00:38:46","guid":{"rendered":"https:\/\/senoticias.com.br\/se\/?p=136926"},"modified":"2023-04-29T21:38:52","modified_gmt":"2023-04-30T00:38:52","slug":"governo-de-sergipe-apresenta-plano-para-otimizar-cirurgias-eletivas","status":"publish","type":"post","link":"https:\/\/senoticias.com.br\/se\/governo-de-sergipe-apresenta-plano-para-otimizar-cirurgias-eletivas\/","title":{"rendered":"Governo de Sergipe apresenta plano para otimizar cirurgias eletivas"},"content":{"rendered":"\n<p>A Secretaria de Estado da Sa\u00fade (SES) apresentou o programa \u2018Opera Sergipe\u2019, na reuni\u00e3o ordin\u00e1ria do Colegiado Interfederativo Estadual (CIE), na manh\u00e3 desta sexta-feira, 28, no audit\u00f3rio do Centro Administrativo da Sa\u00fade. O programa tem o objetivo de reduzir as filas de cirurgias eletivas no Estado, que ampliou em virtude da pandemia da Covid-19.<\/p>\n\n\n\n<figure class=\"wp-block-image size-large\"><img loading=\"lazy\" decoding=\"async\" width=\"579\" height=\"386\" src=\"https:\/\/senoticias.com.br\/se\/wp-content\/uploads\/2023\/04\/Cirurcias-eletivas-SE-Noticias.jpg\" alt=\"\" class=\"wp-image-136927\" srcset=\"https:\/\/senoticias.com.br\/se\/wp-content\/uploads\/2023\/04\/Cirurcias-eletivas-SE-Noticias.jpg 579w, https:\/\/senoticias.com.br\/se\/wp-content\/uploads\/2023\/04\/Cirurcias-eletivas-SE-Noticias-300x200.jpg 300w, https:\/\/senoticias.com.br\/se\/wp-content\/uploads\/2023\/04\/Cirurcias-eletivas-SE-Noticias-90x60.jpg 90w, https:\/\/senoticias.com.br\/se\/wp-content\/uploads\/2023\/04\/Cirurcias-eletivas-SE-Noticias-180x120.jpg 180w, https:\/\/senoticias.com.br\/se\/wp-content\/uploads\/2023\/04\/Cirurcias-eletivas-SE-Noticias-95x64.jpg 95w\" sizes=\"(max-width: 579px) 100vw, 579px\" \/><figcaption>Projeto do Governo do Estado que tem como intuito a redu\u00e7\u00e3o das filas de cirurgias eletivas, j\u00e1 est\u00e1 em fase de finaliza\u00e7\u00e3o &#8211; Foto: ascom\/SES<\/figcaption><\/figure>\n\n\n\n<p>O programa est\u00e1 no Plano de Governo do governador F\u00e1bio Mitidieri e, al\u00e9m da redu\u00e7\u00e3o das filas, ir\u00e1 disponibilizar exames complementares, consultas especializadas, e tamb\u00e9m diminuir o referenciamento de cirurgias de menor complexidade \u00e0s unidades de alta complexidade, em sua quase totalidade no \u00e2mbito do Sistema \u00danico de Sa\u00fade (SUS). O novo projeto contar\u00e1 com um aplicativo, em que o usu\u00e1rio acompanhar\u00e1 todo o processo.<\/p>\n\n\n\n<p>O secret\u00e1rio de Estado da Sa\u00fade, Walter Pinheiro, destacou a necessidade da cria\u00e7\u00e3o do programa e ainda ressaltou que a ideia \u00e9 a inclus\u00e3o das cirurgias oftalmol\u00f3gicas, nessa pactua\u00e7\u00e3o dos munic\u00edpios. \u201cCom a Pandemia, as cirurgias eletivas acabaram acumulando e tensionando as filas. O cen\u00e1rio atual vem de encontro a uma preocupa\u00e7\u00e3o do Minist\u00e9rio da Sa\u00fade (MS), desse Plano Nacional de Enfrentamento \u00e0s filas onde vem se discutindo isso no Conass, e de certa forma colaborou para a portaria 90, junto com a nossa proposta de tra\u00e7ar o hall do \u2018<strong>Opera Sergipe<\/strong>\u2019 e procedimentos\u201d, explicou.<\/p>\n\n\n\n<p>A secret\u00e1ria Municipal de Sa\u00fade de Arau\u00e1, Franciele Andrade Costa, comemorou a apresenta\u00e7\u00e3o do programa, uma vez que a popula\u00e7\u00e3o mais carente ser\u00e1 mais beneficiada. \u201cN\u00f3s que moramos no interior sabemos a import\u00e2ncia de ter um programa como \u2018Opera Sergipe\u2019 para consolidar o melhor atendimento e agilidade, pois as pessoas mais carentes s\u00e3o as que mais sofrem com a espera das longas filas\u201d, destacou.<\/p>\n\n\n\n<p><em><strong>Acompanhe tamb\u00e9m o SE Not\u00edcias no\u00a0<a rel=\"noreferrer noopener\" href=\"https:\/\/twitter.com\/Senoticias\" target=\"_blank\">Twitter<\/a>,\u00a0<a rel=\"noreferrer noopener\" href=\"https:\/\/www.facebook.com\/senoticias1\" target=\"_blank\">Facebook<\/a>\u00a0e no\u00a0<a rel=\"noreferrer noopener\" href=\"https:\/\/www.instagram.com\/senoticias\/\" target=\"_blank\">Instagram<\/a><\/strong><\/em><\/p>\n\n\n\n<p>Fonte: ascom\/SES<\/p>\n","protected":false},"excerpt":{"rendered":"<p>A Secretaria de Estado da Sa\u00fade (SES) apresentou o programa \u2018Opera Sergipe\u2019, na reuni\u00e3o ordin\u00e1ria do Colegiado Interfederativo Estadual (CIE), na manh\u00e3 desta sexta-feira, 28, no audit\u00f3rio do Centro Administrativo da Sa\u00fade. O programa tem o objetivo de reduzir as filas de cirurgias eletivas no Estado, que ampliou em virtude da pandemia da Covid-19. O [&hellip;]<\/p>\n","protected":false},"author":6557,"featured_media":0,"comment_status":"closed","ping_status":"closed","sticky":false,"template":"","format":"standard","meta":{"footnotes":""},"categories":[15,6],"tags":[38828,37965],"class_list":{"0":"post-136926","1":"post","2":"type-post","3":"status-publish","4":"format-standard","6":"category-destaques","7":"category-politica","8":"tag-cirurgias-eletivas","9":"tag-opera-sergipe"},"_links":{"self":[{"href":"https:\/\/senoticias.com.br\/se\/wp-json\/wp\/v2\/posts\/136926"}],"collection":[{"href":"https:\/\/senoticias.com.br\/se\/wp-json\/wp\/v2\/posts"}],"about":[{"href":"https:\/\/senoticias.com.br\/se\/wp-json\/wp\/v2\/types\/post"}],"author":[{"embeddable":true,"href":"https:\/\/senoticias.com.br\/se\/wp-json\/wp\/v2\/users\/6557"}],"replies":[{"embeddable":true,"href":"https:\/\/senoticias.com.br\/se\/wp-json\/wp\/v2\/comments?post=136926"}],"version-history":[{"count":0,"href":"https:\/\/senoticias.com.br\/se\/wp-json\/wp\/v2\/posts\/136926\/revisions"}],"wp:attachment":[{"href":"https:\/\/senoticias.com.br\/se\/wp-json\/wp\/v2\/media?parent=136926"}],"wp:term":[{"taxonomy":"category","embeddable":true,"href":"https:\/\/senoticias.com.br\/se\/wp-json\/wp\/v2\/categories?post=136926"},{"taxonomy":"post_tag","embeddable":true,"href":"https:\/\/senoticias.com.br\/se\/wp-json\/wp\/v2\/tags?post=136926"}],"curies":[{"name":"wp","href":"https:\/\/api.w.org\/{rel}","templated":true}]}}