{"id":136894,"date":"2023-04-27T11:36:48","date_gmt":"2023-04-27T14:36:48","guid":{"rendered":"https:\/\/senoticias.com.br\/se\/?p=136894"},"modified":"2023-04-27T11:36:57","modified_gmt":"2023-04-27T14:36:57","slug":"governador-fabio-mitidieri-prestigia-formatura-dos-653-militares-promovidos-pela-policia-militar-de-sergipe","status":"publish","type":"post","link":"https:\/\/senoticias.com.br\/se\/governador-fabio-mitidieri-prestigia-formatura-dos-653-militares-promovidos-pela-policia-militar-de-sergipe\/","title":{"rendered":"Governador F\u00e1bio Mitidieri prestigia formatura dos 653 militares promovidos pela Pol\u00edcia Militar de Sergipe"},"content":{"rendered":"\n<p>Na noite de quarta-feira, 26, o governador F\u00e1bio Mitidieri participou da cerim\u00f4nia de formatura dos 653 policiais da Pol\u00edcia Militar de Sergipe promovidos a postos e gradua\u00e7\u00f5es superiores em suas carreiras. Concedida pelo Governo do Estado, por meio da Secretaria de Estado da Seguran\u00e7a P\u00fablica (SSP), a promo\u00e7\u00e3o evidencia a import\u00e2ncia dos servi\u00e7os prestados \u00e0 corpora\u00e7\u00e3o, por meio dos crit\u00e9rios de reconhecimento, antiguidade e tempo de servi\u00e7o. Foram graduados 554 pra\u00e7as e 99 oficiais. Destes, sete alcan\u00e7aram o t\u00edtulo de coronel, \u00faltimo posto da carreira de Oficiais da PM\/SE.<\/p>\n\n\n\n<figure class=\"wp-block-image size-large\"><img loading=\"lazy\" decoding=\"async\" width=\"599\" height=\"449\" src=\"https:\/\/senoticias.com.br\/se\/wp-content\/uploads\/2023\/04\/fabio-mitidieri-e1682606136926.jpeg\" alt=\"\" class=\"wp-image-136896\"\/><figcaption>Entre os promovidos, sete alcan\u00e7aram o t\u00edtulo de coronel, \u00faltimo posto da carreira de Oficiais da Pol\u00edcia Militar\n\n<\/figcaption><\/figure>\n\n\n\n<p>A solenidade tamb\u00e9m foi alusiva a Joaquim Jos\u00e9 da Silva Xavier, conhecido como Tiradentes, o patrono das Pol\u00edcias Militares do Brasil. Her\u00f3i da Inconfid\u00eancia Mineira, Tiradentes foi escolhido como padrinho da institui\u00e7\u00e3o em refer\u00eancia ao seu esp\u00edrito de coragem, garra e lideran\u00e7a, virtudes observadas nas atua\u00e7\u00f5es dos policiais militares em prol da paz social.<\/p>\n\n\n\n<p>Para o governador de Sergipe, a promo\u00e7\u00e3o dos profissionais da categoria \u00e9 um ato n\u00e3o apenas do governo, mas de todos os sergipanos que se sentem cada vez mais seguros e tranquilos ao andarem pelas ruas do estado. \u201cFoi uma noite linda e muito especial para n\u00f3s do Governo de Sergipe, em especial para os formandos, familiares e toda a sociedade sergipana que ganha com a melhoria da seguran\u00e7a p\u00fablica, um dos compromissos firmados pela nossa gest\u00e3o e que j\u00e1 vem sendo cumprido diariamente. \u00c9 muito bom perceber a satisfa\u00e7\u00e3o da nossa popula\u00e7\u00e3o com a seguran\u00e7a. Parab\u00e9ns aos formandos e a toda fam\u00edlia militar de Sergipe\u201d, comemorou Mitidieri, informando que, nesta quinta, 27, ser\u00e1 anunciado o reajuste dos servidores e o Projeto de Lei voltado ao adicional de periculosidade para categoria.<\/p>\n\n\n\n<p>Comandante-geral da Pol\u00edcia Militar de Sergipe, o coronel Alexsandro Ribeiro de Souza afirmou que, ao proporcionar este momento, a atual administra\u00e7\u00e3o estadual demonstra estar comprometida com a seguran\u00e7a p\u00fablica do estado e com a valoriza\u00e7\u00e3o da categoria que atua em defesa da popula\u00e7\u00e3o dos 75 munic\u00edpios sergipanos. \u201cPodemos assegurar que o estado est\u00e1 mais seguro e a popula\u00e7\u00e3o comprova isso. Trabalhamos incansavelmente pelo aperfei\u00e7oamento de uma seguran\u00e7a que trabalha pela ordem p\u00fablica e pela paz social. Nesses tr\u00eas primeiros meses, tivemos a maior redu\u00e7\u00e3o de homic\u00eddios dolosos dos \u00faltimos 15 anos em Sergipe. Isso \u00e9 fruto da atua\u00e7\u00e3o do Governo do Estado e da integra\u00e7\u00e3o das for\u00e7as policiais que atuam diuturnamente contra o crime organizado e pela preserva\u00e7\u00e3o de vidas. Agrade\u00e7o ao governador F\u00e1bio e ao secret\u00e1rio da Seguran\u00e7a P\u00fablica, Jo\u00e3o Eloy, pela oportunidade de comandar uma institui\u00e7\u00e3o t\u00e3o importante e que luta pela defesa da sociedade\u201d, destacou o comandante da PM\/SE.<\/p>\n\n\n\n<p><strong>Valoriza\u00e7\u00e3o profissional<\/strong><\/p>\n\n\n\n<p>Policial Militar h\u00e1 16 anos, L\u00edvia Maria Ferreira, 43, foi promovida ao posto de terceiro sargento. Acompanhada pelos pais que vieram prestigi\u00e1-la, a militar celebrou a ascens\u00e3o t\u00e3o almejada, resultado da dedica\u00e7\u00e3o e paix\u00e3o pelo que faz. \u201cEstou muito feliz porque \u00e9 mais uma promo\u00e7\u00e3o no curr\u00edculo. Isso me deixa emocionada e grata a Deus por mais essa vit\u00f3ria. Estamos percebendo que o governo est\u00e1 com o intuito de melhorar ainda mais a Seguran\u00e7a P\u00fablica, e uma das provas \u00e9 essa promo\u00e7\u00e3o. Isso \u00e9 muito bom, engrandece a corpora\u00e7\u00e3o e o trabalho do governo, tornando a pol\u00edcia mais harmoniosa com policiais mais motivados e isso vai refletir na sociedade como um todo\u201d, expressou L\u00edvia.<\/p>\n\n\n\n<p><strong>Medalha Alferes Tiradentes<\/strong><\/p>\n\n\n\n<p>Na ocasi\u00e3o, autoridades, personalidades e policiais militares foram homenageados com a medalha Alferes Tiradentes, condecora\u00e7\u00e3o que reconhece os relevantes servi\u00e7os prestados \u00e0 institui\u00e7\u00e3o.<\/p>\n\n\n\n<p>Entre os homenageados, estiveram a primeira-dama e secret\u00e1ria da Assist\u00eancia Social e Cidadania (Seasc), \u00c9rica Mitidieri; a secret\u00e1ria de Estado da Fazenda (Sefaz), Sarah Andreozzi; o secret\u00e1rio de Estado da Casa Civil (SECC), Jorginho Araujo; o secret\u00e1rio de Estado de Governo (Segov), Cristiano Barreto; e o presidente da Assembleia Legislativa de Sergipe (Alese), Jefferson Andrade.<\/p>\n\n\n\n<p><br><em><strong>Acompanhe tamb\u00e9m o SE Not\u00edcias no\u00a0<a rel=\"noreferrer noopener\" href=\"https:\/\/twitter.com\/Senoticias\" target=\"_blank\">Twitter<\/a>,\u00a0<a rel=\"noreferrer noopener\" href=\"https:\/\/www.facebook.com\/senoticias1\" target=\"_blank\">Facebook<\/a>\u00a0e no\u00a0<a rel=\"noreferrer noopener\" href=\"https:\/\/www.instagram.com\/senoticias\/\" target=\"_blank\">Instagram<\/a><\/strong><\/em><\/p>\n\n\n\n<p>Fonte: Site do Governo de Sergipe<\/p>\n","protected":false},"excerpt":{"rendered":"<p>Na noite de quarta-feira, 26, o governador F\u00e1bio Mitidieri participou da cerim\u00f4nia de formatura dos 653 policiais da Pol\u00edcia Militar de Sergipe promovidos a postos e gradua\u00e7\u00f5es superiores em suas carreiras. Concedida pelo Governo do Estado, por meio da Secretaria de Estado da Seguran\u00e7a P\u00fablica (SSP), a promo\u00e7\u00e3o evidencia a import\u00e2ncia dos servi\u00e7os prestados \u00e0 [&hellip;]<\/p>\n","protected":false},"author":6557,"featured_media":0,"comment_status":"closed","ping_status":"closed","sticky":false,"template":"","format":"standard","meta":{"footnotes":""},"categories":[15,6],"tags":[37303,37489,36876],"class_list":{"0":"post-136894","1":"post","2":"type-post","3":"status-publish","4":"format-standard","6":"category-destaques","7":"category-politica","8":"tag-fabio-mitidieri-2","9":"tag-formatura-de-militares","10":"tag-policia-militar-2"},"_links":{"self":[{"href":"https:\/\/senoticias.com.br\/se\/wp-json\/wp\/v2\/posts\/136894"}],"collection":[{"href":"https:\/\/senoticias.com.br\/se\/wp-json\/wp\/v2\/posts"}],"about":[{"href":"https:\/\/senoticias.com.br\/se\/wp-json\/wp\/v2\/types\/post"}],"author":[{"embeddable":true,"href":"https:\/\/senoticias.com.br\/se\/wp-json\/wp\/v2\/users\/6557"}],"replies":[{"embeddable":true,"href":"https:\/\/senoticias.com.br\/se\/wp-json\/wp\/v2\/comments?post=136894"}],"version-history":[{"count":0,"href":"https:\/\/senoticias.com.br\/se\/wp-json\/wp\/v2\/posts\/136894\/revisions"}],"wp:attachment":[{"href":"https:\/\/senoticias.com.br\/se\/wp-json\/wp\/v2\/media?parent=136894"}],"wp:term":[{"taxonomy":"category","embeddable":true,"href":"https:\/\/senoticias.com.br\/se\/wp-json\/wp\/v2\/categories?post=136894"},{"taxonomy":"post_tag","embeddable":true,"href":"https:\/\/senoticias.com.br\/se\/wp-json\/wp\/v2\/tags?post=136894"}],"curies":[{"name":"wp","href":"https:\/\/api.w.org\/{rel}","templated":true}]}}