{"id":136835,"date":"2023-04-24T11:16:20","date_gmt":"2023-04-24T14:16:20","guid":{"rendered":"https:\/\/senoticias.com.br\/se\/?p=136835"},"modified":"2023-04-24T11:16:29","modified_gmt":"2023-04-24T14:16:29","slug":"nomeacao-de-jose-carlos-felizola-como-conselheiro-do-tce-e-publicada-no-diario-oficial-de-sergipe","status":"publish","type":"post","link":"https:\/\/senoticias.com.br\/se\/nomeacao-de-jose-carlos-felizola-como-conselheiro-do-tce-e-publicada-no-diario-oficial-de-sergipe\/","title":{"rendered":"Nomea\u00e7\u00e3o de Jos\u00e9 Carlos Felizola como conselheiro do TCE \u00e9 publicada no Di\u00e1rio Oficial de Sergipe"},"content":{"rendered":"\n<p>Foi publicada no Di\u00e1rio Oficial de Sergipe desta segunda-feira (24) a nomea\u00e7\u00e3o de Jos\u00e9 Carlos Felizola como conselheiro do Tribunal de Contas de Sergipe (TCE). O \u00f3rg\u00e3o informou que a cerim\u00f4nia de posse ser\u00e1 realizada na pr\u00f3xima quinta-feira (27), \u00e0s 10h.<\/p>\n\n\n\n<figure class=\"wp-block-image size-large\"><img loading=\"lazy\" decoding=\"async\" width=\"579\" height=\"396\" src=\"https:\/\/senoticias.com.br\/se\/wp-content\/uploads\/2023\/04\/WhatsApp-Image-2023-04-24-at-10.43.13.jpeg\" alt=\"\" class=\"wp-image-136836\" srcset=\"https:\/\/senoticias.com.br\/se\/wp-content\/uploads\/2023\/04\/WhatsApp-Image-2023-04-24-at-10.43.13.jpeg 579w, https:\/\/senoticias.com.br\/se\/wp-content\/uploads\/2023\/04\/WhatsApp-Image-2023-04-24-at-10.43.13-300x205.jpeg 300w, https:\/\/senoticias.com.br\/se\/wp-content\/uploads\/2023\/04\/WhatsApp-Image-2023-04-24-at-10.43.13-95x64.jpeg 95w\" sizes=\"(max-width: 579px) 100vw, 579px\" \/><figcaption>Felizola \u00e9 advogado e atuou no governo Mitidieri como secret\u00e1rio de estado do meio ambiente &#8211; Foto:  Jc\/Online<\/figcaption><\/figure>\n\n\n\n<p>O relat\u00f3rio da sabatina foi aprovado, por unanimidade no dia 20 de abril na Assembleia Legislativa de Sergipe.<\/p>\n\n\n\n<p>Felizola foi indicado pelo governador F\u00e1bio Mitidieri (PSD) para ocupar a vaga deixada pelo conselheiro, Carlos Pinna, que morreu no dia 5 de abril. Ele \u00e9 advogado e atuou no governo Mitidieri como secret\u00e1rio de estado do meio ambiente. Ele tamb\u00e9m foi secret\u00e1rio geral e coordenou a campanha de Belivaldo Chagas para o governo em 2018.<\/p>\n\n\n\n<p><em><strong>Acompanhe tamb\u00e9m o SE Not\u00edcias no\u00a0<a rel=\"noreferrer noopener\" href=\"https:\/\/twitter.com\/Senoticias\" target=\"_blank\">Twitter<\/a>,\u00a0<a rel=\"noreferrer noopener\" href=\"https:\/\/www.facebook.com\/senoticias1\" target=\"_blank\">Facebook<\/a>\u00a0e no\u00a0<a rel=\"noreferrer noopener\" href=\"https:\/\/www.instagram.com\/senoticias\/\" target=\"_blank\">Instagram<\/a><\/strong><\/em><\/p>\n","protected":false},"excerpt":{"rendered":"<p>Foi publicada no Di\u00e1rio Oficial de Sergipe desta segunda-feira (24) a nomea\u00e7\u00e3o de Jos\u00e9 Carlos Felizola como conselheiro do Tribunal de Contas de Sergipe (TCE). O \u00f3rg\u00e3o informou que a cerim\u00f4nia de posse ser\u00e1 realizada na pr\u00f3xima quinta-feira (27), \u00e0s 10h. O relat\u00f3rio da sabatina foi aprovado, por unanimidade no dia 20 de abril na [&hellip;]<\/p>\n","protected":false},"author":6557,"featured_media":0,"comment_status":"closed","ping_status":"closed","sticky":false,"template":"","format":"standard","meta":{"footnotes":""},"categories":[15,6],"tags":[8000,38789,529],"class_list":{"0":"post-136835","1":"post","2":"type-post","3":"status-publish","4":"format-standard","6":"category-destaques","7":"category-politica","8":"tag-diario-oficial-de-sergipe","9":"tag-jose-carlos-felizola","10":"tag-tce"},"_links":{"self":[{"href":"https:\/\/senoticias.com.br\/se\/wp-json\/wp\/v2\/posts\/136835"}],"collection":[{"href":"https:\/\/senoticias.com.br\/se\/wp-json\/wp\/v2\/posts"}],"about":[{"href":"https:\/\/senoticias.com.br\/se\/wp-json\/wp\/v2\/types\/post"}],"author":[{"embeddable":true,"href":"https:\/\/senoticias.com.br\/se\/wp-json\/wp\/v2\/users\/6557"}],"replies":[{"embeddable":true,"href":"https:\/\/senoticias.com.br\/se\/wp-json\/wp\/v2\/comments?post=136835"}],"version-history":[{"count":0,"href":"https:\/\/senoticias.com.br\/se\/wp-json\/wp\/v2\/posts\/136835\/revisions"}],"wp:attachment":[{"href":"https:\/\/senoticias.com.br\/se\/wp-json\/wp\/v2\/media?parent=136835"}],"wp:term":[{"taxonomy":"category","embeddable":true,"href":"https:\/\/senoticias.com.br\/se\/wp-json\/wp\/v2\/categories?post=136835"},{"taxonomy":"post_tag","embeddable":true,"href":"https:\/\/senoticias.com.br\/se\/wp-json\/wp\/v2\/tags?post=136835"}],"curies":[{"name":"wp","href":"https:\/\/api.w.org\/{rel}","templated":true}]}}