{"id":136833,"date":"2023-04-24T11:09:11","date_gmt":"2023-04-24T14:09:11","guid":{"rendered":"https:\/\/senoticias.com.br\/se\/?p=136833"},"modified":"2023-04-24T11:09:22","modified_gmt":"2023-04-24T14:09:22","slug":"jovem-aprendiz-dos-correios-inscricoes-prorrogadas-ate-30-de-abril","status":"publish","type":"post","link":"https:\/\/senoticias.com.br\/se\/jovem-aprendiz-dos-correios-inscricoes-prorrogadas-ate-30-de-abril\/","title":{"rendered":"Jovem Aprendiz dos Correios: inscri\u00e7\u00f5es prorrogadas at\u00e9 30 de abril"},"content":{"rendered":"\n<p>As inscri\u00e7\u00f5es ao programa Jovem Aprendiz dos Correios 2023 foram prorrogadas at\u00e9 o dia 30 de abril. Estudantes de todo o pa\u00eds que tenham entre 14 e 21 anos de idade completos e cursem, no m\u00ednimo, o 9\u00ba (nono) ano do ensino fundamental podem participar.<\/p>\n\n\n\n<figure class=\"wp-block-image size-large\"><img loading=\"lazy\" decoding=\"async\" width=\"599\" height=\"271\" src=\"https:\/\/senoticias.com.br\/se\/wp-content\/uploads\/2023\/04\/WhatsApp-Image-2023-04-24-at-10.23.35-e1682345295806.jpeg\" alt=\"\" class=\"wp-image-136834\"\/><figcaption>Programa Jovem Aprendiz dos Correios est\u00e1 com inscri\u00e7\u00f5es abertas &#8211; Foto: arquivo\/Abr<\/figcaption><\/figure>\n\n\n\n<p>S\u00e3o 4.382 vagas, mais a forma\u00e7\u00e3o de cadastro de reserva, dispon\u00edveis em todo o pa\u00eds. Do total das vagas, 10% s\u00e3o destinadas aos candidatos com defici\u00eancia, e 20% aos que se declararem pretos e pardos. Em Sergipe, 31 vagas est\u00e3o sendo ofertadas, sendo 30 para a capital, Aracaju, e uma para Est\u00e2ncia, munic\u00edpio no sul sergipano.<\/p>\n\n\n\n<p>De acordo com o edital de abertura do certame, s\u00f3 \u00e9 poss\u00edvel fazer apenas uma inscri\u00e7\u00e3o, sendo vedada a utiliza\u00e7\u00e3o de documentos de terceiros. Por\u00e9m, caso seja necess\u00e1rio alterar algum dado cadastral de inscri\u00e7\u00e3o j\u00e1 conclu\u00edda, tal altera\u00e7\u00e3o poder\u00e1 ser realizada at\u00e9 o t\u00e9rmino do novo per\u00edodo de inscri\u00e7\u00f5es.<\/p>\n\n\n\n<p>Para o presidente dos Correios, Fabiano Silva dos Santos, o programa Jovem Aprendiz vai muito al\u00e9m de uma obriga\u00e7\u00e3o legal. \u201cAcreditamos que nossa juventude precisa ser motivada e estar inserida nesse momento t\u00e3o importante que vivemos de retomada dos grandes projetos de desenvolvimento para o pa\u00eds\u201d, afirmou Fabiano. As inscri\u00e7\u00f5es podem ser feitas no site dos Correios.<\/p>\n\n\n\n<p><em><strong>Acompanhe tamb\u00e9m o SE Not\u00edcias no\u00a0<a rel=\"noreferrer noopener\" href=\"https:\/\/twitter.com\/Senoticias\" target=\"_blank\">Twitter<\/a>,\u00a0<a rel=\"noreferrer noopener\" href=\"https:\/\/www.facebook.com\/senoticias1\" target=\"_blank\">Facebook<\/a>\u00a0e no\u00a0<a rel=\"noreferrer noopener\" href=\"https:\/\/www.instagram.com\/senoticias\/\" target=\"_blank\">Instagram<\/a><\/strong><\/em><\/p>\n","protected":false},"excerpt":{"rendered":"<p>As inscri\u00e7\u00f5es ao programa Jovem Aprendiz dos Correios 2023 foram prorrogadas at\u00e9 o dia 30 de abril. Estudantes de todo o pa\u00eds que tenham entre 14 e 21 anos de idade completos e cursem, no m\u00ednimo, o 9\u00ba (nono) ano do ensino fundamental podem participar. S\u00e3o 4.382 vagas, mais a forma\u00e7\u00e3o de cadastro de reserva, [&hellip;]<\/p>\n","protected":false},"author":6557,"featured_media":0,"comment_status":"closed","ping_status":"closed","sticky":false,"template":"","format":"standard","meta":{"footnotes":""},"categories":[15,8],"tags":[3477,9740],"class_list":{"0":"post-136833","1":"post","2":"type-post","3":"status-publish","4":"format-standard","6":"category-destaques","7":"category-esporte-e-cultura","8":"tag-correios","9":"tag-jovem-aprendiz"},"_links":{"self":[{"href":"https:\/\/senoticias.com.br\/se\/wp-json\/wp\/v2\/posts\/136833"}],"collection":[{"href":"https:\/\/senoticias.com.br\/se\/wp-json\/wp\/v2\/posts"}],"about":[{"href":"https:\/\/senoticias.com.br\/se\/wp-json\/wp\/v2\/types\/post"}],"author":[{"embeddable":true,"href":"https:\/\/senoticias.com.br\/se\/wp-json\/wp\/v2\/users\/6557"}],"replies":[{"embeddable":true,"href":"https:\/\/senoticias.com.br\/se\/wp-json\/wp\/v2\/comments?post=136833"}],"version-history":[{"count":0,"href":"https:\/\/senoticias.com.br\/se\/wp-json\/wp\/v2\/posts\/136833\/revisions"}],"wp:attachment":[{"href":"https:\/\/senoticias.com.br\/se\/wp-json\/wp\/v2\/media?parent=136833"}],"wp:term":[{"taxonomy":"category","embeddable":true,"href":"https:\/\/senoticias.com.br\/se\/wp-json\/wp\/v2\/categories?post=136833"},{"taxonomy":"post_tag","embeddable":true,"href":"https:\/\/senoticias.com.br\/se\/wp-json\/wp\/v2\/tags?post=136833"}],"curies":[{"name":"wp","href":"https:\/\/api.w.org\/{rel}","templated":true}]}}