{"id":136827,"date":"2023-04-24T09:07:01","date_gmt":"2023-04-24T12:07:01","guid":{"rendered":"https:\/\/senoticias.com.br\/se\/?p=136827"},"modified":"2023-04-24T09:21:35","modified_gmt":"2023-04-24T12:21:35","slug":"governador-entrega-delegacia-especializada-em-crimes-contra-concessionarias-publicas","status":"publish","type":"post","link":"https:\/\/senoticias.com.br\/se\/governador-entrega-delegacia-especializada-em-crimes-contra-concessionarias-publicas\/","title":{"rendered":"Zona de Expans\u00e3o passa a ter Delegacia Especializada em crimes contra concession\u00e1rias p\u00fablicas"},"content":{"rendered":"\n<p>O governador F\u00e1bio Mitidieri inaugurou nesta quinta-feira,20, a Delegacia Especializada de Repress\u00e3o a Crimes contra Concession\u00e1rias de Servi\u00e7o P\u00fablico (DRCSP). A solenidade aconteceu na sede da DRCSP, na Rodovia dos N\u00e1ufragos, 55, bairro Mosqueiro, Zona Sul da capital. Na oportunidade, tamb\u00e9m foi reativada a 10\u00aa Delegacia Metropolitana (10\u00aa DM), da Zona de Expans\u00e3o, que funcionar\u00e1 no mesmo pr\u00e9dio.<\/p>\n\n\n\n<figure class=\"wp-block-image size-large\"><img loading=\"lazy\" decoding=\"async\" width=\"584\" height=\"298\" src=\"https:\/\/senoticias.com.br\/se\/wp-content\/uploads\/2023\/04\/Nova-delagacia-SE-Noticias.jpg\" alt=\"\" class=\"wp-image-136829\" srcset=\"https:\/\/senoticias.com.br\/se\/wp-content\/uploads\/2023\/04\/Nova-delagacia-SE-Noticias.jpg 584w, https:\/\/senoticias.com.br\/se\/wp-content\/uploads\/2023\/04\/Nova-delagacia-SE-Noticias-300x153.jpg 300w\" sizes=\"(max-width: 584px) 100vw, 584px\" \/><figcaption>Zona de Expans\u00e3o passou a contar com a Delegacia Especializada de Repress\u00e3o a Crimes contra Concession\u00e1rias de Servi\u00e7o P\u00fablico e a 10\u00aa Delegacia Metropolitana &#8211; Foto: Andr\u00e9 Moreira<\/figcaption><\/figure>\n\n\n\n<p>A DRCSP teve o investimento de R$ 1,1 milh\u00e3o e \u00e9 fruto da Parceria P\u00fablico-Privada (PPP) com a Concession\u00e1ria de energia el\u00e9trica de 63 munic\u00edpios sergipanos, a Energisa. A nova delegacia \u00e9 vinculada \u00e0 Coordenadoria de Pol\u00edcia Civil da Capital (Copcal) e o seu principal papel \u00e9 o combate a crimes de fraudes, roubos e furtos de equipamentos e fios condutores de telefonia, energia el\u00e9trica, hidr\u00e1ulico e similares, efetuados contra empresas concession\u00e1rias do servi\u00e7o p\u00fablico. A solenidade contou com a participa\u00e7\u00e3o do secret\u00e1rio de Estado da Seguran\u00e7a P\u00fablica, Jo\u00e3o Eloy, do delegado geral da Pol\u00edcia Civil, Thiago Leandro, da secret\u00e1ria de Estado da Justi\u00e7a e de Defesa do Consumidor (Sejuc), Viviane Pessoa, e do presidente da Energisa Sergipe, Roberto Currais.<\/p>\n\n\n\n<p>A DRCSP tamb\u00e9m investigar\u00e1 casos de furtos de energia el\u00e9trica, \u00e1gua, servi\u00e7os telef\u00f4nicos e de dados, os chamados &#8216;gatos&#8217;. Os casos podem ser registrados em qualquer delegacia da Pol\u00edcia Civil de Sergipe, mediante a categoriza\u00e7\u00e3o \u2018Concession\u00e1rias\u2019, no boletim de ocorr\u00eancia.<\/p>\n\n\n\n<p>Ao descerrar a placa da unidade, o governador F\u00e1bio Mitidieri falou da import\u00e2ncia da presen\u00e7a da delegacia na regi\u00e3o que mais cresce em Aracaju. &#8220;A especializada vai atender ao Mosqueiro, Matapo\u00e3, Areia Branca, S\u00e3o Jos\u00e9, entre outras localidades. \u00c9 uma regi\u00e3o que precisa, porque tem crescido muito. A popula\u00e7\u00e3o de Aracaju, hoje, tende a aumentar cada vez mais por esse lado e eu queria agradecer \u00e0 Energisa por essa parceria, que vai nos ajudar a montar uma unidade moderna, com conforto para quem trabalha. \u00c9 o tipo de parceria que a sociedade agradece e reconhece. A DRCSP vai dar mais sensa\u00e7\u00e3o de seguran\u00e7a para toda a popula\u00e7\u00e3o da zona de Expans\u00e3o&#8221;, declarou o gestor p\u00fablico.<\/p>\n\n\n\n<p>O secret\u00e1rio Jo\u00e3o Eloy lembrou da necessidade de combate a estes crimes, sobretudo pela afeta\u00e7\u00e3o \u00e0 arrecada\u00e7\u00e3o financeira estadual. &#8220;Essa unidade, al\u00e9m de cuidar da seguran\u00e7a da popula\u00e7\u00e3o da regi\u00e3o, com a 10\u00aa Delegacia Metropolitana, funcionar\u00e1 tamb\u00e9m no combate aos crimes de concession\u00e1rias p\u00fablicas, a exemplo da Energisa. Com isso, podemos evitar e diminuir o furto de energia e \u00e1gua, que d\u00e1 preju\u00edzo para o estado. Se tem furto de energia e \u00e1gua, o estado deixa de arrecadar e vai faltar dinheiro na Educa\u00e7\u00e3o, Sa\u00fade, Seguran\u00e7a. A import\u00e2ncia dessa unidade \u00e9 enorme para a Seguran\u00e7a P\u00fablica e para o povo de Sergipe&#8221;, ponderou Jo\u00e3o Eloy.<\/p>\n\n\n\n<p>O diretor-presidente da Energisa, Roberto Currais, esclareceu que entre 2020 e in\u00edcio de 2022, dos casos de furto registrados, 42% deles ocasionaram fatalidades. Ao final de 2022, esse \u00edndice subiu para 57% de casos de v\u00edtimas fatais, por tentativa de furto de cabos el\u00e9tricos. &#8220;O nosso objetivo \u00e9 trazer benef\u00edcio em prol da sociedade sergipana. Temos tr\u00eas pilares nesse projeto: o primeiro \u00e9 a parte de redu\u00e7\u00e3o de fatalidade. H\u00e1 sempre a tentativa de roubos e furtos de energia e para voc\u00eas terem uma ideia, em 2022, 57% geraram fatalidades. Ent\u00e3o, coibir essa pr\u00e1tica pode evitar vidas que s\u00e3o ceifadas no dia a dia. O segundo caso \u00e9 a parte da arrecada\u00e7\u00e3o. Em 2022 o volume de energia furtado conseguiria suportar o munic\u00edpio de Itaporanga durante um ano. N\u00f3s estamos falando de R$ 11 milh\u00f5es de ICMS que deixam de ser arrecadados por ano, que poderiam ser muito bem utilizados na Educa\u00e7\u00e3o, Sa\u00fade e na pr\u00f3pria Seguran\u00e7a. E tamb\u00e9m buscamos uma tarifa cada vez mais eficiente. Quer dizer, quanto menos roubo, menos furto tiver de energia, menos os bons pagadores sergipanos arcam por aqueles que querem usufruir alguma vantagem indevida neste caso. A coibi\u00e7\u00e3o \u00e0 fraude ajuda no final do dia a ter uma tarifa menor para os sergipanos&#8221;, concluiu.<\/p>\n\n\n\n<p><strong>Estrutura<\/strong><\/p>\n\n\n\n<p>Ap\u00f3s o descerramento da placa que oficializou a entrega da delegacia, na presen\u00e7a de for\u00e7as de seguran\u00e7a do estado, parlamentares, secret\u00e1rios de estado e jornalistas, o governador convidou todos para uma visita \u00e0s instala\u00e7\u00f5es.<\/p>\n\n\n\n<p>No t\u00e9rreo do pr\u00e9dio h\u00e1 o local onde os agentes far\u00e3o os registros, duas celas e recep\u00e7\u00e3o ao p\u00fablico. No piso superior est\u00e3o os alojamentos para seis agentes, mobiliados com camas e arm\u00e1rios. H\u00e1 tamb\u00e9m vesti\u00e1rios masculino e feminino com chuveiro, uma copa para as refei\u00e7\u00f5es e os gabinetes dos delegados e escriv\u00e3es. Tanto o gabinete da DRCSP, quanto o da 10\u00aa Delegacia Metropolitana funcionar\u00e3o lado a lado, no mesmo andar superior.<\/p>\n\n\n\n<p><em><strong>Acompanhe tamb\u00e9m o SE Not\u00edcias no\u00a0<a rel=\"noreferrer noopener\" href=\"https:\/\/twitter.com\/Senoticias\" target=\"_blank\">Twitter<\/a>,\u00a0<a rel=\"noreferrer noopener\" href=\"https:\/\/www.facebook.com\/senoticias1\" target=\"_blank\">Facebook<\/a>\u00a0e no\u00a0<a rel=\"noreferrer noopener\" href=\"https:\/\/www.instagram.com\/senoticias\/\" target=\"_blank\">Instagram<\/a><\/strong><\/em><\/p>\n\n\n\n<p>Fonte: Ag\u00eancia Sergipe de Not\u00edcias<\/p>\n","protected":false},"excerpt":{"rendered":"<p>O governador F\u00e1bio Mitidieri inaugurou nesta quinta-feira,20, a Delegacia Especializada de Repress\u00e3o a Crimes contra Concession\u00e1rias de Servi\u00e7o P\u00fablico (DRCSP). A solenidade aconteceu na sede da DRCSP, na Rodovia dos N\u00e1ufragos, 55, bairro Mosqueiro, Zona Sul da capital. Na oportunidade, tamb\u00e9m foi reativada a 10\u00aa Delegacia Metropolitana (10\u00aa DM), da Zona de Expans\u00e3o, que funcionar\u00e1 [&hellip;]<\/p>\n","protected":false},"author":6557,"featured_media":0,"comment_status":"closed","ping_status":"closed","sticky":false,"template":"","format":"standard","meta":{"footnotes":""},"categories":[15,7,1],"tags":[38786,38787,5965],"class_list":{"0":"post-136827","1":"post","2":"type-post","3":"status-publish","4":"format-standard","6":"category-destaques","7":"category-policia","8":"category-sem-categoria","9":"tag-nova-delegacia","10":"tag-secretario-joao-eloy","11":"tag-zona-de-expansao-de-aracaju"},"_links":{"self":[{"href":"https:\/\/senoticias.com.br\/se\/wp-json\/wp\/v2\/posts\/136827"}],"collection":[{"href":"https:\/\/senoticias.com.br\/se\/wp-json\/wp\/v2\/posts"}],"about":[{"href":"https:\/\/senoticias.com.br\/se\/wp-json\/wp\/v2\/types\/post"}],"author":[{"embeddable":true,"href":"https:\/\/senoticias.com.br\/se\/wp-json\/wp\/v2\/users\/6557"}],"replies":[{"embeddable":true,"href":"https:\/\/senoticias.com.br\/se\/wp-json\/wp\/v2\/comments?post=136827"}],"version-history":[{"count":0,"href":"https:\/\/senoticias.com.br\/se\/wp-json\/wp\/v2\/posts\/136827\/revisions"}],"wp:attachment":[{"href":"https:\/\/senoticias.com.br\/se\/wp-json\/wp\/v2\/media?parent=136827"}],"wp:term":[{"taxonomy":"category","embeddable":true,"href":"https:\/\/senoticias.com.br\/se\/wp-json\/wp\/v2\/categories?post=136827"},{"taxonomy":"post_tag","embeddable":true,"href":"https:\/\/senoticias.com.br\/se\/wp-json\/wp\/v2\/tags?post=136827"}],"curies":[{"name":"wp","href":"https:\/\/api.w.org\/{rel}","templated":true}]}}