{"id":136803,"date":"2023-04-20T12:09:58","date_gmt":"2023-04-20T15:09:58","guid":{"rendered":"https:\/\/senoticias.com.br\/se\/?p=136803"},"modified":"2023-04-20T12:13:00","modified_gmt":"2023-04-20T15:13:00","slug":"dia-de-tiradentes-feriado-altera-funcionamento-de-servicos-e-estabelecimentos-comerciais-em-sergipe","status":"publish","type":"post","link":"https:\/\/senoticias.com.br\/se\/dia-de-tiradentes-feriado-altera-funcionamento-de-servicos-e-estabelecimentos-comerciais-em-sergipe\/","title":{"rendered":"Dia de Tiradentes: feriado altera funcionamento de servi\u00e7os e estabelecimentos comerciais em Sergipe"},"content":{"rendered":"\n<p>O Dia de Tiradentes ser\u00e1 celebrado nesta sexta-feira (21). Devido ao feriado nacional prolongado, haver\u00e1 altera\u00e7\u00e3o no funcionamento de alguns servi\u00e7os, \u00f3rg\u00e3os p\u00fablicos e estabelecimentos comerciais em Sergipe.<\/p>\n\n\n\n<figure class=\"wp-block-image size-large\"><img loading=\"lazy\" decoding=\"async\" width=\"585\" height=\"450\" src=\"https:\/\/senoticias.com.br\/se\/wp-content\/uploads\/2021\/12\/Centro-Comercial-SE-Noticias.jpg\" alt=\"\" class=\"wp-image-130773\" srcset=\"https:\/\/senoticias.com.br\/se\/wp-content\/uploads\/2021\/12\/Centro-Comercial-SE-Noticias.jpg 585w, https:\/\/senoticias.com.br\/se\/wp-content\/uploads\/2021\/12\/Centro-Comercial-SE-Noticias-300x231.jpg 300w, https:\/\/senoticias.com.br\/se\/wp-content\/uploads\/2021\/12\/Centro-Comercial-SE-Noticias-45x35.jpg 45w\" sizes=\"(max-width: 585px) 100vw, 585px\" \/><figcaption>O Portal A8SE preparou uma lista com as mudan\u00e7as que ocorrem no feriad\u00e3o. <\/figcaption><\/figure>\n\n\n\n<p>A Reda\u00e7\u00e3o do Portal A8SE preparou uma lista dos locais que estar\u00e3o abertos e fechados neste fim de semana.<\/p>\n\n\n\n<p><strong>Servi\u00e7os<\/strong><\/p>\n\n\n\n<p><strong>Bancos<\/strong><\/p>\n\n\n\n<p>De acordo com a Federa\u00e7\u00e3o Brasileira de Bancos, as ag\u00eancias n\u00e3o ter\u00e3o expediente no feriado.<\/p>\n\n\n\n<p><strong>Supermercados<\/strong><\/p>\n\n\n\n<p>Segundo a Associa\u00e7\u00e3o Sergipana de Supermercados, os supermercados podem funcionar normalmente. O hor\u00e1rio de abertura e fechamento \u00e9 definido por cada rede.<\/p>\n\n\n\n<p><strong>Mercados e feiras livres (Aracaju)<\/strong><\/p>\n\n\n\n<p>Os mercados centrais Ant\u00f4nio Franco, Thales Ferraz e Maria Virg\u00ednia Leite Franco da capital, assim como os setoriais (bairros), seguem o funcionamento normal de feriado, das 6h \u00e0s 12h.<\/p>\n\n\n\n<p>As feiras livres tamb\u00e9m mant\u00eam o hor\u00e1rio normal.<\/p>\n\n\n\n<p><strong>Ceasa (Aracaju)<\/strong><\/p>\n\n\n\n<p>A Central de Abastecimento de Sergipe (Ceasa) funciona em hor\u00e1rio reduzido, das 3h \u00e0s 13h.<\/p>\n\n\n\n<p><strong>Centro comercial (Aracaju)<\/strong><\/p>\n\n\n\n<p>A C\u00e2mara dos Dirigentes Lojistas (CDL) informou que algumas lojas do centro comercial ir\u00e3o abrir das 8h \u00e0s 14h. O funcionamento \u00e9 opcional.<\/p>\n\n\n\n<p><strong>Shoppings<\/strong><\/p>\n\n\n\n<ul class=\"wp-block-list\"><li>Aracaju Parque Shopping (Capital): pra\u00e7a de alimenta\u00e7\u00e3o e entretenimento funcionam das 12h \u00e0s 22h; lojas \u00e2ncoras e megalojas funcionam das 13h \u00e0s 21h; lojas sat\u00e9lites e quiosques das 14h \u00e0s 20h.<\/li><li>Jardins e Riomar (Capital): pra\u00e7as de alimenta\u00e7\u00e3o, restaurantes e opera\u00e7\u00f5es de lazer funcionam das 10h \u00e0s 22h; grandes marcas das 13h \u00e0s 21h; demais lojas e quiosques das 14h \u00e0s 20h.<\/li><li>Pr\u00eamio (Nossa Senhora do Socorro): pra\u00e7a de alimenta\u00e7\u00e3o funciona das 12h \u00e0s 22h; lojas e quiosques das 14h \u00e0s 20h.<\/li><li>Peixoto (Itabaiana): pra\u00e7a de alimenta\u00e7\u00e3o funciona das 12h \u00e0s 22h; lojas \u00e2ncoras das 13h \u00e0s 21h; lojas sat\u00e9lites das 14h \u00e0s 20h; supermercado das 10h \u00e0s 21h.<\/li><li>Lazer (Aracaju)<\/li><\/ul>\n\n\n\n<ul class=\"wp-block-list\"><li>O Parque Governador Augusto Franco (Sementeira), no Bairro Jardins, abre para atividades de lazer das 5h \u00e0s 21h30.<\/li><li>O Parque Ecol\u00f3gico Poxim, no In\u00e1cio Barbosa, funciona normalmente das 6h \u00e0s 18h;<\/li><li>O Centro de Artesanato Chica Chaves, no Bairro Industrial, estar\u00e1 aberto ao p\u00fablico das 9h \u00e0s 16h;<\/li><li>Os servi\u00e7os de embarque e desembarque na Orla P\u00f4r do Sol (Mosqueiro) ocorrer\u00e3o sem qualquer altera\u00e7\u00e3o, das 8h \u00e0s 17h.<\/li><li>Sa\u00fade (Aracaju)<\/li><\/ul>\n\n\n\n<ul class=\"wp-block-list\"><li>Apenas as urg\u00eancias dos hospitais municipais Fernando Franco e Nestor Piva estar\u00e3o abertas para atendimento m\u00e9dico, com servi\u00e7o 24 horas (incluindo atendimento aos casos de s\u00edndromes gripais).<\/li><li>A sede administrativa da Secretaria Municipal da Sa\u00fade e Unidades B\u00e1sicas de Sa\u00fade estar\u00e3o fechadas.<\/li><li>A vacina\u00e7\u00e3o nos shoppings ocorre at\u00e9 quinta (20), das 10h \u00e0s 16h, e retoma na segunda (24).<\/li><li>Os atendimentos do Programa Ver a Vida tamb\u00e9m ser\u00e3o suspensos.<\/li><li>Na Rede de Aten\u00e7\u00e3o Psicossocial (Reaps), o atendimento dos Centros de Aten\u00e7\u00e3o Psicossocial (Caps) segue de porta aberta, entretanto, apenas com acolhimento noturno dos usu\u00e1rios j\u00e1 em acompanhamento.<\/li><li>O Centro de Especialidades M\u00e9dicas (Cemar Siqueira Campos), inserido na Rede de Atendimento Especializado (Reae) n\u00e3o funciona nos finais de semana e feriados.<\/li><li>J\u00e1 a urg\u00eancia odontol\u00f3gica funciona todos os dias, 24 horas, no Centro de Especialidades Odontol\u00f3gicas, localizado na Rua Carlos Pereira de Melo, 450, Farol\u00e2ndia.<\/li><li>O Centro de Atendimento e Triagem a S\u00edndrome Gripal funciona em hor\u00e1rio especial na sexta, s\u00e1bado e domingo, das 7h \u00e0s 19h, e retorna na segunda no expediente normal, das 7h \u00e0s 13h.<\/li><\/ul>\n\n\n\n<p><em><strong>Acompanhe tamb\u00e9m o SE Not\u00edcias no&nbsp;<a rel=\"noreferrer noopener\" href=\"https:\/\/twitter.com\/Senoticias\" target=\"_blank\">Twitter<\/a>,&nbsp;<a rel=\"noreferrer noopener\" href=\"https:\/\/www.facebook.com\/senoticias1\" target=\"_blank\">Facebook<\/a>&nbsp;e no&nbsp;<a rel=\"noreferrer noopener\" href=\"https:\/\/www.instagram.com\/senoticias\/\" target=\"_blank\">Instagram<\/a><\/strong><\/em><\/p>\n\n\n\n<p>Fonte: A8 SE<\/p>\n","protected":false},"excerpt":{"rendered":"<p>O Dia de Tiradentes ser\u00e1 celebrado nesta sexta-feira (21). Devido ao feriado nacional prolongado, haver\u00e1 altera\u00e7\u00e3o no funcionamento de alguns servi\u00e7os, \u00f3rg\u00e3os p\u00fablicos e estabelecimentos comerciais em Sergipe. A Reda\u00e7\u00e3o do Portal A8SE preparou uma lista dos locais que estar\u00e3o abertos e fechados neste fim de semana. Servi\u00e7os Bancos De acordo com a Federa\u00e7\u00e3o Brasileira [&hellip;]<\/p>\n","protected":false},"author":6557,"featured_media":0,"comment_status":"closed","ping_status":"closed","sticky":false,"template":"","format":"standard","meta":{"footnotes":""},"categories":[15,21],"tags":[9664,2823],"class_list":{"0":"post-136803","1":"post","2":"type-post","3":"status-publish","4":"format-standard","6":"category-destaques","7":"category-entretenimento","8":"tag-dia-de-tiradentes","9":"tag-feriado"},"_links":{"self":[{"href":"https:\/\/senoticias.com.br\/se\/wp-json\/wp\/v2\/posts\/136803"}],"collection":[{"href":"https:\/\/senoticias.com.br\/se\/wp-json\/wp\/v2\/posts"}],"about":[{"href":"https:\/\/senoticias.com.br\/se\/wp-json\/wp\/v2\/types\/post"}],"author":[{"embeddable":true,"href":"https:\/\/senoticias.com.br\/se\/wp-json\/wp\/v2\/users\/6557"}],"replies":[{"embeddable":true,"href":"https:\/\/senoticias.com.br\/se\/wp-json\/wp\/v2\/comments?post=136803"}],"version-history":[{"count":0,"href":"https:\/\/senoticias.com.br\/se\/wp-json\/wp\/v2\/posts\/136803\/revisions"}],"wp:attachment":[{"href":"https:\/\/senoticias.com.br\/se\/wp-json\/wp\/v2\/media?parent=136803"}],"wp:term":[{"taxonomy":"category","embeddable":true,"href":"https:\/\/senoticias.com.br\/se\/wp-json\/wp\/v2\/categories?post=136803"},{"taxonomy":"post_tag","embeddable":true,"href":"https:\/\/senoticias.com.br\/se\/wp-json\/wp\/v2\/tags?post=136803"}],"curies":[{"name":"wp","href":"https:\/\/api.w.org\/{rel}","templated":true}]}}