{"id":136797,"date":"2023-04-19T19:08:48","date_gmt":"2023-04-19T22:08:48","guid":{"rendered":"https:\/\/senoticias.com.br\/se\/?p=136797"},"modified":"2023-04-19T19:25:34","modified_gmt":"2023-04-19T22:25:34","slug":"idoso-e-suspeito-de-estuprar-adolescente-com-deficiencia-mental-no-interior-de-sergipe","status":"publish","type":"post","link":"https:\/\/senoticias.com.br\/se\/idoso-e-suspeito-de-estuprar-adolescente-com-deficiencia-mental-no-interior-de-sergipe\/","title":{"rendered":"Idoso \u00e9 suspeito de estuprar adolescente com defici\u00eancia mental no interior de Sergipe"},"content":{"rendered":"\n<p>A Delegacia Regional de Carira prendeu um idoso de 68 anos de idade pelo crime de estupro de vulner\u00e1vel. A a\u00e7\u00e3o ocorreu nesta quarta-feira, 19, na cidade de Carira, distante 110 Km de Aracaju.<\/p>\n\n\n\n<p>Segundo o delegado Samuel Oliveira, que esteve \u00e0 frente da investiga\u00e7\u00e3o, a v\u00edtima \u00e9 uma pessoa com defici\u00eancia mental e \u00e9 menor de idade. Ainda de acordo com ele, o investigado ia at\u00e9 a casa da adolescente praticar atos libidinosos e foi filmado por c\u00e2meras de seguran\u00e7a da rua.<\/p>\n\n\n\n<figure class=\"wp-block-image size-large\"><img loading=\"lazy\" decoding=\"async\" width=\"599\" height=\"447\" src=\"https:\/\/senoticias.com.br\/se\/wp-content\/uploads\/2023\/04\/Policia-Civil-se-noticias.png\" alt=\"\" class=\"wp-image-136799\" srcset=\"https:\/\/senoticias.com.br\/se\/wp-content\/uploads\/2023\/04\/Policia-Civil-se-noticias.png 599w, https:\/\/senoticias.com.br\/se\/wp-content\/uploads\/2023\/04\/Policia-Civil-se-noticias-300x224.png 300w, https:\/\/senoticias.com.br\/se\/wp-content\/uploads\/2023\/04\/Policia-Civil-se-noticias-45x35.png 45w\" sizes=\"(max-width: 599px) 100vw, 599px\" \/><figcaption>Segundo a Pol\u00edcia Civil, o investigado foi filmado por c\u00e2meras de seguran\u00e7a indo \u00e0 casa da v\u00edtima &#8211; Foto: SSP\/SE<\/figcaption><\/figure>\n\n\n\n<p>A pol\u00edcia realizou diversas dilig\u00eancias, para elucidar o caso, e aguarda o resultado do laudo do Instituto M\u00e9dico Legal, visando completar a investiga\u00e7\u00e3o.<\/p>\n\n\n\n<p>Ap\u00f3s o cumprimento do mandado de pris\u00e3o, o suspeito ser\u00e1 encaminhado para o Poder Judici\u00e1rio, onde ficar\u00e1 \u00e0 disposi\u00e7\u00e3o da Justi\u00e7a para os procedimentos necess\u00e1rios.<\/p>\n\n\n\n<p>Informa\u00e7\u00f5es sobre crimes podem ser repassadas pelo Disque-Den\u00fancia da Pol\u00edcia Civil, 181. O sigilo \u00e9 garantido.<\/p>\n","protected":false},"excerpt":{"rendered":"<p>A Delegacia Regional de Carira prendeu um idoso de 68 anos de idade pelo crime de estupro de vulner\u00e1vel. A a\u00e7\u00e3o ocorreu nesta quarta-feira, 19, na cidade de Carira, distante 110 Km de Aracaju. Segundo o delegado Samuel Oliveira, que esteve \u00e0 frente da investiga\u00e7\u00e3o, a v\u00edtima \u00e9 uma pessoa com defici\u00eancia mental e \u00e9 [&hellip;]<\/p>\n","protected":false},"author":6557,"featured_media":0,"comment_status":"closed","ping_status":"closed","sticky":false,"template":"","format":"standard","meta":{"footnotes":""},"categories":[15,7],"tags":[13582,858,78],"class_list":{"0":"post-136797","1":"post","2":"type-post","3":"status-publish","4":"format-standard","6":"category-destaques","7":"category-policia","8":"tag-delegacia-regional-de-carira","9":"tag-estupro","10":"tag-policia-civil"},"_links":{"self":[{"href":"https:\/\/senoticias.com.br\/se\/wp-json\/wp\/v2\/posts\/136797"}],"collection":[{"href":"https:\/\/senoticias.com.br\/se\/wp-json\/wp\/v2\/posts"}],"about":[{"href":"https:\/\/senoticias.com.br\/se\/wp-json\/wp\/v2\/types\/post"}],"author":[{"embeddable":true,"href":"https:\/\/senoticias.com.br\/se\/wp-json\/wp\/v2\/users\/6557"}],"replies":[{"embeddable":true,"href":"https:\/\/senoticias.com.br\/se\/wp-json\/wp\/v2\/comments?post=136797"}],"version-history":[{"count":0,"href":"https:\/\/senoticias.com.br\/se\/wp-json\/wp\/v2\/posts\/136797\/revisions"}],"wp:attachment":[{"href":"https:\/\/senoticias.com.br\/se\/wp-json\/wp\/v2\/media?parent=136797"}],"wp:term":[{"taxonomy":"category","embeddable":true,"href":"https:\/\/senoticias.com.br\/se\/wp-json\/wp\/v2\/categories?post=136797"},{"taxonomy":"post_tag","embeddable":true,"href":"https:\/\/senoticias.com.br\/se\/wp-json\/wp\/v2\/tags?post=136797"}],"curies":[{"name":"wp","href":"https:\/\/api.w.org\/{rel}","templated":true}]}}