{"id":136795,"date":"2023-04-19T17:42:54","date_gmt":"2023-04-19T20:42:54","guid":{"rendered":"https:\/\/senoticias.com.br\/se\/?p=136795"},"modified":"2023-04-19T17:43:01","modified_gmt":"2023-04-19T20:43:01","slug":"policia-civil-flagra-estelionatarios-por-venda-de-celulares-falsificados-em-itabaiana","status":"publish","type":"post","link":"https:\/\/senoticias.com.br\/se\/policia-civil-flagra-estelionatarios-por-venda-de-celulares-falsificados-em-itabaiana\/","title":{"rendered":"Pol\u00edcia Civil flagra estelionat\u00e1rios por venda de celulares falsificados em Itabaiana"},"content":{"rendered":"\n<p>A Delegacia Regional de Itabaiana prendeu dois suspeitos de vender celulares falsificados, utilizando documentos falsos. A a\u00e7\u00e3o ocorreu na tarde desta ter\u00e7a-feira, 18, no munic\u00edpio de Itabaiana.<\/p>\n\n\n\n<figure class=\"wp-block-image size-large\"><img decoding=\"async\" src=\"https:\/\/senoticias.com.br\/se\/wp-content\/uploads\/2023\/04\/images-46.jpeg\" alt=\"\" class=\"wp-image-136796\"\/><figcaption>Suspeitos tamb\u00e9m aplicaram golpe em Aracaju<\/figcaption><\/figure>\n\n\n\n<p>De acordo com as informa\u00e7\u00f5es policiais, os estelionat\u00e1rios&nbsp;compravam aparelhos celulares falsos de \u00faltima gera\u00e7\u00e3o, a baixo custo, e vendiam para as v\u00edtimas como se fossem originais, com a caixa e a nota fiscal falsificada. Para justificar o pre\u00e7o baixo dos produtos, os suspeitos diziam que os aparelhos eram seminovos.<\/p>\n\n\n\n<p>Ap\u00f3s diversas dilig\u00eancias, os investigados foram localizados enquanto ofereciam um dos aparelhos para uma poss\u00edvel v\u00edtima em Itabaiana. No momento da abordagem policial, os policiais solicitaram a nota fiscal do aparelho celular e constataram a fraude, pois tratava-se de um documento falso.<\/p>\n\n\n\n<p>A dupla tamb\u00e9m atuou em Aracaju. Segundo levantamentos realizados, h\u00e1 registros de ocorr\u00eancia na capital em que as v\u00edtimas alegam ter comprado celular e depois percebido que era falsificado.<\/p>\n\n\n\n<p>Os homens foram levados \u00e0 unidade policial, um deles confessou a pr\u00e1tica do crime enquanto o outro permaneceu em sil\u00eancio.<\/p>\n\n\n\n<p>A Pol\u00edcia Civil solicita que informa\u00e7\u00f5es sobre este e outros crimes sejam repassadas por meio do Disque-Den\u00fancia, no telefone 181. O sigilo da fonte \u00e9 garantido.<\/p>\n\n\n\n<p><em><strong>Acompanhe tamb\u00e9m o SE Not\u00edcias no&nbsp;<a rel=\"noreferrer noopener\" href=\"https:\/\/twitter.com\/Senoticias\" target=\"_blank\">Twitter<\/a>,&nbsp;<a rel=\"noreferrer noopener\" href=\"https:\/\/www.facebook.com\/senoticias1\" target=\"_blank\">Facebook<\/a>&nbsp;e no&nbsp;<a rel=\"noreferrer noopener\" href=\"https:\/\/www.instagram.com\/senoticias\/\" target=\"_blank\">Instagram<\/a><\/strong><\/em><\/p>\n\n\n\n<p>Fonte: SSP\/SE<\/p>\n","protected":false},"excerpt":{"rendered":"<p>A Delegacia Regional de Itabaiana prendeu dois suspeitos de vender celulares falsificados, utilizando documentos falsos. A a\u00e7\u00e3o ocorreu na tarde desta ter\u00e7a-feira, 18, no munic\u00edpio de Itabaiana. De acordo com as informa\u00e7\u00f5es policiais, os estelionat\u00e1rios&nbsp;compravam aparelhos celulares falsos de \u00faltima gera\u00e7\u00e3o, a baixo custo, e vendiam para as v\u00edtimas como se fossem originais, com a [&hellip;]<\/p>\n","protected":false},"author":6557,"featured_media":0,"comment_status":"closed","ping_status":"closed","sticky":false,"template":"","format":"standard","meta":{"footnotes":""},"categories":[15,7],"tags":[38777,5443,236,16984],"class_list":{"0":"post-136795","1":"post","2":"type-post","3":"status-publish","4":"format-standard","6":"category-destaques","7":"category-policia","8":"tag-celulares-falsificados","9":"tag-estelionatarios","10":"tag-itabaiana","11":"tag-policia-civil-2"},"_links":{"self":[{"href":"https:\/\/senoticias.com.br\/se\/wp-json\/wp\/v2\/posts\/136795"}],"collection":[{"href":"https:\/\/senoticias.com.br\/se\/wp-json\/wp\/v2\/posts"}],"about":[{"href":"https:\/\/senoticias.com.br\/se\/wp-json\/wp\/v2\/types\/post"}],"author":[{"embeddable":true,"href":"https:\/\/senoticias.com.br\/se\/wp-json\/wp\/v2\/users\/6557"}],"replies":[{"embeddable":true,"href":"https:\/\/senoticias.com.br\/se\/wp-json\/wp\/v2\/comments?post=136795"}],"version-history":[{"count":0,"href":"https:\/\/senoticias.com.br\/se\/wp-json\/wp\/v2\/posts\/136795\/revisions"}],"wp:attachment":[{"href":"https:\/\/senoticias.com.br\/se\/wp-json\/wp\/v2\/media?parent=136795"}],"wp:term":[{"taxonomy":"category","embeddable":true,"href":"https:\/\/senoticias.com.br\/se\/wp-json\/wp\/v2\/categories?post=136795"},{"taxonomy":"post_tag","embeddable":true,"href":"https:\/\/senoticias.com.br\/se\/wp-json\/wp\/v2\/tags?post=136795"}],"curies":[{"name":"wp","href":"https:\/\/api.w.org\/{rel}","templated":true}]}}