{"id":136780,"date":"2023-04-18T18:43:26","date_gmt":"2023-04-18T21:43:26","guid":{"rendered":"https:\/\/senoticias.com.br\/se\/?p=136780"},"modified":"2023-04-18T18:43:37","modified_gmt":"2023-04-18T21:43:37","slug":"aneel-aprova-reajuste-medio-para-tarifas-da-energisa-sergipe","status":"publish","type":"post","link":"https:\/\/senoticias.com.br\/se\/aneel-aprova-reajuste-medio-para-tarifas-da-energisa-sergipe\/","title":{"rendered":"Aneel aprova reajuste m\u00e9dio para tarifas da Energisa Sergipe"},"content":{"rendered":"\n<p>A diretoria da Ag\u00eancia Nacional de Energia El\u00e9trica (Aneel) aprovou nesta ter\u00e7a-feira, 18, um reajuste m\u00e9dio de 1,17% para as tarifas dos consumidores atendidos pela Energisa Sergipe. Os novos valores passam a vigorar a partir de 22 de abril.<\/p>\n\n\n\n<figure class=\"wp-block-image size-large\"><img loading=\"lazy\" decoding=\"async\" width=\"554\" height=\"396\" src=\"https:\/\/senoticias.com.br\/se\/wp-content\/uploads\/2023\/04\/Aumento-Energisa-SE-Noticias.png\" alt=\"\" class=\"wp-image-136781\" srcset=\"https:\/\/senoticias.com.br\/se\/wp-content\/uploads\/2023\/04\/Aumento-Energisa-SE-Noticias.png 554w, https:\/\/senoticias.com.br\/se\/wp-content\/uploads\/2023\/04\/Aumento-Energisa-SE-Noticias-300x214.png 300w\" sizes=\"(max-width: 554px) 100vw, 554px\" \/><figcaption>Percentual m\u00e9dio da revis\u00e3o ficou em 1,57% para os clientes residenciais &#8211; Foto: ascom\/Energisa<\/figcaption><\/figure>\n\n\n\n<p>Os efeitos, contudo, ser\u00e3o diferentes para cada grupo de consumidores. Para os atendidos em alta tens\u00e3o, como as ind\u00fastrias, haver\u00e1 uma redu\u00e7\u00e3o m\u00e9dia de 1%. J\u00e1 para os conectados em baixa tens\u00e3o, como os residenciais, haver\u00e1 um aumento m\u00e9dio de 1,91%.<\/p>\n\n\n\n<p>Os porcentuais comp\u00f5em o processo de revis\u00e3o tarif\u00e1ria, que contempla uma an\u00e1lise completa dos componentes das tarifas e dos par\u00e2metros que envolvem a opera\u00e7\u00e3o e o equil\u00edbrio econ\u00f4mico da concess\u00e3o. Esses processos s\u00e3o feitos a cada quatro ou cinco anos.<\/p>\n\n\n\n<p><em><strong>Acompanhe tamb\u00e9m o SE Not\u00edcias no\u00a0<a rel=\"noreferrer noopener\" href=\"https:\/\/twitter.com\/Senoticias\" target=\"_blank\">Twitter<\/a>,\u00a0<a rel=\"noreferrer noopener\" href=\"https:\/\/www.facebook.com\/senoticias1\" target=\"_blank\">Facebook<\/a>\u00a0e no\u00a0<a rel=\"noreferrer noopener\" href=\"https:\/\/www.instagram.com\/senoticias\/\" target=\"_blank\">Instagram<\/a><\/strong><\/em><\/p>\n\n\n\n<p><em>Fonte: Estad\u00e3o<\/em><\/p>\n","protected":false},"excerpt":{"rendered":"<p>A diretoria da Ag\u00eancia Nacional de Energia El\u00e9trica (Aneel) aprovou nesta ter\u00e7a-feira, 18, um reajuste m\u00e9dio de 1,17% para as tarifas dos consumidores atendidos pela Energisa Sergipe. Os novos valores passam a vigorar a partir de 22 de abril. Os efeitos, contudo, ser\u00e3o diferentes para cada grupo de consumidores. Para os atendidos em alta tens\u00e3o, [&hellip;]<\/p>\n","protected":false},"author":6557,"featured_media":0,"comment_status":"closed","ping_status":"closed","sticky":false,"template":"","format":"standard","meta":{"footnotes":""},"categories":[15,6],"tags":[4817,38769,14438],"class_list":{"0":"post-136780","1":"post","2":"type-post","3":"status-publish","4":"format-standard","6":"category-destaques","7":"category-politica","8":"tag-aumento-da-tarifa","9":"tag-aumento-energisa","10":"tag-energisa-sergipe"},"_links":{"self":[{"href":"https:\/\/senoticias.com.br\/se\/wp-json\/wp\/v2\/posts\/136780"}],"collection":[{"href":"https:\/\/senoticias.com.br\/se\/wp-json\/wp\/v2\/posts"}],"about":[{"href":"https:\/\/senoticias.com.br\/se\/wp-json\/wp\/v2\/types\/post"}],"author":[{"embeddable":true,"href":"https:\/\/senoticias.com.br\/se\/wp-json\/wp\/v2\/users\/6557"}],"replies":[{"embeddable":true,"href":"https:\/\/senoticias.com.br\/se\/wp-json\/wp\/v2\/comments?post=136780"}],"version-history":[{"count":0,"href":"https:\/\/senoticias.com.br\/se\/wp-json\/wp\/v2\/posts\/136780\/revisions"}],"wp:attachment":[{"href":"https:\/\/senoticias.com.br\/se\/wp-json\/wp\/v2\/media?parent=136780"}],"wp:term":[{"taxonomy":"category","embeddable":true,"href":"https:\/\/senoticias.com.br\/se\/wp-json\/wp\/v2\/categories?post=136780"},{"taxonomy":"post_tag","embeddable":true,"href":"https:\/\/senoticias.com.br\/se\/wp-json\/wp\/v2\/tags?post=136780"}],"curies":[{"name":"wp","href":"https:\/\/api.w.org\/{rel}","templated":true}]}}